{"id":1089,"date":"2024-08-16T17:41:03","date_gmt":"2024-08-16T15:41:03","guid":{"rendered":"https:\/\/www.kananas.com\/meusevergerstraditions\/?p=1089"},"modified":"2024-08-24T09:26:20","modified_gmt":"2024-08-24T07:26:20","slug":"premier-bilan-2024-dans-nos-vergers-et-la-suite","status":"publish","type":"post","link":"https:\/\/www.kananas.com\/meusevergerstraditions\/2024\/08\/16\/premier-bilan-2024-dans-nos-vergers-et-la-suite\/","title":{"rendered":"Premier bilan 2024 dans nos vergers et la suite &#8230;"},"content":{"rendered":"<p>Views: 11<\/p><p><strong>En forme de premier bilan de l\u2019ann\u00e9e 2024 sur les actions men\u00e9es dans nos vergers et les prochains rendez-vous :<br \/><\/strong><\/p>\n<h3><strong><span style=\"color: #3366ff\">Des travaux qui commencent \u00e0 porter leurs fruits<\/span>.<\/strong><\/h3>\n<p style=\"text-align: justify\">Les divers travaux r\u00e9alis\u00e9s dans nos vergers familiaux cet hiver et au printemps, notamment en taille de restauration, taille de fructification commencent \u00e0 porter leurs fruits (voir l&rsquo;article : Formation \u00e0 la taille technique AREFE <a href=\"https:\/\/www.kananas.com\/meusevergerstraditions\/2023\/12\/16\/bilan-formation-taille-technique-arefe\/\">\u2018cliquez ici\u2019<\/a> ). A certains \u00e9gards, la pluviom\u00e9trie de cet hiver fut b\u00e9n\u00e9fique \u00e0 un retour vers des r\u00e9coltes plus g\u00e9n\u00e9reuses, compensant quelques ann\u00e9es d&rsquo;une d\u00e9ficience en pluviom\u00e9trique et r\u00e9hydratant des sols ass\u00e9ch\u00e9s. Une des cons\u00e9quences : les 3 derni\u00e8res ann\u00e9es avaient vu des arbres avec des charpenti\u00e8res compl\u00e9tement dess\u00e9ch\u00e9es, les arbres se prot\u00e9geant. N&rsquo;oublions pas non plus les d\u00e9g\u00e2ts caus\u00e9s ce printemps par des gel\u00e9es tardives sur la floraison, sur la nouaison, ni l\u2019affaiblissement de certains arbres qui souffrent des cons\u00e9quences du changement climatique. Ainsi, c&rsquo;est avec des r\u00e9sistances amoindries, et donc une pr\u00e9disposition accrue aux maladies et pr\u00e9dations de tous genres, auxquels nos arbres sont de plus en plus expos\u00e9s, qu&rsquo;il nous faut maintenant composer et peut-\u00eatre maintenant plus que par le pass\u00e9. S&rsquo;int\u00e9resser de plus pr\u00e8s \u00e0 la sant\u00e9 de nos arbres et des mesures \u00e0 mettre en place pour la pr\u00e9server est devenu une priorit\u00e9 !<\/p>\n<h3><span style=\"color: #3366ff\">Prochaine \u00e9tape :<\/span><\/h3>\n<p>Un arbre se nourrit, respire, transpire, se reproduit, vieillit, peut tomber malade et tout naturellement un jour disparait. Sachons apporter aux arbres de nos vergers les soins qu\u2019ils m\u00e9ritent dans le respect de la biodiversit\u00e9. Ils sauront bien nous le rendre.<\/p>\n<p style=\"text-align: justify\">Pour cela, apr\u00e8s avoir engag\u00e9 les premi\u00e8res actions de formation sur la taille technique des arbres, c&rsquo;est maintenant le grand sujet de la maladie des arbres, de l\u2019action des nuisibles et la fa\u00e7on de s\u2019en prot\u00e9ger qui s&rsquo;ouvre.\u00a0 Ce sujet qui devient maintenant prioritaire est mis\u00a0 au programme de la fin de cette ann\u00e9e et de 2025! Dans ce cadre et avec FREDON Grand Est nous r\u00e9it\u00e9rons nos invitations \u00e0 participez aux Rendez-vous &lsquo;Bout de Parcelle&rsquo; qui vont prochainement se d\u00e9rouler sous les c\u00f4tes de Meuse ! En effet, c\u2019est \u00e0 partir d\u2019observations de terrain (maladies, ravageurs et auxiliaires), de donn\u00e9es m\u00e9t\u00e9orologiques et de mod\u00e8les de pr\u00e9visions statistiques, qu\u2019un diagnostic permet d\u2019adapter les m\u00e9thodes de d\u00e9fense, prioritairement la prophylaxie et la lutte int\u00e9gr\u00e9e. Avec Fredon Grand Est, c\u2019est ainsi le d\u00e9but d\u2019un programme d&rsquo;information et de formations qui est entrain de se construire et se mettre progressivement en place.<\/p>\n<h3><span style=\"color: #3366ff\">Le prochain Rendez-vous &lsquo;Bout de Parcelle&rsquo;<\/span><\/h3>\n<p style=\"text-align: justify\">Une communication plus pr\u00e9cise vous parviendra dans les prochains jours. Notez cependant le prochain <strong>Rendez-vous &lsquo;Bout de Parcelle&rsquo; qui se tiendra le mercredi 28\/08\/2024<\/strong> \u00e0 St Maurice-sous-les-C\u00f4tes <a href=\"https:\/\/www.kananas.com\/meusevergerstraditions\/2024\/07\/08\/les-rendez-vous-bout-de-parcelle-2024-avec-fredon-grand-est\/\">\u2018Cliquez ici\u2019<\/a> pour plus d\u2019informations. A l\u2019issue de la s\u00e9ance &lsquo;Fredon&rsquo; un Barbecue rassemblera tous ceux qui souhaitent f\u00eater le Saint Louis, le Saint Patron des distillateurs.<\/p>\n<h3><span style=\"color: #3366ff\">Pour le temps pr\u00e9sent\u00a0:<\/span><\/h3>\n<p style=\"text-align: justify\">Partageons quelques photos prises lors de la r\u00e9colte de mirabelles de nos vergers sous les c\u00f4tes de Meuse. Fruit d\u00e9licat qui ne se consomme frais que quelques jours dans l&rsquo;ann\u00e9e, d\u00e9but aout, sachons transformer nos mirabelles pour en b\u00e9n\u00e9ficier tout l&rsquo;ann\u00e9e, que ce soit en confitures, sirop, nectar ou par une mise en bocaux !\u00a0<\/p>\n<p style=\"text-align: justify\">Pour la petite anecdote : cet \u00e9t\u00e9, un visiteur de passage, marcheur sur un chemin bordant un de nos verges nous aurait m\u00eame confi\u00e9 <em>\u00ab s\u2019il fallait trouver le paradis, il suffirait de venir le chercher ici !\u00a0\u00bb \u00e0 l\u2019instar du pr\u00e9, le bonheur peut aussi \u00eatre dans nos vergers !<\/em><\/p>\n<p>Bien cordialement ;<\/p>\n<p>Patrick MARTINET &#8211; Pr\u00e9sident de l&rsquo;Association Meuse Vergers Traditions<\/p>\n<figure class=\"wp-block-gallery has-nested-images columns-default is-cropped\"><\/figure>\n\n\n<figure class=\"wp-block-video\"><video height=\"478\" style=\"aspect-ratio: 848 \/ 478;\" width=\"848\" controls src=\"http:\/\/www.kananas.com\/meusevergerstraditions\/wp-content\/uploads\/sites\/2085\/2024\/08\/2024-08-12_VRG-02.mp4\"><\/video><\/figure>\n\n\n\n<div class=\"wp-block-group\"><div class=\"wp-block-group__inner-container is-layout-constrained wp-block-group-is-layout-constrained\">\n<figure class=\"wp-block-image size-large\"><img loading=\"lazy\" decoding=\"async\" width=\"1024\" height=\"726\" src=\"https:\/\/www.kananas.com\/meusevergerstraditions\/wp-content\/uploads\/sites\/2085\/2024\/08\/Recolte_2024_Mirabelles-1024x726.jpg\" alt=\"\" class=\"wp-image-1112\" srcset=\"https:\/\/www.kananas.com\/meusevergerstraditions\/wp-content\/uploads\/sites\/2085\/2024\/08\/Recolte_2024_Mirabelles-1024x726.jpg 1024w, https:\/\/www.kananas.com\/meusevergerstraditions\/wp-content\/uploads\/sites\/2085\/2024\/08\/Recolte_2024_Mirabelles-300x213.jpg 300w, https:\/\/www.kananas.com\/meusevergerstraditions\/wp-content\/uploads\/sites\/2085\/2024\/08\/Recolte_2024_Mirabelles-768x545.jpg 768w, https:\/\/www.kananas.com\/meusevergerstraditions\/wp-content\/uploads\/sites\/2085\/2024\/08\/Recolte_2024_Mirabelles-1536x1090.jpg 1536w, https:\/\/www.kananas.com\/meusevergerstraditions\/wp-content\/uploads\/sites\/2085\/2024\/08\/Recolte_2024_Mirabelles-1200x851.jpg 1200w, https:\/\/www.kananas.com\/meusevergerstraditions\/wp-content\/uploads\/sites\/2085\/2024\/08\/Recolte_2024_Mirabelles.jpg 1748w\" sizes=\"auto, (max-width: 1024px) 100vw, 1024px\" \/><\/figure>\n\n\n\n<figure class=\"wp-block-image size-large is-resized\"><img loading=\"lazy\" decoding=\"async\" width=\"498\" height=\"1024\" src=\"https:\/\/www.kananas.com\/meusevergerstraditions\/wp-content\/uploads\/sites\/2085\/2024\/08\/Cueillette-3-498x1024.jpg\" alt=\"Cueillette \u00e0 la main\n\" class=\"wp-image-1106\" style=\"width:840px;height:auto\" srcset=\"https:\/\/www.kananas.com\/meusevergerstraditions\/wp-content\/uploads\/sites\/2085\/2024\/08\/Cueillette-3-498x1024.jpg 498w, https:\/\/www.kananas.com\/meusevergerstraditions\/wp-content\/uploads\/sites\/2085\/2024\/08\/Cueillette-3-146x300.jpg 146w, https:\/\/www.kananas.com\/meusevergerstraditions\/wp-content\/uploads\/sites\/2085\/2024\/08\/Cueillette-3-768x1580.jpg 768w, https:\/\/www.kananas.com\/meusevergerstraditions\/wp-content\/uploads\/sites\/2085\/2024\/08\/Cueillette-3-747x1536.jpg 747w, https:\/\/www.kananas.com\/meusevergerstraditions\/wp-content\/uploads\/sites\/2085\/2024\/08\/Cueillette-3-996x2048.jpg 996w, https:\/\/www.kananas.com\/meusevergerstraditions\/wp-content\/uploads\/sites\/2085\/2024\/08\/Cueillette-3-1200x2469.jpg 1200w, https:\/\/www.kananas.com\/meusevergerstraditions\/wp-content\/uploads\/sites\/2085\/2024\/08\/Cueillette-3-scaled.jpg 1244w\" sizes=\"auto, (max-width: 498px) 100vw, 498px\" \/><figcaption class=\"wp-element-caption\"><em><strong>Cueillette manuelle de mirabelles pour une mise en bocaux<\/strong><\/em><\/figcaption><\/figure>\n<\/div><\/div>\n\n\n\n<figure class=\"wp-block-gallery has-nested-images columns-3 is-cropped wp-block-gallery-1 is-layout-flex wp-block-gallery-is-layout-flex\">\n<figure class=\"wp-block-image size-large\"><img loading=\"lazy\" decoding=\"async\" width=\"1024\" height=\"576\" data-id=\"1103\" src=\"https:\/\/www.kananas.com\/meusevergerstraditions\/wp-content\/uploads\/sites\/2085\/2024\/08\/Pose-de-bache-1-1024x576.jpg\" alt=\"Secouage \u00e0 la perche\" class=\"wp-image-1103\" srcset=\"https:\/\/www.kananas.com\/meusevergerstraditions\/wp-content\/uploads\/sites\/2085\/2024\/08\/Pose-de-bache-1-1024x576.jpg 1024w, https:\/\/www.kananas.com\/meusevergerstraditions\/wp-content\/uploads\/sites\/2085\/2024\/08\/Pose-de-bache-1-300x169.jpg 300w, https:\/\/www.kananas.com\/meusevergerstraditions\/wp-content\/uploads\/sites\/2085\/2024\/08\/Pose-de-bache-1-768x432.jpg 768w, https:\/\/www.kananas.com\/meusevergerstraditions\/wp-content\/uploads\/sites\/2085\/2024\/08\/Pose-de-bache-1-1536x864.jpg 1536w, https:\/\/www.kananas.com\/meusevergerstraditions\/wp-content\/uploads\/sites\/2085\/2024\/08\/Pose-de-bache-1-1200x675.jpg 1200w, https:\/\/www.kananas.com\/meusevergerstraditions\/wp-content\/uploads\/sites\/2085\/2024\/08\/Pose-de-bache-1.jpg 1600w\" sizes=\"auto, (max-width: 1024px) 100vw, 1024px\" \/><figcaption class=\"wp-element-caption\"><strong><em>secouage \u00e0 la perche <\/em><\/strong><\/figcaption><\/figure>\n\n\n\n<figure class=\"wp-block-image size-large\"><img loading=\"lazy\" decoding=\"async\" width=\"1024\" height=\"576\" data-id=\"1108\" src=\"https:\/\/www.kananas.com\/meusevergerstraditions\/wp-content\/uploads\/sites\/2085\/2024\/08\/Ramassage-2-1024x576.jpg\" alt=\"Ramassage apr\u00e8s secouage\" class=\"wp-image-1108\" srcset=\"https:\/\/www.kananas.com\/meusevergerstraditions\/wp-content\/uploads\/sites\/2085\/2024\/08\/Ramassage-2-1024x576.jpg 1024w, https:\/\/www.kananas.com\/meusevergerstraditions\/wp-content\/uploads\/sites\/2085\/2024\/08\/Ramassage-2-300x169.jpg 300w, https:\/\/www.kananas.com\/meusevergerstraditions\/wp-content\/uploads\/sites\/2085\/2024\/08\/Ramassage-2-768x432.jpg 768w, https:\/\/www.kananas.com\/meusevergerstraditions\/wp-content\/uploads\/sites\/2085\/2024\/08\/Ramassage-2-1536x864.jpg 1536w, https:\/\/www.kananas.com\/meusevergerstraditions\/wp-content\/uploads\/sites\/2085\/2024\/08\/Ramassage-2-1200x675.jpg 1200w, https:\/\/www.kananas.com\/meusevergerstraditions\/wp-content\/uploads\/sites\/2085\/2024\/08\/Ramassage-2.jpg 1600w\" sizes=\"auto, (max-width: 1024px) 100vw, 1024px\" \/><figcaption class=\"wp-element-caption\"><strong><em>Ramassage sur b\u00e2che<\/em><\/strong><\/figcaption><\/figure>\n\n\n\n<figure class=\"wp-block-image size-large\"><img loading=\"lazy\" decoding=\"async\" width=\"1024\" height=\"576\" data-id=\"1109\" src=\"https:\/\/www.kananas.com\/meusevergerstraditions\/wp-content\/uploads\/sites\/2085\/2024\/08\/Le-bonheur-est-dans-le-verger-1-1024x576.jpg\" alt=\"Le bonheur est dans le verger\n\" class=\"wp-image-1109\" srcset=\"https:\/\/www.kananas.com\/meusevergerstraditions\/wp-content\/uploads\/sites\/2085\/2024\/08\/Le-bonheur-est-dans-le-verger-1-1024x576.jpg 1024w, https:\/\/www.kananas.com\/meusevergerstraditions\/wp-content\/uploads\/sites\/2085\/2024\/08\/Le-bonheur-est-dans-le-verger-1-300x169.jpg 300w, https:\/\/www.kananas.com\/meusevergerstraditions\/wp-content\/uploads\/sites\/2085\/2024\/08\/Le-bonheur-est-dans-le-verger-1-768x432.jpg 768w, https:\/\/www.kananas.com\/meusevergerstraditions\/wp-content\/uploads\/sites\/2085\/2024\/08\/Le-bonheur-est-dans-le-verger-1-1536x864.jpg 1536w, https:\/\/www.kananas.com\/meusevergerstraditions\/wp-content\/uploads\/sites\/2085\/2024\/08\/Le-bonheur-est-dans-le-verger-1-1200x675.jpg 1200w, https:\/\/www.kananas.com\/meusevergerstraditions\/wp-content\/uploads\/sites\/2085\/2024\/08\/Le-bonheur-est-dans-le-verger-1.jpg 1600w\" sizes=\"auto, (max-width: 1024px) 100vw, 1024px\" \/><figcaption class=\"wp-element-caption\"><strong><em>Le bonheur est dans le verger !<\/em><\/strong><\/figcaption><\/figure>\n\n\n\n<figure class=\"wp-block-image size-large\"><img loading=\"lazy\" decoding=\"async\" width=\"1024\" height=\"804\" data-id=\"1110\" src=\"https:\/\/www.kananas.com\/meusevergerstraditions\/wp-content\/uploads\/sites\/2085\/2024\/08\/Valoriser-les-Fruits_2-1-1024x804.jpg\" alt=\"Transformation des fruits (Mirabelles)\" class=\"wp-image-1110\" srcset=\"https:\/\/www.kananas.com\/meusevergerstraditions\/wp-content\/uploads\/sites\/2085\/2024\/08\/Valoriser-les-Fruits_2-1-1024x804.jpg 1024w, https:\/\/www.kananas.com\/meusevergerstraditions\/wp-content\/uploads\/sites\/2085\/2024\/08\/Valoriser-les-Fruits_2-1-300x236.jpg 300w, https:\/\/www.kananas.com\/meusevergerstraditions\/wp-content\/uploads\/sites\/2085\/2024\/08\/Valoriser-les-Fruits_2-1-768x603.jpg 768w, https:\/\/www.kananas.com\/meusevergerstraditions\/wp-content\/uploads\/sites\/2085\/2024\/08\/Valoriser-les-Fruits_2-1.jpg 1183w\" sizes=\"auto, (max-width: 1024px) 100vw, 1024px\" \/><figcaption class=\"wp-element-caption\"><strong><em>Mirabelles transform\u00e9es par &lsquo;Le Pressoir de la Saulx&rsquo;<\/em><\/strong><\/figcaption><\/figure>\n<\/figure>\n","protected":false},"excerpt":{"rendered":"<p>Views: 11 En forme de premier bilan de l\u2019ann\u00e9e 2024 sur les actions men\u00e9es dans nos vergers et les prochains rendez-vous : Des travaux qui commencent \u00e0 porter leurs fruits. Les divers travaux r\u00e9alis\u00e9s dans nos vergers familiaux cet hiver et au printemps, notamment en taille de restauration, taille de fructification commencent \u00e0 porter leurs [&hellip;]<\/p>\n","protected":false},"author":2171,"featured_media":0,"comment_status":"open","ping_status":"open","sticky":false,"template":"","format":"standard","meta":{"_crdt_document":"","footnotes":""},"categories":[4],"tags":[15,14],"class_list":["post-1089","post","type-post","status-publish","format-standard","hentry","category-actualite","tag-fredon","tag-mirabelle"],"_links":{"self":[{"href":"https:\/\/www.kananas.com\/meusevergerstraditions\/wp-json\/wp\/v2\/posts\/1089","targetHints":{"allow":["GET"]}}],"collection":[{"href":"https:\/\/www.kananas.com\/meusevergerstraditions\/wp-json\/wp\/v2\/posts"}],"about":[{"href":"https:\/\/www.kananas.com\/meusevergerstraditions\/wp-json\/wp\/v2\/types\/post"}],"author":[{"embeddable":true,"href":"https:\/\/www.kananas.com\/meusevergerstraditions\/wp-json\/wp\/v2\/users\/2171"}],"replies":[{"embeddable":true,"href":"https:\/\/www.kananas.com\/meusevergerstraditions\/wp-json\/wp\/v2\/comments?post=1089"}],"version-history":[{"count":20,"href":"https:\/\/www.kananas.com\/meusevergerstraditions\/wp-json\/wp\/v2\/posts\/1089\/revisions"}],"predecessor-version":[{"id":1149,"href":"https:\/\/www.kananas.com\/meusevergerstraditions\/wp-json\/wp\/v2\/posts\/1089\/revisions\/1149"}],"wp:attachment":[{"href":"https:\/\/www.kananas.com\/meusevergerstraditions\/wp-json\/wp\/v2\/media?parent=1089"}],"wp:term":[{"taxonomy":"category","embeddable":true,"href":"https:\/\/www.kananas.com\/meusevergerstraditions\/wp-json\/wp\/v2\/categories?post=1089"},{"taxonomy":"post_tag","embeddable":true,"href":"https:\/\/www.kananas.com\/meusevergerstraditions\/wp-json\/wp\/v2\/tags?post=1089"}],"curies":[{"name":"wp","href":"https:\/\/api.w.org\/{rel}","templated":true}]}}