{"id":1170,"date":"2024-10-12T05:07:20","date_gmt":"2024-10-12T03:07:20","guid":{"rendered":"https:\/\/www.kananas.com\/meusevergerstraditions\/?p=1170"},"modified":"2024-10-12T05:25:28","modified_gmt":"2024-10-12T03:25:28","slug":"formation-a-la-taille-dautomne-le-samedi-26-oct-2024","status":"publish","type":"post","link":"https:\/\/www.kananas.com\/meusevergerstraditions\/2024\/10\/12\/formation-a-la-taille-dautomne-le-samedi-26-oct-2024\/","title":{"rendered":"Formation \u00e0 la taille d&rsquo;automne le Samedi 26 Oct 2024"},"content":{"rendered":"<p>Views: 77<\/p><h3>Quand tailler vos arbres fruitiers :<\/h3>\n<p>L<span class=\"BxUVEf ILfuVd\" lang=\"fr\"><span class=\"hgKElc\">es arbres fruitiers \u00e0 noyaux de type mirabelliers, quetschiers, pruniers de fa\u00e7on g\u00e9n\u00e9rale, cerisiers ou abricotiers par exemple se taillent en fin d&rsquo;\u00e9t\u00e9, d\u00e9but de l&rsquo;automne une fois la r\u00e9colte des fruits termin\u00e9e. <\/span><\/span>On conseille donc avant l&rsquo;hiver, quand la s\u00e8ve n&rsquo;est pas encore totalement descendue. Cela \u00e9vite les attaques de champignons. Tout aussi important peut-\u00eatre, quand il reste encore quelques feuilles, il est ainsi plus facile de d\u00e9tecter les branches mortes et donc le bois \u00e0 \u00e9liminer.<\/p>\n<h3>Devenir compagnon du s\u00e9cateur :<\/h3>\n<p>Mais en plus d&rsquo;une simple formation, devenez &lsquo;Compagnon du s\u00e9cateur&rsquo;, que notre association vous propose de devenir. Mettez en pratique dans votre verger, au profit des arbres fruitiers que vous poss\u00e9dez, en \u00e9tant accompagn\u00e9 ou en venant apporter votre contribution tout en vous formant et en mettant la main \u00e0 l&rsquo;ouvrage ! C&rsquo;est possible avec MVT ! pour voir une des derni\u00e8res actions dans le verger d\u2019\u00c9lisabeth : <a href=\"https:\/\/www.kananas.com\/meusevergerstraditions\/2024\/04\/26\/vergers-ecole-taille-de-restauration-une-dynamique-en-route\/\" target=\"_blank\" rel=\"noopener\">&lsquo;Cliquez-Ici&rsquo;<\/a><\/p>\n<h3>Un formateur aguerri !<\/h3>\n<p><strong>Jean Claude Rouyer<\/strong> moniteur arboricole nous propose de partager la pratique de la Taille d&rsquo;automne qu&rsquo;il a fait sienne depuis de nombreuses ann\u00e9es et largement d\u00e9velopp\u00e9e\u00a0 au seins des association arboricoles notamment du bas-Rhin. Cet apr\u00e8s-midi de formation, pr\u00e9c\u00e9d\u00e9 d&rsquo;un repas optionnel,se fera sur la base d&rsquo;une trame donn\u00e9e ci-dessous, d\u2019\u00e9changes et de pratiques. N&rsquo;h\u00e9sitez pas \u00e0 venir avec vos questions. Il y a autant de techniques des tailles des arbres fruitiers disait un ancien,\u00a0 que de tailleurs. Le tout est de respecter certains grands principes et d&rsquo;adapter la taille \u00e0 ce que l&rsquo;on veut r\u00e9ellement. Mais rien ne remplace la pratique!<\/p>\n<h3>Vous inscrire !<\/h3>\n<p>Pour en savoir plus et participer \u00e0 une mise en pratique: inscrivez vous \u00e0 cette formation le samedi 26 Octobre 2024. Pour vous inscrire : <a href=\"https:\/\/forms.office.com\/r\/dnBZubHgzE\" target=\"_blank\" rel=\"noopener\">&lsquo;Cliquez-ici&rsquo;<\/a><\/p>\n<p>&nbsp;<\/p>\n<h3>Date et lieu :<\/h3>\n<ul>\n<li>Date\u00a0: \u00a0\u00a0\u00a0\u00a0\u00a0\u00a0\u00a0\u00a0\u00a0\u00a0 \u00a0\u00a0\u00a0\u00a0Samedi\u00a0 26 Octobre2024<\/li>\n<li>Lieu :\u00a0\u00a0 \u00a0\u00a0\u00a0\u00a0\u00a0\u00a0\u00a0\u00a0\u00a0\u00a0\u00a0\u00a0\u00a0 55210 St-Maurice s\/s C\u00f4tes<\/li>\n<li>Formateur : \u00a0\u00a0 \u00a0 Jean Claude ROUYER\u00a0 &#8211; Moniteur Arboricole<\/li>\n<\/ul>\n<h3>Le programme de la journ\u00e9e :<\/h3>\n<ul>\n<li>11h15 : \u00a0 Accueil des participants &#8211; Salle de la Crou\u00e9e \u2013face \u00e0 la mairie<\/li>\n<li>11h45 : \u00a0 Mot d\u2019accueil du Maire<\/li>\n<li>12h00 : \u00a0 Repas<\/li>\n<li>13h15: \u00a0\u00a0 D\u00e9part pour le verger &#8211;\u00a0 La Hochotte &#8211; Chemin de Thillot<\/li>\n<li>14:00 :\u00a0\u00a0\u00a0\u00a0 D\u00e9but de la formation &#8211; <b>Rendez-vous au verger de la Hochotte :<\/b><\/li>\n<li>17:00 :\u00a0\u00a0\u00a0\u00a0 Fin de la formation<\/li>\n<\/ul>\n<h3><\/h3>\n<h3>Le d\u00e9tail du programme de formation :<\/h3>\n<p><strong><span style=\"text-decoration: underline\">Connaissance de l\u2019arbre\u00a0:<\/span><\/strong><\/p>\n<ul>\n<li>La biologie d\u2019un arbre fruitier<\/li>\n<li>Les porte-greffes et la vigueur des arbres.<\/li>\n<li>Le type de structure (gobelet &#8211; axe central) avantages \/ inconv\u00e9nients.<\/li>\n<li>Charpenti\u00e8re &#8211; sous charpenti\u00e8re.<\/li>\n<li>L\u2019analyse des diff\u00e9rents bourgeons (\u00e0 fruit \/ \u00e0 bois<\/li>\n<li>La production fruiti\u00e8re.<\/li>\n<\/ul>\n<p><span style=\"text-decoration: underline\"><b>La Taille\u00a0:<\/b><\/span><\/p>\n<ul>\n<li>Plantation d\u2019un quetschier d\u2019Alsace (franc)<\/li>\n<li>Les outils.<\/li>\n<li>Les diff\u00e9rentes tailles : formation, fructification, restauration (rappel)<\/li>\n<li>Les cons\u00e9quences des diff\u00e9rentes tailles.<\/li>\n<li>La Taille d\u2019automne.<\/li>\n<li>Mise pratique de taille sur mirabelliers<\/li>\n<\/ul>\n<h3>Votre contribution :<img loading=\"lazy\" decoding=\"async\" class=\" wp-image-1178 aligncenter\" src=\"http:\/\/www.kananas.com\/meusevergerstraditions\/wp-content\/uploads\/sites\/2085\/2024\/10\/2024-10-26_Tarifs-300x99.jpg\" alt=\"\" width=\"379\" height=\"125\" srcset=\"https:\/\/www.kananas.com\/meusevergerstraditions\/wp-content\/uploads\/sites\/2085\/2024\/10\/2024-10-26_Tarifs-300x99.jpg 300w, https:\/\/www.kananas.com\/meusevergerstraditions\/wp-content\/uploads\/sites\/2085\/2024\/10\/2024-10-26_Tarifs.jpg 410w\" sizes=\"auto, (max-width: 379px) 100vw, 379px\" \/><\/h3>\n<p>&nbsp;<\/p>\n<h3>Tous les d\u00e9tails :<\/h3>\n<ul>\n<li>Plan d\u2019acc\u00e8s au verger : <a href=\"http:\/\/www.kananas.com\/meusevergerstraditions\/wp-content\/uploads\/sites\/2085\/2024\/09\/Plan_Acces_Hochotte.jpg\">\u2018Cliquez ici\u2019<\/a><\/li>\n<li>t\u00e9l\u00e9chargez le Flyer : <a href=\"http:\/\/www.kananas.com\/meusevergerstraditions\/wp-content\/uploads\/sites\/2085\/2024\/10\/2024-10-26_Flyer_Formation_Taille_JC.pdf\" target=\"_blank\" rel=\"noopener\">&lsquo;Cliquez-Ici&rsquo;<\/a><\/li>\n<\/ul>\n<p>&nbsp;<\/p>\n<p><span class=\"BxUVEf ILfuVd\" lang=\"fr\"><span class=\"hgKElc\">\u00a0<\/span><\/span><\/p>\n","protected":false},"excerpt":{"rendered":"<p>Views: 77Quand tailler vos arbres fruitiers : Les arbres fruitiers \u00e0 noyaux de type mirabelliers, quetschiers, pruniers de fa\u00e7on g\u00e9n\u00e9rale, cerisiers ou abricotiers par exemple se taillent en fin d&rsquo;\u00e9t\u00e9, d\u00e9but de l&rsquo;automne une fois la r\u00e9colte des fruits termin\u00e9e. On conseille donc avant l&rsquo;hiver, quand la s\u00e8ve n&rsquo;est pas encore totalement descendue. Cela \u00e9vite [&hellip;]<\/p>\n","protected":false},"author":2171,"featured_media":0,"comment_status":"open","ping_status":"open","sticky":false,"template":"","format":"standard","meta":{"_crdt_document":"","footnotes":""},"categories":[11],"tags":[],"class_list":["post-1170","post","type-post","status-publish","format-standard","hentry","category-formation"],"_links":{"self":[{"href":"https:\/\/www.kananas.com\/meusevergerstraditions\/wp-json\/wp\/v2\/posts\/1170","targetHints":{"allow":["GET"]}}],"collection":[{"href":"https:\/\/www.kananas.com\/meusevergerstraditions\/wp-json\/wp\/v2\/posts"}],"about":[{"href":"https:\/\/www.kananas.com\/meusevergerstraditions\/wp-json\/wp\/v2\/types\/post"}],"author":[{"embeddable":true,"href":"https:\/\/www.kananas.com\/meusevergerstraditions\/wp-json\/wp\/v2\/users\/2171"}],"replies":[{"embeddable":true,"href":"https:\/\/www.kananas.com\/meusevergerstraditions\/wp-json\/wp\/v2\/comments?post=1170"}],"version-history":[{"count":10,"href":"https:\/\/www.kananas.com\/meusevergerstraditions\/wp-json\/wp\/v2\/posts\/1170\/revisions"}],"predecessor-version":[{"id":1180,"href":"https:\/\/www.kananas.com\/meusevergerstraditions\/wp-json\/wp\/v2\/posts\/1170\/revisions\/1180"}],"wp:attachment":[{"href":"https:\/\/www.kananas.com\/meusevergerstraditions\/wp-json\/wp\/v2\/media?parent=1170"}],"wp:term":[{"taxonomy":"category","embeddable":true,"href":"https:\/\/www.kananas.com\/meusevergerstraditions\/wp-json\/wp\/v2\/categories?post=1170"},{"taxonomy":"post_tag","embeddable":true,"href":"https:\/\/www.kananas.com\/meusevergerstraditions\/wp-json\/wp\/v2\/tags?post=1170"}],"curies":[{"name":"wp","href":"https:\/\/api.w.org\/{rel}","templated":true}]}}