{"id":1210,"date":"2024-11-17T21:35:34","date_gmt":"2024-11-17T20:35:34","guid":{"rendered":"https:\/\/www.kananas.com\/meusevergerstraditions\/?p=1210"},"modified":"2024-11-17T22:10:34","modified_gmt":"2024-11-17T21:10:34","slug":"stage-arboriculture-5-jours-herrlisheim","status":"publish","type":"post","link":"https:\/\/www.kananas.com\/meusevergerstraditions\/2024\/11\/17\/stage-arboriculture-5-jours-herrlisheim\/","title":{"rendered":"Stage Arboriculture 5 Jours Herrlisheim"},"content":{"rendered":"<p>Views: 26<\/p><p style=\"text-align: justify\">En collaboration avec La F\u00e9d\u00e9ration des PRODUCTEURS de fruits du Bas-Rhin, l\u2019Association Meuse Vergers Traditions vous propose le <strong>Stage d\u2019Arboriculture de 5 Jours en 2025, <\/strong>\u00a0qui se d\u00e9roulera 1 samedi par mois de Janvier \u00e0 juin 2025, dans le secteur de Herrlisheim (Bas-Rhin). Les dates retenues sont les : 11 janvier\u00a0 &#8211;\u00a0 1er f\u00e9vrier\u00a0 &#8211;\u00a0 1er mars\u00a0 &#8211;\u00a0\u00a0 5 avril\u00a0\u00a0 et\u00a0\u00a0 21 juin 2025. <\/p>\r\n<h3><span style=\"color: #3366ff\"><u>But de cette formation<\/u>\u00a0:<\/span><\/h3>\r\n<p style=\"text-align: justify\"><img loading=\"lazy\" decoding=\"async\" class=\"size-medium wp-image-1213 alignright\" src=\"http:\/\/www.kananas.com\/meusevergerstraditions\/wp-content\/uploads\/sites\/2085\/2024\/11\/page01-212x300.jpg\" alt=\"\" width=\"212\" height=\"300\" srcset=\"https:\/\/www.kananas.com\/meusevergerstraditions\/wp-content\/uploads\/sites\/2085\/2024\/11\/page01-212x300.jpg 212w, https:\/\/www.kananas.com\/meusevergerstraditions\/wp-content\/uploads\/sites\/2085\/2024\/11\/page01-724x1024.jpg 724w, https:\/\/www.kananas.com\/meusevergerstraditions\/wp-content\/uploads\/sites\/2085\/2024\/11\/page01-768x1086.jpg 768w, https:\/\/www.kananas.com\/meusevergerstraditions\/wp-content\/uploads\/sites\/2085\/2024\/11\/page01-1086x1536.jpg 1086w, https:\/\/www.kananas.com\/meusevergerstraditions\/wp-content\/uploads\/sites\/2085\/2024\/11\/page01-1448x2048.jpg 1448w, https:\/\/www.kananas.com\/meusevergerstraditions\/wp-content\/uploads\/sites\/2085\/2024\/11\/page01-1200x1697.jpg 1200w, https:\/\/www.kananas.com\/meusevergerstraditions\/wp-content\/uploads\/sites\/2085\/2024\/11\/page01-scaled.jpg 1810w\" sizes=\"auto, (max-width: 212px) 100vw, 212px\" \/>S\u2019appuyant sur un programme historique \u2018d\u2019initiation \u00e0 l\u2019arboriculture familiale\u2019 le but de ce stage est de donner les bases d\u2019une arboriculture orient\u00e9e \u2018vergers familiaux\u2019 en donnant les clefs de d\u00e9codage et de compr\u00e9hension des ph\u00e9nom\u00e8nes qui r\u00e9gissent la vie de nos arbres fruitiers.<\/p>\r\n<p style=\"text-align: justify\">Avec un programme qui se r\u00e9actualise d\u2019ann\u00e9e en ann\u00e9e \u00a0et qui dans les grandes lignes s\u2019appuye sur\u00a0: \u00a0\u00a0l\u2019arbre, les principes g\u00e9n\u00e9raux de d\u00e9fense des cultures, l\u2019identification des principales maladies et ravageurs, les auxiliaires, les vari\u00e9t\u00e9s de fruits, la connaissance des stades ph\u00e9nologiques\u2026, \u00a0le but est de sensibiliser les stagiaires aux situations auxquelles ils auront \u00e0 faire face dans leurs vergers ainsi qu\u2019aux moyens dont ils disposeront pour y rem\u00e9dier.<\/p>\r\n<p style=\"text-align: justify\">Etre le compagnon de ses arbres, aider \u00e0 les faire grandir, reconnaitre les maladies et les ravageurs pour leur permettre de traverser au mieux les \u00e9preuves du temps , apprendre \u00e0 tenir un s\u00e9cateur et \u00e0 l\u2019utiliser \u00e0 bon escient en vue de donner \u00e0 nos prot\u00e9g\u00e9s les premiers soins qu\u2019il convient d\u2019appliquer au fil de leur vie, apprendre \u00e0 greffer pour multiplier ou tout simplement p\u00e9renniser une vari\u00e9t\u00e9 de fruits dont l\u2019\u00e2ge de celui qui les porte laisse \u00e0 penser \u00e0 une in\u00e9luctable proche fin de vie, c\u2019est de tout cela dont il sera question.<\/p>\r\n<p style=\"text-align: justify\">Cette formation est de plus un pr\u00e9requis fortement conseill\u00e9 pour tous ceux qui souhaiteraient envisager de suivre la formation de moniteur d\u2019arboriculture au sein de cette f\u00e9d\u00e9ration. Cette derni\u00e8re se d\u00e9roule sur une dur\u00e9e de 2 ann\u00e9es (48 samedis environ) avec examen final. Plus d\u2019informations sur les possibilit\u00e9s et conditions d\u2019engager une formation de moniteur en arboriculture seront donn\u00e9es ult\u00e9rieurement.<\/p>\r\n<h3><span style=\"color: #3366ff\"><u>S\u2019appuyer sur une structure d\u00e9partementale de plus d\u2019un si\u00e8cle\u00a0d\u2019existence <\/u>:\u00a0<\/span><\/h3>\r\n<p style=\"text-align: justify\"><img loading=\"lazy\" decoding=\"async\" class=\"size-medium wp-image-1214 alignleft\" src=\"http:\/\/www.kananas.com\/meusevergerstraditions\/wp-content\/uploads\/sites\/2085\/2024\/11\/Equipe_Formateurs_fede-67_2023-300x190.jpg\" alt=\"\" width=\"300\" height=\"190\" srcset=\"https:\/\/www.kananas.com\/meusevergerstraditions\/wp-content\/uploads\/sites\/2085\/2024\/11\/Equipe_Formateurs_fede-67_2023-300x190.jpg 300w, https:\/\/www.kananas.com\/meusevergerstraditions\/wp-content\/uploads\/sites\/2085\/2024\/11\/Equipe_Formateurs_fede-67_2023-768x485.jpg 768w, https:\/\/www.kananas.com\/meusevergerstraditions\/wp-content\/uploads\/sites\/2085\/2024\/11\/Equipe_Formateurs_fede-67_2023.jpg 799w\" sizes=\"auto, (max-width: 300px) 100vw, 300px\" \/>Pour notre jeune association MVT, ce stage d\u2019arboriculture des arbres fruitiers s\u2019appuie sur une structure associative d\u00e9partementale \u2018s\u0153ur\u2019\u00a0: <strong>la f\u00e9d\u00e9ration des producteurs de fruits du Bas-Rhin<\/strong> partageant les m\u00eames objectifs notamment en termes de transmission de savoirs et de \u00a0savoir-faire.<\/p>\r\n<p style=\"text-align: justify\">Comptant plus de 8.500 adh\u00e9rents avec chaque ann\u00e9e une promotion annuelle de moniteurs dipl\u00f4m\u00e9s qui vient assurer sa p\u00e9rennit\u00e9 par le renouvellement de ses forces vives, c\u2019est sur tout ce potentiel de la <strong>\u2018f\u00e9d\u00e9 des Arbo du 67\u2019 <\/strong>que compte s\u2018appuyer MVT pour ce stage. A titre indicatif, ce sont 35 nouveaux formateurs (promotion \u2018Michel MATTER\u2019) qui sont sortis dipl\u00f4m\u00e9s, cette ann\u00e9e, de cette f\u00e9d\u00e9ration d\u00e9partementale.<\/p>\r\n<h3><span style=\"color: #3366ff\"><strong><u>Pour MVT\u00a0: mettre le pied \u00e0 l\u2019\u00e9trier de l\u2019Arbo<\/u><\/strong>\u00a0:<\/span><\/h3>\r\n<p style=\"text-align: justify\">En toile de fond, \u00a0cette formation en arboriculture \u00e0 \u2018large spectre de contenu\u2019 et d\u2019une dur\u00e9e de 5 jours, marque aussi la volont\u00e9 de MVT de d\u00e9velopper en interne une capacit\u00e9 \u00e0 transmettre dans ce domaine, et comme c\u2019est d\u00e9j\u00e0 le cas dans celui de la distillation. En effet, in fine, apprendre \u00e0 apprendre et \u00e0 transmettre \u00e0 partir de ses propres ressources dans le domaine de l\u2019arboriculture, et ce afin de faciliter l\u2019essaimage des connaissances au plus proche des besoins, notamment en Meuse et au travers de notre reseau associatif, c\u2019est le but que collectivement nous nous donnons au sein de la structure dirigeante de MVT.<\/p>\r\n<p style=\"text-align: justify\">Autonomie collective que ce soit dans la capacit\u00e9 \u00e0 transmettre, mais aussi r\u00e9solument ouvert aux autres structures s\u0153urs, \u00e0 leurs savoirs dans un esprit de benchmarking et de d\u00e9veloppement de synergies est une des pierres angulaires et de diff\u00e9rentiation de MVT en Meuse\u00a0: \u00a0<em>\u2018Nous ne nous enrichissons que du savoir que nous transmettons\u2019<\/em>.<\/p>\r\n<p style=\"text-align: justify\">Engager cette formation, c\u2019est mettre le pied \u00e0 l\u2019\u00e9trier pour d\u00e9couvrir de nouveaux horizons, mais c\u2019est \u00e9galement un investissement sans risque qui rapporte les dividendes de la satisfaction. Transmettre et p\u00e9renniser est dans l\u2019ADN de notre association \u2018Meuse Vergers Traditions\u2019.<\/p>\r\n<h3><span style=\"color: #3366ff\"><span style=\"text-decoration: underline\">D\u00e9tails de la formation<\/span> :<\/span><\/h3>\r\n<p><strong>Dates<\/strong> :\u00a0\u00a0\u00a0\u00a0\u00a0\u00a0\u00a0 \u00a0\u00a0 Samedis :\u00a0 11 janvier\u00a0 &#8211;\u00a0 1er f\u00e9vrier\u00a0 &#8211;\u00a0 1er mars\u00a0 &#8211;\u00a0\u00a0 5 avril\u00a0\u00a0 et\u00a0\u00a0 21 juin 2025<\/p>\r\n<p><strong>Lieu<\/strong> :\u00a0\u00a0\u00a0\u00a0\u00a0\u00a0\u00a0\u00a0\u00a0\u00a0\u00a0\u00a0\u00a0\u00a0 Centre socio-culturel \u2013 2 rue du G\u00e9n\u00e9ral Reibel &#8211; Herrlisheim (67850)<\/p>\r\n<p><strong>Horaires<\/strong> :\u00a0\u00a0\u00a0\u00a0 \u00a0 &#8211; Matin (8h15-11h45) : Th\u00e9orie<\/p>\r\n<p>\u00a0\u00a0\u00a0\u00a0\u00a0\u00a0\u00a0\u00a0\u00a0\u00a0\u00a0\u00a0\u00a0\u00a0\u00a0\u00a0\u00a0\u00a0\u00a0\u00a0 \u00a0 \u00a0\u00a0 &#8211; Apr\u00e8s-midi (13h15-16h30) : Pratique dans des vergers du secteur d\u2019Herrlisheim<\/p>\r\n<p><strong>Inscription<\/strong> :\u00a0\u00a0 &#8211;\u00a0 Remplir et renvoyer\u00a0 le bulletin d\u2019inscription . Pour le t\u00e9l\u00e9charger : &lsquo;Cliquez-ici&rsquo;<\/p>\r\n<p>\u00a0\u00a0\u00a0\u00a0\u00a0\u00a0\u00a0\u00a0\u00a0\u00a0\u00a0\u00a0\u00a0\u00a0\u00a0\u00a0\u00a0\u00a0\u00a0\u00a0\u00a0 \u00a0 \u00a0 &#8211;\u00a0 Vous inscrire au travers de la plateforme MVT pour cela : \u2018Cliquez-ici\u2019<\/p>\r\n<p><strong>D\u00e9lais<\/strong> :\u00a0\u00a0\u00a0\u00a0\u00a0\u00a0\u00a0\u00a0\u00a0\u00a0\u00a0 <span style=\"color: #ff0000\">D\u00e9lais d\u2019inscription : le jeudi 28 Novembre 2024<\/span><\/p>\r\n<p><strong>Cout<\/strong> : \u00a0 \u00a0 \u00a0 \u00a0 \u00a0 \u00a0 \u00a0 &#8211; Adh\u00e9rents &#8230;&#8230;&#8230;&#8230;&#8230;&#8230;&#8230;&#8230;&#8230;&#8230;&#8230;&#8230;\u00a0 125.00 \u20ac<\/p>\r\n<p>\u00a0\u00a0\u00a0\u00a0\u00a0\u00a0\u00a0\u00a0\u00a0\u00a0\u00a0\u00a0\u00a0\u00a0\u00a0\u00a0\u00a0\u00a0\u00a0\u00a0 \u00a0 \u00a0\u00a0 &#8211; Non adh\u00e9rent &#8230;&#8230;&#8230;&#8230;&#8230;&#8230;&#8230;&#8230;&#8230;&#8230;.. 150.00 \u20ac<\/p>\r\n<p><strong>Restauration<\/strong> : Non comprise dans le co\u00fbt de la formation, mais possibilit\u00e9 de se restaurer :<\/p>\r\n<p>\u00a0\u00a0\u00a0\u00a0\u00a0\u00a0\u00a0\u00a0\u00a0\u00a0\u00a0\u00a0\u00a0\u00a0\u00a0\u00a0\u00a0\u00a0\u00a0\u00a0\u00a0\u00a0\u00a0\u00a0\u00a0\u00a0\u00a0\u00a0\u00a0 &#8211; En restauration (le formateur peut r\u00e9server un resto)<\/p>\r\n<p>\u00a0\u00a0\u00a0\u00a0\u00a0\u00a0\u00a0\u00a0\u00a0\u00a0\u00a0\u00a0\u00a0\u00a0\u00a0\u00a0\u00a0\u00a0\u00a0 \u00a0 \u00a0 \u00a0\u00a0 \u00a0 \u00a0 &#8211; Avec repas tir\u00e9 du sac \u00e0 discr\u00e9tion de chacun des participants<\/p>\r\n<p><strong>R\u00e8glement<\/strong> :\u00a0 \u00a0 &#8211; Par ch\u00e8que \u00e0 l&rsquo;ordre de : Association Meuse Vergers Traditions\u00a0<\/p>\r\n<p>\u00a0\u00a0\u00a0\u00a0\u00a0\u00a0\u00a0\u00a0\u00a0\u00a0\u00a0\u00a0\u00a0\u00a0\u00a0\u00a0\u00a0\u00a0\u00a0\u00a0\u00a0 \u00a0 \u00a0\u00a0 &#8211; Par virement bancaire\u00a0\u00a0 IBAN : FR76 1610 6000 4996 0261 9548 613 &#8211; BIC : AGRIFRPP861<\/p>\r\n<p>Esp\u00e9rant vous compter nombreux \u00e0 cette formation et pour tout renseignement : contacter le 06 46 58 68 18.<\/p>\r\n<p>Bien cordialement<\/p>\r\n<p>Patrick MARTINET<\/p>\r\n\r\n<p>&nbsp;<\/p>","protected":false},"excerpt":{"rendered":"<p>Views: 26 En collaboration avec La F\u00e9d\u00e9ration des PRODUCTEURS de fruits du Bas-Rhin, l\u2019Association Meuse Vergers Traditions vous propose le Stage d\u2019Arboriculture de 5 Jours en 2025, \u00a0qui se d\u00e9roulera 1 samedi par mois de Janvier \u00e0 juin 2025, dans le secteur de Herrlisheim (Bas-Rhin). Les dates retenues sont les : 11 janvier\u00a0 &#8211;\u00a0 1er [&hellip;]<\/p>\n","protected":false},"author":2171,"featured_media":0,"comment_status":"open","ping_status":"open","sticky":false,"template":"","format":"standard","meta":{"_crdt_document":"","footnotes":""},"categories":[11],"tags":[],"class_list":["post-1210","post","type-post","status-publish","format-standard","hentry","category-formation"],"_links":{"self":[{"href":"https:\/\/www.kananas.com\/meusevergerstraditions\/wp-json\/wp\/v2\/posts\/1210","targetHints":{"allow":["GET"]}}],"collection":[{"href":"https:\/\/www.kananas.com\/meusevergerstraditions\/wp-json\/wp\/v2\/posts"}],"about":[{"href":"https:\/\/www.kananas.com\/meusevergerstraditions\/wp-json\/wp\/v2\/types\/post"}],"author":[{"embeddable":true,"href":"https:\/\/www.kananas.com\/meusevergerstraditions\/wp-json\/wp\/v2\/users\/2171"}],"replies":[{"embeddable":true,"href":"https:\/\/www.kananas.com\/meusevergerstraditions\/wp-json\/wp\/v2\/comments?post=1210"}],"version-history":[{"count":14,"href":"https:\/\/www.kananas.com\/meusevergerstraditions\/wp-json\/wp\/v2\/posts\/1210\/revisions"}],"predecessor-version":[{"id":1230,"href":"https:\/\/www.kananas.com\/meusevergerstraditions\/wp-json\/wp\/v2\/posts\/1210\/revisions\/1230"}],"wp:attachment":[{"href":"https:\/\/www.kananas.com\/meusevergerstraditions\/wp-json\/wp\/v2\/media?parent=1210"}],"wp:term":[{"taxonomy":"category","embeddable":true,"href":"https:\/\/www.kananas.com\/meusevergerstraditions\/wp-json\/wp\/v2\/categories?post=1210"},{"taxonomy":"post_tag","embeddable":true,"href":"https:\/\/www.kananas.com\/meusevergerstraditions\/wp-json\/wp\/v2\/tags?post=1210"}],"curies":[{"name":"wp","href":"https:\/\/api.w.org\/{rel}","templated":true}]}}