{"id":1240,"date":"2024-12-11T10:28:31","date_gmt":"2024-12-11T09:28:31","guid":{"rendered":"https:\/\/www.kananas.com\/meusevergerstraditions\/?p=1240"},"modified":"2025-01-17T14:17:45","modified_gmt":"2025-01-17T13:17:45","slug":"preparation-du-concours-de-degustation-fremereville-29-mars-2025","status":"publish","type":"post","link":"https:\/\/www.kananas.com\/meusevergerstraditions\/2024\/12\/11\/preparation-du-concours-de-degustation-fremereville-29-mars-2025\/","title":{"rendered":"Pr\u00e9paration du Concours de d\u00e9gustation &#8211; Fr\u00e9mer\u00e9ville &#8211; 29 mars 2025"},"content":{"rendered":"<p>Views: 23<\/p><p>Ce document \/ texte a pour objet de pr\u00e9senter les grandes lignes du projet coorganis\u00e9 par l\u2019Association Meuse Vergers Traditions et la Commune de Fr\u00e9mer\u00e9ville. Il est destin\u00e9 \u00e0 tout public souhaitant en connaitre les tenants et les aboutissants.<\/p>\n<h1>\u00a0I ) En Synth\u00e8se :<\/h1>\n<h2 style=\"padding-left: 40px\">a)\u00a0 La probl\u00e9matique que notre projet cherche \u00e0 r\u00e9soudre :<\/h2>\n<p style=\"padding-left: 40px;text-align: justify\">Am\u00e9liorer la qualit\u00e9 des-eaux-de-vie produites en Meuse par les bouilleurs de cru, que ce soit en distillant par eux-m\u00eames leur mo\u00fbt au sein d\u2019associations ou de syndicats communaux ou en confiant ce mo\u00fbt \u00e0 leurs bouilleurs ambulants habituels est la probl\u00e9matique \u00e0 laquelle l\u2019Association Meuse Vergers Traditions entend apporter sa contribution.<\/p>\n<p>&nbsp;<\/p>\n<h2 style=\"padding-left: 40px\">b)\u00a0 La solution apport\u00e9e par votre projet \u00e0 cette probl\u00e9matique<\/h2>\n<p style=\"padding-left: 40px;text-align: justify\">La mise en place d\u2019un concours de d\u00e9gustation est de nature \u00e0 permettre d\u2019\u00e9valuer, mesurer, quantifier les diff\u00e9rents crit\u00e8res qualitatifs et quantitatifs qui caract\u00e9risent un alcool de qualit\u00e9, \u00e0 savoir,\u00a0: sans danger imm\u00e9diat pour la sant\u00e9, exempt de faux-gouts et refl\u00e9tant au mieux le gout du fruit distill\u00e9. La solution vise \u00e9galement \u00e0\u00a0:<\/p>\n<ul>\n<li style=\"list-style-type: none\">\n<ul>\n<li>Cr\u00e9er un \u00e9v\u00e9nement \u00e0 Fr\u00e9mer\u00e9ville<\/li>\n<li>Promouvoir l\u2019association Meuse Vergers Traditions<\/li>\n<li>D\u00e9velopper une synergie avec l\u2019association Les Babures (de Fr\u00e9mer\u00e9ville),<\/li>\n<li>Valoriser et promouvoir le syndicat de distillation de Fr\u00e9mer\u00e9ville<\/li>\n<li>Valoriser le nouvel espace de la Grange (Fr\u00e9mer\u00e9ville)<\/li>\n<li>R\u00e9pondre aux diverses demandes de pouvoir assister \u00e0 la distillation de fruits en donnant la possibilit\u00e9 de visiter l\u2019atelier de distillation de Fr\u00e9mer\u00e9ville.<\/li>\n<\/ul>\n<\/li>\n<\/ul>\n<h2 style=\"padding-left: 40px\">c) L\u2019impact esp\u00e9r\u00e9 du projet<\/h2>\n<p style=\"padding-left: 40px;text-align: justify\">Mesurer, quantifier, comparer c\u2019est d\u00e9j\u00e0 progresser. Au travers de ce projet qui va conduire \u00e0 l\u2019\u00e9valuation de l\u2019eaux-de-vie de mirabelles, les comp\u00e9titeurs bouilleurs de cru et bouilleurs ambulants auront la possibilit\u00e9, et pour ceux qui le souhaitent de s\u2019interroger sur les axes d\u2019am\u00e9lioration qui leur permettront de progresser.<\/p>\n<p style=\"padding-left: 40px;text-align: justify\">Par un jury (final) compos\u00e9 \u00e0 50% de jur\u00e9s de la commission de d\u00e9gustation de l\u2019UDSAH Moselle, donc de d\u00e9gustateurs aguerris, nous permettons \u00e0 notre d\u00e9partement de la Meuse de\u00a0 progressivement former des d\u00e9gustateurs de nos eaux de vies naturelles.<\/p>\n<p style=\"padding-left: 40px;text-align: justify\">Cette nouvelle comp\u00e9tence va \u00e9galement pouvoir infuser au sein des jurys de pr\u00e9s\u00e9lection. En effet, les 3 jurys de pr\u00e9s\u00e9lection auront pour t\u00e2che d\u2019identifier et s\u00e9lectionner\u00a0 les 6 finalistes dont l\u2019alcool sera pr\u00e9sent\u00e9 au jury final. Nous comptons ouvrir la candidature de jur\u00e9s de pr\u00e9s\u00e9lection \u00e0 des personnes ext\u00e9rieures \u00e0 l\u2019association (50\/50\u00a0?) et ce afin et dans le m\u00eame esprit d\u2019\u00e9duquer \u00e0 la notion de qualit\u00e9.<\/p>\n<p style=\"padding-left: 40px;text-align: justify\">Ce sont donc tout \u00e0 la fois les comp\u00e9titeurs (maximum 18), mais aussi les jur\u00e9s (24) qui vont pour les uns\u00a0: \u00eatre \u00e0 l\u2019\u00e9coute des d\u00e9fauts de leurs eaux-de-vie et pour les autres etre en mesure de les d\u00e9celer.<\/p>\n<p style=\"padding-left: 40px;text-align: justify\">Pour les comp\u00e9titeurs, les amener s\u2019interroger sur leur fa\u00e7on de proc\u00e9der voire suivre des stages de formation en pr\u00e9paration du mo\u00fbt avant distillation ou de distillation est \u00e9galement un des impacts esp\u00e9r\u00e9s.<\/p>\n<p style=\"padding-left: 40px;text-align: justify\">Changer l\u2019image aupr\u00e8s du grand public des bouilleurs de cru et bouilleurs ambulant en revalorisant nos eaux-de-vie naturelles issues des fruits de nos vergers par une recherche de qualit\u00e9 est \u00e9galement un impact esp\u00e9r\u00e9\u00a0; d\u2019o\u00f9 la possibilit\u00e9 pour le grand public d\u2019etre spectateur de ce concours.<\/p>\n<p>&nbsp;<\/p>\n<h1>II) Le contexte du projet<\/h1>\n<h2 style=\"padding-left: 40px;text-align: justify\">a)\u00a0 \u00c0 quelle probl\u00e9matique notre projet r\u00e9pond-il ?<\/h2>\n<p style=\"padding-left: 40px;text-align: justify\">Notre projet r\u00e9pond \u00e0 la probl\u00e9matique d\u2019am\u00e9liorer la qualit\u00e9 des eaux-de-vie de fruits en s\u2019appuyant sur une actualisation des connaissances th\u00e9oriques (physicochimique) et par la transmission de savoir-faire et pratiques nouvelles alliant th\u00e9orie et pratique.<\/p>\n<p style=\"padding-left: 40px;text-align: justify\">En effet, la transmission des savoirs en mati\u00e8re de pr\u00e9paration du mo\u00fbt de fruits avant distillation ainsi que de la distillation elle-m\u00eame s\u2019est faite au fil des ann\u00e9es et de g\u00e9n\u00e9ration en g\u00e9n\u00e9ration sous une forme de mim\u00e9tisme. C\u2019est en reproduisant quasi \u00e0 l\u2019identique des pratiques voire des techniques re\u00e7ues des anciens que se sont constitu\u00e9es le plus souvent des g\u00e9n\u00e9rations de \u2018bouilleurs\u2019. \u00a0L\u2019absence d\u2019une compr\u00e9hension des bases de cette chimie, celle de la transformation du fruit en alcool, a exacerb\u00e9 le caract\u00e8re un peu occulte de cette forme de transmutation myst\u00e9rieuse qui porte \u00e0 propos le nom d\u2019alchimie. La responsabilit\u00e9 d\u2019une qualit\u00e9 parfois un peu d\u00e9cevante de certaines eaux de vie en est rejet\u00e9e soit au bouilleur de cru (celui qui met les fruits dans le tonneau) soit au bouilleurs ambulant (celui qui distille) sans que ni l\u2019un ni l\u2019autre n\u2019ai une vision globale des interactions.<\/p>\n<p style=\"padding-left: 40px;text-align: justify\">L\u2019\u00e9volution des techniques, notamment d\u2019identification des diff\u00e9rents compos\u00e9s des eaux-de-vie, dont les alcools et fusels permettent de mieux cerner les causes de d\u00e9rives qualitatives ou tout du moins les conditions optimums quoi permettre d\u2019atteindre un certain niveau de qualit\u00e9.<\/p>\n<h2 style=\"padding-left: 40px;text-align: justify\">b) De quelles informations disposons-nous \u00e0 propos de cette probl\u00e9matique ?<\/h2>\n<p style=\"padding-left: 40px;text-align: justify\">S\u2019il n\u2019est nullement pour objet de faire l\u2019apologie des eaux de vies produites localement, ni m\u00eame de fa\u00e7on g\u00e9n\u00e9rale des alcools, les alcools dits blancs \u2018eau-de-vie\u2019 rev\u00eatent un caract\u00e8re d\u00e9suet, voire d\u2019image d\u2019\u00c9pinal affectant \u00e0 tout bouilleur une forme st\u00e9r\u00e9otype pr\u00e9\u00e9tabli ou tout du moins comme \u00e9tant un patent\u00e9 consommateur d\u2019alcool. De fait, \u00e9voquer ou parler des eaux-de-vie est parfois encore consid\u00e9r\u00e9 comme un tabou, sujet dont on fait silence par peur d\u2019\u00eatre catalogu\u00e9 !<\/p>\n<p style=\"padding-left: 40px;text-align: justify\">Certes nous entendons dire \u2018On ne boit plus la goutte (eau-de-vie) comme auparavant nos anciens le faisaient\u2019. Cependant \u00e0 la quantit\u00e9 il faut maintenant opposer la qualit\u00e9 et d\u2019expliquer qu\u2019on ne boit plus d\u2019alcool. On d\u00e9guste entre amis ou en famille le fruit de son travail que sont nos eaux-de-vie naturelles qui n\u2019ont rien \u00e0 envier \u00e0 bon nombre des alcools vendus dans le commerce. \u00a0De plus partager ce plaisir, c\u2019est aussi celui de raconter toute la vie rurale qui va autour, de la plantation des arbres \u00e0 la r\u00e9colte, aux bons moments pass\u00e9s autour de l\u2019alambic. Par ailleurs nos eaux de vie sont en quelque sorte notre Madeleine de Proust, cet exhausteur de gout qui nous rappelle \u00e0 nous Meusiens toute une enfance. Ne suffit-il pas de verser quelques gouttes de ce nectar dans une salade de fruits, p\u00e2te \u00e0 cr\u00eapes ou a gaufres pour que les souvenirs du pass\u00e9 resurgissent ? Nous ne buvons plus les eaux-de-vie, nous les appr\u00e9cions. Ceci passe in\u00e9vitablement vers la recherche d\u2019une qualit\u00e9 la plus irr\u00e9prochable possible ce vers quoi collectivement nous tentons de faire tendre.<\/p>\n<h2 style=\"padding-left: 40px;text-align: justify\">c) Qui a d\u00e9j\u00e0 abord\u00e9 cette question auparavant\/quelles sont les recherches qui ont \u00e9t\u00e9 men\u00e9es \u00e0 ce sujet ?<\/h2>\n<p style=\"padding-left: 40px;text-align: justify\">L\u2019association Meuse Vergers Traditions depuis sa cr\u00e9ation en Mars 2023, s\u2019appuyant sur des connaissances acquises lors de rencontres, congr\u00e8s nation qui se sont notamment tenues au niveau de la FNSRPE ainsi qu\u2019au travers de formations suivies par certains de ses membres a engag\u00e9 des d\u00e9marches aupr\u00e8s des acteurs pr\u00e9cit\u00e9es que sont bouilleurs de cru et bouilleurs ambulants.<\/p>\n<ul style=\"text-align: justify\">\n<li style=\"list-style-type: none\"><\/li>\n<\/ul>\n<p style=\"padding-left: 40px\">A la question : Pourquoi les recherches ant\u00e9rieures n\u2019ont-elles pas suffi \u00e0 r\u00e9soudre cette probl\u00e9matique ? En \u00e9l\u00e9ments de r\u00e9ponse, il est constat\u00e9 une tr\u00e8s grande disparit\u00e9 d\u2019\u00e9coute et ce pour diverses raisons que l\u2019on pourrait \u00e9num\u00e9rer comme :<\/p>\n<ul>\n<li style=\"list-style-type: none\">\n<ul>\n<li style=\"text-align: justify\">Une forme de d\u00e9fiance quant aux informations re\u00e7ues qui ont tendance \u00e0 remettre en question les pratiques et savoirs sur lesquels les plus anciens s\u2019appuient pour assoir leur position voire les l\u00e9gitimer au sein de certains groupes.<\/li>\n<li style=\"text-align: justify\">Des objectifs divergents et pour certains favorisant la quantit\u00e9 au d\u00e9triment de la qualit\u00e9.<\/li>\n<li style=\"text-align: justify\">Une acceptation du changement qui de tout temps a fait d\u00e9faut.<\/li>\n<li style=\"text-align: justify\">Un manque de \u2018r\u00e9f\u00e9rentiel qualit\u00e9\u2019 chacun consid\u00e9rant son eau de vie comme \u00e9tant la meilleure\u2019<\/li>\n<\/ul>\n<\/li>\n<\/ul>\n<h1>III.\u00a0\u00a0 Solution<\/h1>\n<h2 style=\"padding-left: 40px\">a)\u00a0 L\u2019\u00e9nonc\u00e9 de vision pour ce projet.<\/h2>\n<p style=\"padding-left: 40px\">Le projet consiste \u00e0 l\u2019organisation d\u2019une manifestation ouverte \u00e0 un public \u00e9largi segment\u00e9 en plusieurs composantes\u00a0:<\/p>\n<ul>\n<li style=\"list-style-type: none\">\n<ul>\n<li>Le groupe dit \u2018du concours de d\u00e9gustation\u2019 comprenant notamment les \u00e9valuateurs qui auront pour objectif d\u2019\u00e9valuer la qualit\u00e9 des eaux-de-vie qui leur seront propos\u00e9es avec classement de celles-ci.<\/li>\n<li>Le groupe dit du \u2018Grand public\u2019 ou visiteurs, et des personnes qui seront pr\u00e9sentes et qui pourront\u00a0:\n<ul>\n<li>assister en qualit\u00e9 de spectateur et \u00e0 distance au concours de d\u00e9gustation<\/li>\n<li>se restaurer le temps de midi et tout au long de la journ\u00e9e<\/li>\n<li>proc\u00e9der \u00e0 des achats divers de produits locaux qui pourraient \u00eatre mis en vente.<\/li>\n<li>assister \u00e0 distance \u00e0 une distillation et comprendre les constituants d\u2019un alambic.<\/li>\n<\/ul>\n<\/li>\n<\/ul>\n<\/li>\n<\/ul>\n<h2 style=\"padding-left: 40px\">b)\u00a0\u00a0\u00a0 Un calendrier de projet, avec les jalons cl\u00e9s.<\/h2>\n<p style=\"padding-left: 40px\">&#8211; <strong>Date du concours<\/strong>\u00a0: le Samedi 29 Mars 2025<\/p>\n<p style=\"padding-left: 40px\">&#8211; <strong>R\u00e9troplanning<\/strong> :<\/p>\n<p style=\"padding-left: 80px\"><u>J-12 semaines\u00a0: <\/u>3 mois avant l\u2019\u00e9v\u00e9nement\u00a0:<\/p>\n<ul>\n<li style=\"list-style-type: none\">\n<ul>\n<li style=\"list-style-type: none\">\n<ul>\n<li>Envoi des demandes d&rsquo;autorisations officielles<\/li>\n<\/ul>\n<\/li>\n<\/ul>\n<\/li>\n<\/ul>\n<p style=\"padding-left: 80px\"><u>Jour j \u2013 8 semaines\u00a0:<\/u><\/p>\n<p style=\"padding-left: 80px\">Deux mois avant la date de l\u2019\u00e9v\u00e9nement\u00a0:<\/p>\n<ul>\n<li style=\"list-style-type: none\">\n<ul>\n<li style=\"list-style-type: none\">\n<ul>\n<li>Appel aux candidats au concours<\/li>\n<li>Appel aux candidats membres du jury<\/li>\n<li>Appel aux b\u00e9n\u00e9voles de MVT pour supporter l\u2019\u00e9v\u00e9nement<\/li>\n<li>Appel aux \u00e9ventuels \u2018exposants\u2019 en vue de la vente d\u2019eaux de vie ( \u00e0 confirmer ce point)<\/li>\n<li>Information aupr\u00e8s des instances de la tenue de l\u2019\u00e9v\u00e9nement r\u00e9unissant du public (pr\u00e9fecture, gendarmerie, \u2026..)<\/li>\n<\/ul>\n<\/li>\n<\/ul>\n<\/li>\n<\/ul>\n<p style=\"padding-left: 80px\"><u>Jour J:<\/u><\/p>\n<p style=\"padding-left: 80px\">Jour J\u00a0: Concours (\u00e0 charge MVT)<\/p>\n<ul>\n<li style=\"list-style-type: none\">\n<ul>\n<li style=\"list-style-type: none\">\n<ul>\n<li><u>Pr\u00e9s\u00e9lection\u00a0:<\/u>\n<ul>\n<li>09h00\u00a0: Arriv\u00e9e du jury de pr\u00e9s\u00e9lection 3 x6 = 18 personnes<\/li>\n<li>09h00\u00a0: \u00e9lection du Pr\u00e9sident de chacun de jurys et d\u00e9gustation<\/li>\n<li>09h00\u00a0: d\u00e9but du concours de pr\u00e9s\u00e9lection<\/li>\n<\/ul>\n<\/li>\n<li>10h00\u00a0: proclamation des r\u00e9sultats et des deux finalistes par jury (soit 6 finalistes)<\/li>\n<\/ul>\n<\/li>\n<\/ul>\n<\/li>\n<\/ul>\n<p style=\"padding-left: 80px\">2) <u>Concours (Final)<\/u><\/p>\n<ul>\n<li style=\"list-style-type: none\">\n<ul>\n<li style=\"list-style-type: none\">\n<ul>\n<li>10h30\u00a0: Arriv\u00e9e et installation du jury des finalistes<\/li>\n<li>11h00\u00a0: D\u00e9but du concours (dur\u00e9e 1h00)<\/li>\n<li>12h00 proclamation des r\u00e9sultats et remise des prix (m\u00e9dailles)<\/li>\n<li>13h00 Repas<\/li>\n<\/ul>\n<\/li>\n<\/ul>\n<\/li>\n<\/ul>\n<p style=\"padding-left: 80px\">Jour J\u00a0: Atelier de distillation (\u00e0 charge Syndicat de Distillation de Fr\u00e9mer\u00e9ville)<\/p>\n<ul>\n<li style=\"list-style-type: none\">\n<ul>\n<li style=\"list-style-type: none\">\n<ul>\n<li>10h00 \u2013 16h00 ouverture atelier distillation \/ d\u00e9monstration \/ explications au public<\/li>\n<\/ul>\n<\/li>\n<\/ul>\n<\/li>\n<\/ul>\n<p style=\"padding-left: 80px\">Jour J : Restauration et buvette (\u00e0 charge de l&rsquo;Association les Babures)<\/p>\n<ul>\n<li style=\"list-style-type: none\">\n<ul>\n<li style=\"list-style-type: none\">\n<ul>\n<li>10h00 \u2013 16h00 ouverture buvette<\/li>\n<li>11h30 \u2013 14h00 ouverture de la restauration<\/li>\n<\/ul>\n<\/li>\n<\/ul>\n<\/li>\n<\/ul>\n<h2 style=\"padding-left: 40px\">c)\u00a0\u00a0\u00a0 Expos\u00e9 des r\u00f4les et responsabilit\u00e9s de l\u2019\u00e9quipe projet.<\/h2>\n<p style=\"padding-left: 80px\"><strong>L\u2019association Meuse Vergers Traditions<\/strong>\u00a0:<\/p>\n<ul>\n<li style=\"list-style-type: none\">\n<ul>\n<li style=\"list-style-type: none\">\n<ul>\n<li>Organise le concours de d\u00e9gustation (en tant que tel)<\/li>\n<li>Organise la pr\u00e9s\u00e9lection des finalistes<\/li>\n<li>Tiendra un stand de vente des boissons de type jus de pomme, boissons alcoolis\u00e9es (de groupe 2)<\/li>\n<li>Liste non limitative et \u00e0 compl\u00e9ter<\/li>\n<\/ul>\n<\/li>\n<\/ul>\n<\/li>\n<\/ul>\n<p style=\"padding-left: 80px\">\u00a0<strong>La commune de Fr\u00e9mer\u00e9ville<\/strong> :<\/p>\n<ul>\n<li style=\"list-style-type: none\">\n<ul>\n<li style=\"list-style-type: none\">\n<ul>\n<li>Assure la s\u00e9curit\u00e9 en g\u00e9n\u00e9rale de la manifestation, des lieux publics,<\/li>\n<li>Mise \u00e0 disposition des b\u00e2timents dont \u2018la Grange\u2019, l\u2019espace public attenant \u00e0 la grange et donnant sur la rue principale..<\/li>\n<\/ul>\n<\/li>\n<\/ul>\n<\/li>\n<\/ul>\n<p style=\"padding-left: 80px\"><strong>Le Comit\u00e9 des f\u00eates de Fr\u00e9mer\u00e9ville<\/strong> (les Babures) :<\/p>\n<ul>\n<li style=\"list-style-type: none\">\n<ul>\n<li style=\"list-style-type: none\">\n<ul>\n<li>Organise la restauration et buvettes.<\/li>\n<li>Liste non limitative et \u00e0 compl\u00e9ter<\/li>\n<\/ul>\n<\/li>\n<\/ul>\n<\/li>\n<\/ul>\n<ul>\n<li style=\"list-style-type: none\">\n<ul>\n<li><strong>Le\u00a0 Syndicat de distillation de Fr\u00e9mer\u00e9ville<\/strong> :\n<ul>\n<li>Anime l\u2019atelier communal de distillation donnant explications aux visiteurs se trouvant \u00e0 l\u2019ext\u00e9rieur du b\u00e2timent.<\/li>\n<li>Ouvre ses portes \u00e0 l\u2019atelier de distillation<\/li>\n<li>G\u00e8re les visiteurs dans l\u2019atelier municipal<\/li>\n<li>Liste non limitative et \u00e0 compl\u00e9ter<\/li>\n<\/ul>\n<\/li>\n<\/ul>\n<\/li>\n<\/ul>\n<ul>\n<li style=\"list-style-type: none\">\n<ul>\n<li><strong>L&rsquo;UDSAH Moselle et membres du \/des jurys :<br \/>\n<\/strong><\/li>\n<\/ul>\n<\/li>\n<\/ul>\n<ul>\n<li style=\"list-style-type: none\">\n<ul>\n<li style=\"list-style-type: none\">\n<ul>\n<li>Assure la conduite du concours de d\u00e9gustation notamment dans sa phase de classements des 6 finalistes.<\/li>\n<\/ul>\n<\/li>\n<\/ul>\n<\/li>\n<\/ul>\n<ul>\n<li style=\"list-style-type: none\">\n<ul>\n<li><strong>\u00a0Les comp\u00e9titeurs<\/strong> :\n<ul>\n<li>Ce sont\u00a0des bouilleurs de cru, membres ou non de l\u2019association MVT ou des Bouilleurs ambulants<\/li>\n<li>Ils fournissent une bouteille d\u2019eau de vie de mirabelles au jury pour \u00e9valuation.<\/li>\n<li>Ils sont destinataires des r\u00e9sultats, voire des r\u00e9compenses qui leur seraient attribu\u00e9es.<\/li>\n<\/ul>\n<\/li>\n<\/ul>\n<\/li>\n<\/ul>\n<ul>\n<li style=\"list-style-type: none\">\n<ul>\n<li><strong>Le Grand public :<br \/>\n<\/strong><\/p>\n<ul>\n<li>Il s\u2019agit de tout public invit\u00e9 ou non et pr\u00e9sent que le lieu de la manifestation.<\/li>\n<li>Assiste pour ceux qui souhaitent \u00e0 distance au concours de d\u00e9gustation.<\/li>\n<li>Se restaure le temps de midi et tout au long de la journ\u00e9e.<\/li>\n<li>Proc\u00e8de \u00e0 des achats divers de produits locaux qui pourraient \u00eatre mis en vente.<\/li>\n<li>Assiste \u00e0 distance \u00e0 une distillation et comprendre les constituants d\u2019un alambic<\/li>\n<\/ul>\n<\/li>\n<\/ul>\n<\/li>\n<\/ul>\n<ul>\n<li style=\"list-style-type: none\"><\/li>\n<\/ul>\n<h2 style=\"padding-left: 40px\">d) Un registre des risques pour pr\u00e9ciser comment nous comptons limiter les risques li\u00e9s au projet.<\/h2>\n<p style=\"padding-left: 40px\">Voir document annexe\u00a0:<\/p>\n<h2 style=\"padding-left: 40px\">e) Les outils de g\u00e9n\u00e9ration de rapports que vous emploierez tout au long du projet.<\/h2>\n<p style=\"padding-left: 40px\">L\u2019outil de gestion de rapport sera Word avec partage sous un cloud.<\/p>\n<h1>IV) Objectifs et livrables du projet<\/h1>\n<ul>\n<li>Assurer une manifestation sans incident (s\u00e9curit\u00e9)<\/li>\n<li>D\u00e9livrer une \u00e9valuation qualitative des eaux-de-vie<\/li>\n<li>Remise de r\u00e9compense au profit des comp\u00e9titeurs<\/li>\n<li>Sensibiliser tout public \u00e0 la qualit\u00e9 d\u2019une eau de vie<\/li>\n<\/ul>\n<h1>V) Ressources n\u00e9cessaires :<\/h1>\n<p>Les ressources n\u00e9cessaires se d\u00e9composent en deux grands segments\u00a0: celles qui vont etre mises en place part les diff\u00e9rents contributeurs d\u00e9j\u00e0 pr\u00e9cit\u00e9s et que ce soit au niveau des groupes tels que\u00a0:<\/p>\n<ul>\n<li>L\u2019association Les Babures (de Fr\u00e9mer\u00e9ville)<\/li>\n<li>L\u2019association Meuse vergers Traditions<\/li>\n<li>Le syndicat communal des bouilleurs de cru de Fr\u00e9mer\u00e9ville<\/li>\n<li>La commune de Fr\u00e9mer\u00e9ville<\/li>\n<\/ul>\n<p>Pour ce premier segment les ressources n\u00e9cessaires sont \u00e0 charge de chacun des groupes.<\/p>\n<p>Le second segment de ressources n\u00e9cessaires est plus de nature\u00a0: autorisations, support \u00e0 la s\u00e9curit\u00e9 des personnes et des biens.<\/p>\n<p>En ce sens et dans un premier temps nous sollicitions les services de la sous-pr\u00e9fecture afin d\u2019\u00eatre guid\u00e9s, voire appuy\u00e9 quant aux formalit\u00e9s administratives auxquelles il nous convient de r\u00e9pondre pour \u00eatre en mesure de tenir cet \u00e9v\u00e9nement.<\/p>\n<h1>VI) Conclusion<\/h1>\n<p>La tenue de ce concours de d\u00e9gustation tel que pr\u00e9sent\u00e9 est de notre point de vue un des moyens le plus ouvert et compr\u00e9hensible \u00e0 la fois pour les bouilleurs de cru, les bouilleurs ambulants et par le grand public pour redonner un peu ses lettres de noblesse \u00e0 nos eaux-de-vie notamment de mirabelle au travers d\u2019une recherche de la qualit\u00e9.<\/p>\n<p>Faire reconnaitre et accepter des axes d\u2019am\u00e9lioration en termes de qualit\u00e9 des eaux-de-vie, s\u2019ouvrir dans le cadre du partage des connaissances et d\u2019une am\u00e9lioration continue des fa\u00e7ons de proc\u00e9der est la t\u00e2che \u00e0 laquelle s\u2019attache l\u2019Association Meuse Vergers Traditions par les formations\u00a0 qu\u2019elle met en place.<\/p>\n<table>\n<tbody>\n<tr>\n<td width=\"650\">Ligny le 03\/11\/2024<\/td>\n<\/tr>\n<tr>\n<td width=\"650\">Patrick MARTINET<\/td>\n<\/tr>\n<tr>\n<td width=\"650\">Pr\u00e9sident Association Meuse Vergers Traditions<\/td>\n<\/tr>\n<tr>\n<td width=\"650\"><\/td>\n<\/tr>\n<\/tbody>\n<\/table>\n<p>&nbsp;<\/p>\n<p>&nbsp;<\/p>\n<p>&nbsp;<\/p>\n<p>&nbsp;<\/p>\n<p>&nbsp;<\/p>\n<p>&nbsp;<\/p>\n<p>&nbsp;<\/p>\n<p>&nbsp;<\/p>\n<p>&nbsp;<\/p>\n","protected":false},"excerpt":{"rendered":"<p>Views: 23Ce document \/ texte a pour objet de pr\u00e9senter les grandes lignes du projet coorganis\u00e9 par l\u2019Association Meuse Vergers Traditions et la Commune de Fr\u00e9mer\u00e9ville. Il est destin\u00e9 \u00e0 tout public souhaitant en connaitre les tenants et les aboutissants. \u00a0I ) En Synth\u00e8se : a)\u00a0 La probl\u00e9matique que notre projet cherche \u00e0 r\u00e9soudre : [&hellip;]<\/p>\n","protected":false},"author":2171,"featured_media":0,"comment_status":"open","ping_status":"open","sticky":false,"template":"","format":"standard","meta":{"_crdt_document":"","footnotes":""},"categories":[9],"tags":[],"class_list":["post-1240","post","type-post","status-publish","format-standard","hentry","category-evenements"],"_links":{"self":[{"href":"https:\/\/www.kananas.com\/meusevergerstraditions\/wp-json\/wp\/v2\/posts\/1240","targetHints":{"allow":["GET"]}}],"collection":[{"href":"https:\/\/www.kananas.com\/meusevergerstraditions\/wp-json\/wp\/v2\/posts"}],"about":[{"href":"https:\/\/www.kananas.com\/meusevergerstraditions\/wp-json\/wp\/v2\/types\/post"}],"author":[{"embeddable":true,"href":"https:\/\/www.kananas.com\/meusevergerstraditions\/wp-json\/wp\/v2\/users\/2171"}],"replies":[{"embeddable":true,"href":"https:\/\/www.kananas.com\/meusevergerstraditions\/wp-json\/wp\/v2\/comments?post=1240"}],"version-history":[{"count":7,"href":"https:\/\/www.kananas.com\/meusevergerstraditions\/wp-json\/wp\/v2\/posts\/1240\/revisions"}],"predecessor-version":[{"id":1284,"href":"https:\/\/www.kananas.com\/meusevergerstraditions\/wp-json\/wp\/v2\/posts\/1240\/revisions\/1284"}],"wp:attachment":[{"href":"https:\/\/www.kananas.com\/meusevergerstraditions\/wp-json\/wp\/v2\/media?parent=1240"}],"wp:term":[{"taxonomy":"category","embeddable":true,"href":"https:\/\/www.kananas.com\/meusevergerstraditions\/wp-json\/wp\/v2\/categories?post=1240"},{"taxonomy":"post_tag","embeddable":true,"href":"https:\/\/www.kananas.com\/meusevergerstraditions\/wp-json\/wp\/v2\/tags?post=1240"}],"curies":[{"name":"wp","href":"https:\/\/api.w.org\/{rel}","templated":true}]}}