{"id":1247,"date":"2024-12-31T09:59:49","date_gmt":"2024-12-31T08:59:49","guid":{"rendered":"https:\/\/www.kananas.com\/meusevergerstraditions\/?p=1247"},"modified":"2025-01-04T10:00:45","modified_gmt":"2025-01-04T09:00:45","slug":"meilleurs-voeux-2025","status":"publish","type":"post","link":"https:\/\/www.kananas.com\/meusevergerstraditions\/2024\/12\/31\/meilleurs-voeux-2025\/","title":{"rendered":"Meilleurs V\u0153ux 2025"},"content":{"rendered":"<p>Views: 7<\/p>\r\n<p><em>Madame, Monsieur\u00a0; \u00a0 \u00a0 \u00a0 <\/em><\/p>\r\n<p style=\"text-align: justify\"><em>\u00a0<\/em><em>Au nom du Conseil d\u2019Administration de notre jeune association <strong>\u2018Meuse Vergers Traditions\u2019<\/strong> et de tous les membres actifs qui \u0153uvrent au rayonnement des activit\u00e9s que nous proposons, que ce soit en Arboriculture ou en valorisation des fruits de nos vergers familiaux et sous toutes leurs formes : <\/em><\/p>\r\n<p style=\"text-align: justify\"><em>\u00a0<\/em><em>Je vous pr\u00e9sente, pour la nouvelle Ann\u00e9e 2025, \u00e0 vous et \u00e0 vos proches, tous mes meilleurs v\u0153ux de sant\u00e9, de bonheur et de r\u00e9ussite dans toutes les actions que vous pourrez entreprendre.<\/em><\/p>\r\n<p><img loading=\"lazy\" decoding=\"async\" class=\" wp-image-1250 aligncenter\" src=\"http:\/\/www.kananas.com\/meusevergerstraditions\/wp-content\/uploads\/sites\/2085\/2025\/01\/MVT_Voeux_2025_Recto-300x189.jpg\" alt=\"\" width=\"475\" height=\"299\" srcset=\"https:\/\/www.kananas.com\/meusevergerstraditions\/wp-content\/uploads\/sites\/2085\/2025\/01\/MVT_Voeux_2025_Recto-300x189.jpg 300w, https:\/\/www.kananas.com\/meusevergerstraditions\/wp-content\/uploads\/sites\/2085\/2025\/01\/MVT_Voeux_2025_Recto-1024x647.jpg 1024w, https:\/\/www.kananas.com\/meusevergerstraditions\/wp-content\/uploads\/sites\/2085\/2025\/01\/MVT_Voeux_2025_Recto-768x485.jpg 768w, https:\/\/www.kananas.com\/meusevergerstraditions\/wp-content\/uploads\/sites\/2085\/2025\/01\/MVT_Voeux_2025_Recto-1536x970.jpg 1536w, https:\/\/www.kananas.com\/meusevergerstraditions\/wp-content\/uploads\/sites\/2085\/2025\/01\/MVT_Voeux_2025_Recto-2048x1293.jpg 2048w, https:\/\/www.kananas.com\/meusevergerstraditions\/wp-content\/uploads\/sites\/2085\/2025\/01\/MVT_Voeux_2025_Recto-1200x758.jpg 1200w\" sizes=\"auto, (max-width: 475px) 100vw, 475px\" \/><\/p>\r\n<p style=\"text-align: justify\"><em>\u00a0<\/em><em>Le partage des savoir-faire, des bonnes pratiques dans un esprit d\u2019entraide constitue l\u2019ADN de notre association, le moteur de notre engagement, dans cette volont\u00e9 de pr\u00e9server et de p\u00e9renniser nos vergers familiaux\u00a0; marchant dans les pas de nos Anciens et se voulant marquer ainsi le chemin \u00e0 suivre pour nos g\u00e9n\u00e9rations futures.<\/em><\/p>\r\n<p style=\"text-align: justify\"><em>\u00a0<\/em><em>Dans un contexte de changement climatique avec les cons\u00e9quences qui en d\u00e9coulent pour nos vergers, dont des saisons \u00e9maill\u00e9es de moindres r\u00e9coltes ne restons pas fatalistes : Invitons \u00e0 nous rejoindre et \u00e0 \u0153uvrer, tous ceux qui partagent cette conviction, celle d\u2019un destin qui appartient \u00e0 ceux qui s\u2019engagent \u00e0 le prendre en main.<\/em><\/p>\r\n<p style=\"text-align: justify\"><em>\u00a0<\/em><em>Apr\u00e8s seulement 18 mois d\u2019existence, le seuil tout juste franchi des 100 adh\u00e9rents \u00e0 notre association constitue une des meilleures sources de motivation, nous renfor\u00e7ant ainsi dans notre conviction de continuer \u00e0 poursuivre et amplifier les actions engag\u00e9es. Je vous remercie personnellement pour cette marque de confiance et de soutien.<\/em><\/p>\r\n<p style=\"text-align: justify\"><em>\u00a0Bonne Ann\u00e9e 2025 !<\/em><\/p>\r\n<p style=\"text-align: justify\"><em>\u00a0<\/em><em>La neige est aux montagnes, ce que les fleurs de nos mirabelliers sont aux C\u00f4tes-de-Meuse\u00a0: cet \u2018Or Blanc\u2019 qu\u2019il nous convient de ch\u00e9rir et de pr\u00e9server\u00a0!<\/em><\/p>\r\n<p>Patrick MARTINET &#8211; Pr\u00e9sident MVT<\/p>\r\n\r\n\r\n\r\n<figure class=\"wp-block-image size-large\"><img loading=\"lazy\" decoding=\"async\" width=\"1024\" height=\"647\" class=\"wp-image-1251\" src=\"http:\/\/www.kananas.com\/meusevergerstraditions\/wp-content\/uploads\/sites\/2085\/2025\/01\/MVT_Voeux_2025_Verso-1024x647.jpg\" alt=\"\" srcset=\"https:\/\/www.kananas.com\/meusevergerstraditions\/wp-content\/uploads\/sites\/2085\/2025\/01\/MVT_Voeux_2025_Verso-1024x647.jpg 1024w, https:\/\/www.kananas.com\/meusevergerstraditions\/wp-content\/uploads\/sites\/2085\/2025\/01\/MVT_Voeux_2025_Verso-300x189.jpg 300w, https:\/\/www.kananas.com\/meusevergerstraditions\/wp-content\/uploads\/sites\/2085\/2025\/01\/MVT_Voeux_2025_Verso-768x485.jpg 768w, https:\/\/www.kananas.com\/meusevergerstraditions\/wp-content\/uploads\/sites\/2085\/2025\/01\/MVT_Voeux_2025_Verso-1536x970.jpg 1536w, https:\/\/www.kananas.com\/meusevergerstraditions\/wp-content\/uploads\/sites\/2085\/2025\/01\/MVT_Voeux_2025_Verso-2048x1293.jpg 2048w, https:\/\/www.kananas.com\/meusevergerstraditions\/wp-content\/uploads\/sites\/2085\/2025\/01\/MVT_Voeux_2025_Verso-1200x758.jpg 1200w\" sizes=\"auto, (max-width: 1024px) 100vw, 1024px\" \/><\/figure>\r\n","protected":false},"excerpt":{"rendered":"<p>Views: 7 Madame, Monsieur\u00a0; \u00a0 \u00a0 \u00a0 \u00a0Au nom du Conseil d\u2019Administration de notre jeune association \u2018Meuse Vergers Traditions\u2019 et de tous les membres actifs qui \u0153uvrent au rayonnement des activit\u00e9s que nous proposons, que ce soit en Arboriculture ou en valorisation des fruits de nos vergers familiaux et sous toutes leurs formes : \u00a0Je [&hellip;]<\/p>\n","protected":false},"author":2171,"featured_media":0,"comment_status":"open","ping_status":"open","sticky":false,"template":"","format":"standard","meta":{"_crdt_document":"","footnotes":""},"categories":[4],"tags":[],"class_list":["post-1247","post","type-post","status-publish","format-standard","hentry","category-actualite"],"_links":{"self":[{"href":"https:\/\/www.kananas.com\/meusevergerstraditions\/wp-json\/wp\/v2\/posts\/1247","targetHints":{"allow":["GET"]}}],"collection":[{"href":"https:\/\/www.kananas.com\/meusevergerstraditions\/wp-json\/wp\/v2\/posts"}],"about":[{"href":"https:\/\/www.kananas.com\/meusevergerstraditions\/wp-json\/wp\/v2\/types\/post"}],"author":[{"embeddable":true,"href":"https:\/\/www.kananas.com\/meusevergerstraditions\/wp-json\/wp\/v2\/users\/2171"}],"replies":[{"embeddable":true,"href":"https:\/\/www.kananas.com\/meusevergerstraditions\/wp-json\/wp\/v2\/comments?post=1247"}],"version-history":[{"count":4,"href":"https:\/\/www.kananas.com\/meusevergerstraditions\/wp-json\/wp\/v2\/posts\/1247\/revisions"}],"predecessor-version":[{"id":1254,"href":"https:\/\/www.kananas.com\/meusevergerstraditions\/wp-json\/wp\/v2\/posts\/1247\/revisions\/1254"}],"wp:attachment":[{"href":"https:\/\/www.kananas.com\/meusevergerstraditions\/wp-json\/wp\/v2\/media?parent=1247"}],"wp:term":[{"taxonomy":"category","embeddable":true,"href":"https:\/\/www.kananas.com\/meusevergerstraditions\/wp-json\/wp\/v2\/categories?post=1247"},{"taxonomy":"post_tag","embeddable":true,"href":"https:\/\/www.kananas.com\/meusevergerstraditions\/wp-json\/wp\/v2\/tags?post=1247"}],"curies":[{"name":"wp","href":"https:\/\/api.w.org\/{rel}","templated":true}]}}