{"id":1289,"date":"2025-02-05T08:04:51","date_gmt":"2025-02-05T07:04:51","guid":{"rendered":"https:\/\/www.kananas.com\/meusevergerstraditions\/?p=1289"},"modified":"2025-02-25T15:27:25","modified_gmt":"2025-02-25T14:27:25","slug":"concours-degusation-mirabelle-2025","status":"publish","type":"post","link":"https:\/\/www.kananas.com\/meusevergerstraditions\/2025\/02\/05\/concours-degusation-mirabelle-2025\/","title":{"rendered":"1er Concours de d\u00e9gustation eaux-de-vie de Mirabelle"},"content":{"rendered":"<p>Views: 56<\/p><p>Organis\u00e9e en partenariat avec les bouilleurs de cru et l\u2019association locale \u2018les Babures\u2019,\u00a0 <strong>Samedi 29 mars 2025,\u00a0<\/strong> se tiendra la\u00a0 <strong>1<sup>\u00e9re <\/sup>F\u00eate de l\u2019Alambic<\/strong> avec le <strong>1<sup>er <\/sup>concours de d\u00e9gustation des eaux-de-vie de Mirabelle de Lorraine<\/strong> en Meuse. C&rsquo;est \u00e0 Fr\u00e9mer\u00e9ville-sous-les-C\u00f4tes, dans un cadre festif!<\/p>\n<p><span style=\"text-decoration: underline\">En effet et au programme<\/span> : restauration, buvette, March\u00e9 du Terroir et de l\u2019Artisanat , groupe musical \u2018Pagro Megra\u2019, d\u00e9monstration de distillation dans l\u2019atelier communal, \u00a0et diff\u00e9rents autres stands&#8230;<\/p>\n<h1>Buts du concours<\/h1>\n<p>Le concours d\u00e9partemental de d\u00e9gustation des Eaux-de-Vie (Mirabelle) qui se tient \u00e0 Fr\u00e9mer\u00e9ville-sous-les-C\u00f4tes est organis\u00e9 dans le but de\u00a0: contribuer \u00e0 am\u00e9liorer la qualit\u00e9 des eaux-de-vie produites en Meuse par les bouilleurs de cru, promouvoir la vie locale, communiquer sur les bonnes pratiques et valoriser les propri\u00e9taires de vergers familiaux qui \u0153uvrent pour le maintien des traditions. Il n\u2019a pas vocation \u00e0 favoriser la promotion ou la commercialisation de ces alcools qui sont strictement r\u00e9serv\u00e9s \u00e0 une consommation personnelle.<\/p>\n<p><strong>Pour rappel<\/strong>\u00a0: Le bouilleur de cru est un particulier qui fabrique des alcools \u00e0 partir de fruits d\u00e9tenus et r\u00e9colt\u00e9s sur un terrain qu\u2019il a le droit de cultiver et consomm\u00e9s par lui, les membres de sa famille ou ses invit\u00e9s (r\u00e9glementation du 1 janvier 2024)<\/p>\n<p>La d\u00e9gustation a pour objet de d\u00e9tecter les impressions aromatiques d\u2019une eau-de-vie et de les restituer par un vocabulaire adapt\u00e9. Elle concerne les impressions dans l\u2019ordre chronologique suivant\u00a0: <strong>Visuel, Odeur <\/strong>Typicit\u00e9 &#8211; <strong>Odeur <\/strong>Agr\u00e9ment &#8211; <strong>Go\u00fbt <\/strong>Attaque &#8211; <strong>Go\u00fbt <\/strong>Longueur en bouche (voir en annexe\u00a0: fiches de notation, fiche m\u00e9mento du d\u00e9gustateur).<\/p>\n<p>Sur la base de la d\u00e9tection de ces impressions aromatiques, le but final de ce concours de d\u00e9gustation est, si n\u00e9cessaire, d\u2019amener les comp\u00e9titeurs \u00e0 prendre conscience des axes d\u2019am\u00e9lioration leur permettant de produire une eau-de-vie de qualit\u00e9. Susciter l\u2019int\u00e9r\u00eat \u00a0l\u00e9gitime \u00e0 suivre les stages de formation de \u2018<em>pr\u00e9paration du mo\u00fbt avant distillation<\/em>\u2019, comme de \u2018<em>Distillation traditionnelle ou moderne\u2019<\/em> serait le but ultime, et ce afin de produire une eau-de-vie exempte de faux-go\u00fbts et refl\u00e9tant au mieux celui du fruit distill\u00e9.<\/p>\n<h1>Produits admis \u00e0 concourir<\/h1>\n<p>Le concours est ouvert \u00e0 toutes les eaux-de-vie de Mirabelle de Lorraine, produites en Meuse, \u00e9labor\u00e9es conform\u00e9ment aux m\u00e9thodes traditionnelles, dans le respect de la r\u00e9glementation applicable aux bouilleurs de cru et de la l\u00e9gislation en vigueur de la DGDDI<sup>1<\/sup> ou de la charte du Bouilleur de cru de la FNSRPE et que cet alcool soit distill\u00e9 :<\/p>\n<ul>\n<li><strong>Par les bouilleurs de cru<\/strong>, au sein d\u2019atelier communaux en leur qualit\u00e9 de membres d\u2019associations ou de syndicats communaux de distillation, \u00e0 partir de mo\u00fbt dont ils auront assur\u00e9 la fermentation.<\/li>\n<li><strong>Par des Bouilleurs Ambulants<\/strong>, dont les bouilleurs de cru leur auront confi\u00e9 le mo\u00fbt dont ils auront assur\u00e9 la fermentation.<\/li>\n<li><strong>Par des distillateurs locaux<\/strong>. Cette possibilit\u00e9 est destin\u00e9e \u00e0 permettre notamment de compl\u00e9ter le nombre de candidats par des eaux-de-vie produites par des distilleries locales.<\/li>\n<\/ul>\n<p>Ces eaux-de-vie doivent avoir \u00e9t\u00e9 produites selon les r\u00e8gles en vigueur, notamment de respect des r\u00e8gles des douanes : Doit \u00eatre en mesure de fournir un DSA pour les produits issus des bouilleurs de cru, invitation \u00e9manant du comit\u00e9 d\u2019organisation justifiant le transport de l\u2019alcool du domicile du comp\u00e9titeur vers le lieu du concours. Pour les eaux-de-vie dites \u2018du Commerce\u2019 c\u2019est-\u00e0-dire celles produites dans les distilleries locales, dont le but est de venir en compl\u00e9ment de participants au concours, un \u00e9tiquetage et une identification claire devra figurer sur le contenant afin de r\u00e9pondre aux conditions stipul\u00e9es \u00e0 l\u2019article.<\/p>\n<h1>Organisation:<\/h1>\n<p>Le concours se d\u00e9roulera en deux \u00e9tapes :<\/p>\n<ul>\n<li>11h:00 : Concours de\u00a0 pr\u00e9s\u00e9lection de 6 finalistes parmi 18 candidats potentiels<\/li>\n<li>14h00\u00a0 : Concours final<\/li>\n<li>15h30 : proclamation des r\u00e9sultats<\/li>\n<\/ul>\n<p>Le jury final sera compos\u00e9 de d\u00e9gustateurs aguerris par la pratique de tels concours de d\u00e9gustation venant de la Moselle, du bas-Rhin et de la Meuse.<\/p>\n<h1>Pour plus de d\u00e9tails :<\/h1>\n<ul>\n<li>Pour tout renseignement contacter : Patrick MARTINET 06 46 58 68 18 ou <span style=\"color: #0000ff\">patrick.martinet@meusevergerstraditions.org<\/span><\/li>\n<li>Pour t\u00e9l\u00e9charger le r\u00e9glement complet du concours : <strong><a href=\"http:\/\/www.kananas.com\/meusevergerstraditions\/wp-content\/uploads\/sites\/2085\/2025\/02\/Reglement_Concours_Degustation_V8_All.pdf\" target=\"_blank\" rel=\"noopener\">&lsquo;Cliquez Ici<\/a>&lsquo;<\/strong><\/li>\n<li>Pour t\u00e9l\u00e9charger le Flyer de la f\u00eate de l&rsquo;alambic : <strong><a href=\"http:\/\/www.kananas.com\/meusevergerstraditions\/wp-content\/uploads\/sites\/2085\/2025\/02\/Flyer_Fete_de_lAlambic_29-03-2025-scaled.jpg\" target=\"_blank\" rel=\"noopener\">&lsquo;Cliquez ici&rsquo;<\/a><\/strong><\/li>\n<li>Pour t\u00e9l\u00e9charger le bulletin d&rsquo;inscription au concours de d\u00e9gustation : <a href=\"http:\/\/www.kananas.com\/meusevergerstraditions\/wp-content\/uploads\/sites\/2085\/2025\/02\/MVT_Inscription_Concours_Degustation_2025.pdf\" target=\"_blank\" rel=\"noopener\">&lsquo;Cliquez ici&rsquo;<\/a><\/li>\n<\/ul>\n<p>Patrick MARTINET &#8211; Pr\u00e9sident MVT<\/p>\n<p><img loading=\"lazy\" decoding=\"async\" class=\"wp-image-1315 alignleft\" src=\"http:\/\/www.kananas.com\/meusevergerstraditions\/wp-content\/uploads\/sites\/2085\/2025\/02\/2024-10-27_ER_Fremereville_FNSRPE-00-160x300.jpg\" alt=\"\" width=\"333\" height=\"624\" srcset=\"https:\/\/www.kananas.com\/meusevergerstraditions\/wp-content\/uploads\/sites\/2085\/2025\/02\/2024-10-27_ER_Fremereville_FNSRPE-00-160x300.jpg 160w, https:\/\/www.kananas.com\/meusevergerstraditions\/wp-content\/uploads\/sites\/2085\/2025\/02\/2024-10-27_ER_Fremereville_FNSRPE-00-546x1024.jpg 546w, https:\/\/www.kananas.com\/meusevergerstraditions\/wp-content\/uploads\/sites\/2085\/2025\/02\/2024-10-27_ER_Fremereville_FNSRPE-00.jpg 680w\" sizes=\"auto, (max-width: 333px) 100vw, 333px\" \/><img loading=\"lazy\" decoding=\"async\" class=\"wp-image-1312 alignright\" src=\"http:\/\/www.kananas.com\/meusevergerstraditions\/wp-content\/uploads\/sites\/2085\/2025\/02\/2025-02-04_Article_ER_Prepa_fete_Alambic-180x300.jpg\" alt=\"\" width=\"379\" height=\"632\" srcset=\"https:\/\/www.kananas.com\/meusevergerstraditions\/wp-content\/uploads\/sites\/2085\/2025\/02\/2025-02-04_Article_ER_Prepa_fete_Alambic-180x300.jpg 180w, https:\/\/www.kananas.com\/meusevergerstraditions\/wp-content\/uploads\/sites\/2085\/2025\/02\/2025-02-04_Article_ER_Prepa_fete_Alambic.jpg 590w\" sizes=\"auto, (max-width: 379px) 100vw, 379px\" \/><\/p>\n","protected":false},"excerpt":{"rendered":"<p>Views: 56Organis\u00e9e en partenariat avec les bouilleurs de cru et l\u2019association locale \u2018les Babures\u2019,\u00a0 Samedi 29 mars 2025,\u00a0 se tiendra la\u00a0 1\u00e9re F\u00eate de l\u2019Alambic avec le 1er concours de d\u00e9gustation des eaux-de-vie de Mirabelle de Lorraine en Meuse. C&rsquo;est \u00e0 Fr\u00e9mer\u00e9ville-sous-les-C\u00f4tes, dans un cadre festif! En effet et au programme : restauration, buvette, March\u00e9 [&hellip;]<\/p>\n","protected":false},"author":2171,"featured_media":0,"comment_status":"open","ping_status":"open","sticky":false,"template":"","format":"standard","meta":{"_crdt_document":"","footnotes":""},"categories":[9],"tags":[],"class_list":["post-1289","post","type-post","status-publish","format-standard","hentry","category-evenements"],"_links":{"self":[{"href":"https:\/\/www.kananas.com\/meusevergerstraditions\/wp-json\/wp\/v2\/posts\/1289","targetHints":{"allow":["GET"]}}],"collection":[{"href":"https:\/\/www.kananas.com\/meusevergerstraditions\/wp-json\/wp\/v2\/posts"}],"about":[{"href":"https:\/\/www.kananas.com\/meusevergerstraditions\/wp-json\/wp\/v2\/types\/post"}],"author":[{"embeddable":true,"href":"https:\/\/www.kananas.com\/meusevergerstraditions\/wp-json\/wp\/v2\/users\/2171"}],"replies":[{"embeddable":true,"href":"https:\/\/www.kananas.com\/meusevergerstraditions\/wp-json\/wp\/v2\/comments?post=1289"}],"version-history":[{"count":15,"href":"https:\/\/www.kananas.com\/meusevergerstraditions\/wp-json\/wp\/v2\/posts\/1289\/revisions"}],"predecessor-version":[{"id":1327,"href":"https:\/\/www.kananas.com\/meusevergerstraditions\/wp-json\/wp\/v2\/posts\/1289\/revisions\/1327"}],"wp:attachment":[{"href":"https:\/\/www.kananas.com\/meusevergerstraditions\/wp-json\/wp\/v2\/media?parent=1289"}],"wp:term":[{"taxonomy":"category","embeddable":true,"href":"https:\/\/www.kananas.com\/meusevergerstraditions\/wp-json\/wp\/v2\/categories?post=1289"},{"taxonomy":"post_tag","embeddable":true,"href":"https:\/\/www.kananas.com\/meusevergerstraditions\/wp-json\/wp\/v2\/tags?post=1289"}],"curies":[{"name":"wp","href":"https:\/\/api.w.org\/{rel}","templated":true}]}}