{"id":1294,"date":"2025-02-05T08:00:17","date_gmt":"2025-02-05T07:00:17","guid":{"rendered":"https:\/\/www.kananas.com\/meusevergerstraditions\/?p=1294"},"modified":"2025-02-05T08:00:17","modified_gmt":"2025-02-05T07:00:17","slug":"fete-de-lalambic-a-fremereville-mars-2025","status":"publish","type":"post","link":"https:\/\/www.kananas.com\/meusevergerstraditions\/2025\/02\/05\/fete-de-lalambic-a-fremereville-mars-2025\/","title":{"rendered":"F\u00eate de l&rsquo;Alambic \u00e0 Fr\u00e9mer\u00e9ville Mars 2025"},"content":{"rendered":"<p>Views: 55<\/p><p style=\"text-align: left\"><img loading=\"lazy\" decoding=\"async\" class=\" wp-image-1296 alignright\" src=\"http:\/\/www.kananas.com\/meusevergerstraditions\/wp-content\/uploads\/sites\/2085\/2025\/02\/Flyer_Fete_de_lAlambic_29-03-2025-212x300.jpg\" alt=\"\" width=\"430\" height=\"608\" srcset=\"https:\/\/www.kananas.com\/meusevergerstraditions\/wp-content\/uploads\/sites\/2085\/2025\/02\/Flyer_Fete_de_lAlambic_29-03-2025-212x300.jpg 212w, https:\/\/www.kananas.com\/meusevergerstraditions\/wp-content\/uploads\/sites\/2085\/2025\/02\/Flyer_Fete_de_lAlambic_29-03-2025-724x1024.jpg 724w, https:\/\/www.kananas.com\/meusevergerstraditions\/wp-content\/uploads\/sites\/2085\/2025\/02\/Flyer_Fete_de_lAlambic_29-03-2025-768x1086.jpg 768w, https:\/\/www.kananas.com\/meusevergerstraditions\/wp-content\/uploads\/sites\/2085\/2025\/02\/Flyer_Fete_de_lAlambic_29-03-2025-1086x1536.jpg 1086w, https:\/\/www.kananas.com\/meusevergerstraditions\/wp-content\/uploads\/sites\/2085\/2025\/02\/Flyer_Fete_de_lAlambic_29-03-2025-1448x2048.jpg 1448w, https:\/\/www.kananas.com\/meusevergerstraditions\/wp-content\/uploads\/sites\/2085\/2025\/02\/Flyer_Fete_de_lAlambic_29-03-2025-1200x1697.jpg 1200w, https:\/\/www.kananas.com\/meusevergerstraditions\/wp-content\/uploads\/sites\/2085\/2025\/02\/Flyer_Fete_de_lAlambic_29-03-2025-scaled.jpg 1810w\" sizes=\"auto, (max-width: 430px) 100vw, 430px\" \/><\/p>\n<h1>La 1<sup>\u00e9re<\/sup> F\u00eate de l&rsquo;Alambic en Meuse :<\/h1>\n<p style=\"text-align: left\">En coordination avec les associations\u00a0: \u2018<strong>Les Babures\u2019<\/strong> et \u2018<strong>les bouilleurs de cru<\/strong>\u2019 de Fr\u00e9mer\u00e9ville, le support de son Maire, l\u2019<strong>association Meuse Vergers Traditions<\/strong> organise la <strong>1<sup>\u00e9re<\/sup> f\u00eate de l\u2019Alambic en Meuse<\/strong>, qui se tiendra le <strong>samedi 29\/03\/2025 \u00e0 Fr\u00e9mer\u00e9ville (55210).<\/strong><\/p>\n<p>A ce titre, <strong>l\u2019association des bouilleurs de cru de Fr\u00e9mer\u00e9ville<\/strong> ouvrira les portes de l\u2019atelier communal de distillation afin de permettre aux visiteurs d\u2019assister aux s\u00e9ances de distillation pr\u00e9vues \u00e0 l\u2019occasion de cette journ\u00e9e <sup>(1)<\/sup>. Toutes les explications utiles conduisant \u00e0 la fabrication d\u2019une eau-de-vie de qualit\u00e9 seront donn\u00e9es.<\/p>\n<h1>Le 1<sup>er<\/sup> Concours de d\u00e9gustation:<\/h1>\n<p>L\u2019un des temps forts ou novateur de cette journ\u00e9e de f\u00eate sera \u00e9galement la tenue du <strong>1<sup>er<\/sup> concours d\u00e9partemental de d\u00e9gustation des eaux-de-vie de Mirabelle<\/strong> issues des \u2018bouilleurs de cru\u2019 de la Meuse et de la proche p\u00e9riph\u00e9rie ouvert \u00e0 tout bouilleur de cru\u00a0 qu\u2019il distille au sein d\u2019un atelier communal de distillation ou aupr\u00e8s d\u2019un bouilleur ambulant (distillateur professionnel).<\/p>\n<p>Pour plus de d\u00e9tails sur le concours : <a href=\"https:\/\/www.kananas.com\/meusevergerstraditions\/?p=1289&amp;preview=true\" target=\"_blank\" rel=\"noopener\"><strong>&lsquo;Cliquez ici&rsquo;<\/strong><\/a><\/p>\n<h1>Des activit\u00e9s festives:<\/h1>\n<p>Cette journ\u00e9e de f\u00eate, se voudra \u00eatre aussi un moment de partage et de convivialit\u00e9 au cours de laquelle les visiteurs auront la possibilit\u00e9 de se restaurer sur place, avec : buvette, March\u00e9 du Terroir et de l\u2019Artisanat , groupe musical \u2018Pagro Megra\u2019, d\u00e9monstration de distillation dans l\u2019atelier communal, \u00a0et diff\u00e9rents autres stands comme : pr\u00e9sentations \u00e0 th\u00e8mes autour de la distillation, de son histoire, de bonnes pratiques, de la vie des arbres\u2026,<\/p>\n<p>Souhaitant vous y retrouver nombreux.<\/p>\n<p>Patrick MARTINET &#8211; Pr\u00e9sident MVT<\/p>\n","protected":false},"excerpt":{"rendered":"<p>Views: 55 La 1\u00e9re F\u00eate de l&rsquo;Alambic en Meuse : En coordination avec les associations\u00a0: \u2018Les Babures\u2019 et \u2018les bouilleurs de cru\u2019 de Fr\u00e9mer\u00e9ville, le support de son Maire, l\u2019association Meuse Vergers Traditions organise la 1\u00e9re f\u00eate de l\u2019Alambic en Meuse, qui se tiendra le samedi 29\/03\/2025 \u00e0 Fr\u00e9mer\u00e9ville (55210). A ce titre, l\u2019association des [&hellip;]<\/p>\n","protected":false},"author":2171,"featured_media":0,"comment_status":"open","ping_status":"open","sticky":false,"template":"","format":"standard","meta":{"_crdt_document":"","footnotes":""},"categories":[9],"tags":[],"class_list":["post-1294","post","type-post","status-publish","format-standard","hentry","category-evenements"],"_links":{"self":[{"href":"https:\/\/www.kananas.com\/meusevergerstraditions\/wp-json\/wp\/v2\/posts\/1294","targetHints":{"allow":["GET"]}}],"collection":[{"href":"https:\/\/www.kananas.com\/meusevergerstraditions\/wp-json\/wp\/v2\/posts"}],"about":[{"href":"https:\/\/www.kananas.com\/meusevergerstraditions\/wp-json\/wp\/v2\/types\/post"}],"author":[{"embeddable":true,"href":"https:\/\/www.kananas.com\/meusevergerstraditions\/wp-json\/wp\/v2\/users\/2171"}],"replies":[{"embeddable":true,"href":"https:\/\/www.kananas.com\/meusevergerstraditions\/wp-json\/wp\/v2\/comments?post=1294"}],"version-history":[{"count":6,"href":"https:\/\/www.kananas.com\/meusevergerstraditions\/wp-json\/wp\/v2\/posts\/1294\/revisions"}],"predecessor-version":[{"id":1302,"href":"https:\/\/www.kananas.com\/meusevergerstraditions\/wp-json\/wp\/v2\/posts\/1294\/revisions\/1302"}],"wp:attachment":[{"href":"https:\/\/www.kananas.com\/meusevergerstraditions\/wp-json\/wp\/v2\/media?parent=1294"}],"wp:term":[{"taxonomy":"category","embeddable":true,"href":"https:\/\/www.kananas.com\/meusevergerstraditions\/wp-json\/wp\/v2\/categories?post=1294"},{"taxonomy":"post_tag","embeddable":true,"href":"https:\/\/www.kananas.com\/meusevergerstraditions\/wp-json\/wp\/v2\/tags?post=1294"}],"curies":[{"name":"wp","href":"https:\/\/api.w.org\/{rel}","templated":true}]}}