{"id":230,"date":"2023-09-22T08:12:53","date_gmt":"2023-09-22T06:12:53","guid":{"rendered":"https:\/\/www.kananas.com\/meusevergerstraditions\/?p=230"},"modified":"2023-09-23T11:17:33","modified_gmt":"2023-09-23T09:17:33","slug":"achat-de-vos-arbres-fruitiers-2023-2024","status":"publish","type":"post","link":"https:\/\/www.kananas.com\/meusevergerstraditions\/2023\/09\/22\/achat-de-vos-arbres-fruitiers-2023-2024\/","title":{"rendered":"Achat de vos arbres fruitiers\u00a02023 &#8211; 2024"},"content":{"rendered":"<p>Views: 6<\/p><p><strong><em>En r\u00e9ponse \u00e0 la demande de quelques-uns nos membres, en vue de s\u2019approvisionner en arbres fruitiers pour fin 2023 et fin 2024, l\u2019association Meuse Vergers Traditions a consult\u00e9 deux de nos partenaires\u00a0: La Jardinerie des Prairies (Ligny-en-Barrois) et l\u2019AREFE (Hattonville). Voici leurs propositions\u00a0:<\/em><\/strong><\/p>\n<p>&nbsp;<\/p>\n<h1><span style=\"text-decoration: underline\">La Jardinerie des Pairies<\/span><\/h1>\n<p><img loading=\"lazy\" decoding=\"async\" class=\"size-medium wp-image-232 aligncenter\" src=\"http:\/\/www.kananas.com\/meusevergerstraditions\/wp-content\/uploads\/sites\/2085\/2023\/09\/Logo_Jardinerie_des_Prairies-300x133.png\" alt=\"\" width=\"300\" height=\"133\" srcset=\"https:\/\/www.kananas.com\/meusevergerstraditions\/wp-content\/uploads\/sites\/2085\/2023\/09\/Logo_Jardinerie_des_Prairies-300x133.png 300w, https:\/\/www.kananas.com\/meusevergerstraditions\/wp-content\/uploads\/sites\/2085\/2023\/09\/Logo_Jardinerie_des_Prairies-768x339.png 768w, https:\/\/www.kananas.com\/meusevergerstraditions\/wp-content\/uploads\/sites\/2085\/2023\/09\/Logo_Jardinerie_des_Prairies.png 998w\" sizes=\"auto, (max-width: 300px) 100vw, 300px\" \/><span style=\"color: #0000ff\"><strong>En vue d&rsquo;une plantation fin 2023\u00a0 (et 2024):<\/strong><\/span><\/p>\n<p><strong>Arbres propos\u00e9s<\/strong> : Voir <a href=\"http:\/\/www.kananas.com\/meusevergerstraditions\/wp-content\/uploads\/sites\/2085\/2023\/09\/Catalogue_Arbres_Fruitiers_Jardinerie_des_Prairies.pdf\"><span style=\"color: #00ccff\">catalogue La Jardinerie des Prairies<\/span><\/a><\/p>\n<p><b>Tarifs\u00a0: <\/b><\/p>\n<ul>\n<li>Scions<sup>(1)<\/sup> Mirabelliers et pruniers : \u00a0\u00a0\u00a0\u00a0\u00a0\u00a0\u00a0\u00a0\u00a0\u00a0\u00a0\u00a0 18.50 \u20ac<\/li>\n<li>Quenouille Mirabelliers et pruniers \u00a0\u00a0\u00a0\u00a0 \u00a0 \u00a0 \u00a0 32.00 \u20ac<\/li>\n<li>Pour toute autre vari\u00e9t\u00e9 ou possibilit\u00e9s (voir catalogue) : Contacter : Fabrice Varinot &#8211; 03 29 78 41 99<\/li>\n<\/ul>\n<p><span style=\"text-decoration: underline\"><b>Livraison\u00a0<\/b><\/span><b><span style=\"text-decoration: underline\">:<\/span>\u00a0 <\/b>fin d\u2019ann\u00e9e 2023, selon disponibilit\u00e9s<\/p>\n<p><b><span style=\"text-decoration: underline\">Vos r\u00e9servations \/ commandes:<\/span><br \/>\n<\/b><\/p>\n<ul>\n<li>Ne pas tarder \u00e0 r\u00e9server vos besoins<\/li>\n<li>Tel : 03 29 78 41 99<\/li>\n<li>Courriel : <span style=\"color: #0000ff\">\u00a0<\/span><a href=\"mailto:lajardineriedesprairies@gmail.com\"><span style=\"color: #0000ff\"><span style=\"color: #00ccff\">l<\/span><span style=\"color: #3366ff\"><span style=\"color: #00ccff\">ajardineriedesprairies@gmail.com<\/span><\/span><\/span><\/a><\/li>\n<\/ul>\n<p><span style=\"text-decoration: underline\"><strong>Pourquoi commander \u00e0 La jardinerie des Prairies:<\/strong><\/span><\/p>\n<ul>\n<li>Large choix de vari\u00e9t\u00e9s d\u2019arbres (<a href=\"http:\/\/www.kananas.com\/meusevergerstraditions\/wp-content\/uploads\/sites\/2085\/2023\/09\/Catalogue_Arbres_Fruitiers_Jardinerie_des_Prairies.pdf\"><span style=\"color: #00ccff\">voir catalogue<\/span><\/a>)<\/li>\n<li>Commandes encore possibles pour plantations fin 2023, mais ne tardez pas !<\/li>\n<\/ul>\n<hr \/>\n<h1><span style=\"text-decoration: underline\">l&rsquo;AREFE<\/span> :<\/h1>\n<p><img loading=\"lazy\" decoding=\"async\" class=\"size-medium wp-image-234 aligncenter\" src=\"http:\/\/www.kananas.com\/meusevergerstraditions\/wp-content\/uploads\/sites\/2085\/2023\/09\/AREFE_logo-300x67.jpg\" alt=\"\" width=\"300\" height=\"67\" srcset=\"https:\/\/www.kananas.com\/meusevergerstraditions\/wp-content\/uploads\/sites\/2085\/2023\/09\/AREFE_logo-300x67.jpg 300w, https:\/\/www.kananas.com\/meusevergerstraditions\/wp-content\/uploads\/sites\/2085\/2023\/09\/AREFE_logo.jpg 600w\" sizes=\"auto, (max-width: 300px) 100vw, 300px\" \/><\/p>\n<p><span style=\"text-decoration: underline;color: #0000ff\"><strong>En vue de plantation Fin 2024 :<\/strong><\/span><\/p>\n<p><strong>Arbres propos\u00e9s<\/strong> : pruniers\u2014<span style=\"color: #3366ff\"> <a style=\"color: #3366ff\" href=\"http:\/\/www.kananas.com\/meusevergerstraditions\/wp-content\/uploads\/sites\/2085\/2023\/09\/2022_AREFE_Catalogue.jpg\"><span style=\"color: #289dd4\"><span style=\"color: #00ccff\">voir catalogue AREFE<\/span><\/span><\/a><\/span><\/p>\n<p><b>Tarifs :\u00a0 <\/b>Scions<sup>(1)<\/sup> Mirabelliers et Pruniers\u00a0: \u00a0\u00a0\u00a0\u00a0 16.00 \u20ac<\/p>\n<p><b>Livraison\u00a0<\/b><b>: <\/b>Octobre \/ Novembre\u00a0 <strong>2024<\/strong><\/p>\n<p><b>Vos r\u00e9servations \/ commandes:<\/b><\/p>\n<ul>\n<li>Les r\u00e9servations doivent \u00eatre prises pour <b>fin Octobre 2023<\/b> par courrier, t\u00e9l\u00e9phone ou\u00a0 email<\/li>\n<li>AREFE Rue Arnay le duc \u2013 55210 Hattonville<\/li>\n<li>Tel : 03 29 89 58 18<\/li>\n<li>Courriel : <a href=\"mailto:Contact@prunes-et-mirabelles-de-lorraine.com\"><span style=\"color: #3366ff\"><span style=\"color: #00ccff\"><span style=\"color: #33cccc\"><span style=\"color: #289dd4\"><span style=\"color: #00ccff\">Contact@prunes-et-mirabelles-de-lorraine.com<\/span><\/span><\/span><\/span><\/span><\/a><\/li>\n<\/ul>\n<p><strong>Pourquoi commander \u00e0 l\u2019AREFE<\/strong> :<\/p>\n<ul>\n<li>Greffons issus de la collection de 160 arbres du \u00ab\u00a0<a href=\"http:\/\/www.prunes-et-mirabelles-de-lorraine.com\/\"><span style=\"color: #289dd4\"><span style=\"color: #00ccff\">Verger conservatoire prunes et mirabelles de Lorraine\u00a0\u00bb<\/span><\/span> <\/a>, porte greffe sur Myrobolan.<\/li>\n<li>Dans et pour le maintien de la diversit\u00e9 des populations naturelles de mirabelles et prunes de Lorraine.<\/li>\n<\/ul>\n<hr \/>\n<p style=\"text-align: center\"><span style=\"color: #808080\"><i>Afin de comptabiliser, suivre les commandes nous proposons \u00e0 ce l&rsquo;Association Meuse Vergers traditions soit mis en copie des commandes \/ r\u00e9servations pass\u00e9es chez l\u2019un ou l\u2019autre des fournisseurs, sans que ceci ne soit une obligation,\u00a0 <\/i><\/span><\/p>\n<p style=\"text-align: center\"><em>ou pour toute autre question :<\/em><\/p>\n<p style=\"text-align: center\"><span style=\"color: #808080\"><i>envoyez un\u00a0 courriel\u00a0 \u00e0 :\u00a0 <\/i><a href=\"mailto:patrick.martinet@meusevergerstraditions.org\"><i><span style=\"color: #289dd4\"><span style=\"color: #00ccff\">patrick.martinet@meusevergerstraditions.org<\/span><\/span><\/i><\/a><\/span><\/p>\n<p style=\"text-align: center\"><span style=\"text-decoration: underline\">Cliquez sur un des liens ci-dessous pour t\u00e9l\u00e9charger<\/span> :<\/p>\n<p style=\"text-align: center\"><em>Flyer : <a href=\"http:\/\/www.kananas.com\/meusevergerstraditions\/wp-content\/uploads\/sites\/2085\/2023\/09\/MVT_Achat_Arbres_Fruitiers_2023-2024.pdf\">\u00ab\u00a0Achat de vos arbres fruitiers 2023-2024\u00a0\u00bb<\/a><\/em><\/p>\n<p style=\"text-align: center\"><a href=\"http:\/\/www.kananas.com\/meusevergerstraditions\/wp-content\/uploads\/sites\/2085\/2023\/09\/Catalogue_Arbres_Fruitiers_Jardinerie_des_Prairies.pdf\"><em>Catalogue\u00a0 de \u00ab\u00a0La Jardinerie des Prairies\u00a0\u00bb<\/em><\/a><\/p>\n<p style=\"text-align: center\"><a href=\"http:\/\/www.kananas.com\/meusevergerstraditions\/wp-content\/uploads\/sites\/2085\/2023\/09\/2022_AREFE_Catalogue.jpg\"><em>Catalogue de \u00ab\u00a0l&rsquo;AREFE\u00a0\u00bb<\/em><\/a><\/p>\n<p>&nbsp;<\/p>\n<ul>\n<li>\n<hr \/>\n<p><span style=\"font-size: 8pt\">(1) racines nues .<\/span><\/li>\n<li><span style=\"font-size: 8pt\"><span style=\"color: #289dd4\"><a style=\"color: #289dd4\" href=\"http:\/\/www.prunes-et-mirabelles-de-lorraine.com\/presentation-1.html\">\u00a0<span style=\"color: #00ccff\">AREFE<\/span><\/a><\/span> : Association R\u00e9gionale d\u2019Exp\u00e9rimentation Fruiti\u00e8re de l\u2019Est, est une station d\u2019exp\u00e9rimentation arboricole sp\u00e9cialis\u00e9e sur les fruits \u00e0 noyaux, principalement mirabelle, quetsche et cerise acide. Cr\u00e9\u00e9e en 1981 par des professionnels de l\u2019arboriculture de la r\u00e9gion Lorraine, l\u2019AREFE est un centre de d\u00e9veloppement et d\u2019innovation de la fili\u00e8re de production de mirabelle en Lorraine dont le r\u00f4le est d\u2019exp\u00e9rimenter et proposer de nouvelles m\u00e9thodes culturales adapt\u00e9es \u00e0 la production d\u2019un fruit de qualit\u00e9 constante.<\/span><\/li>\n<\/ul>\n<p>&nbsp;<\/p>\n","protected":false},"excerpt":{"rendered":"<p>Views: 6En r\u00e9ponse \u00e0 la demande de quelques-uns nos membres, en vue de s\u2019approvisionner en arbres fruitiers pour fin 2023 et fin 2024, l\u2019association Meuse Vergers Traditions a consult\u00e9 deux de nos partenaires\u00a0: La Jardinerie des Prairies (Ligny-en-Barrois) et l\u2019AREFE (Hattonville). Voici leurs propositions\u00a0: &nbsp; La Jardinerie des Pairies En vue d&rsquo;une plantation fin 2023\u00a0 [&hellip;]<\/p>\n","protected":false},"author":2171,"featured_media":0,"comment_status":"open","ping_status":"open","sticky":false,"template":"","format":"standard","meta":{"_crdt_document":"","footnotes":""},"categories":[13],"tags":[],"class_list":["post-230","post","type-post","status-publish","format-standard","hentry","category-achat"],"_links":{"self":[{"href":"https:\/\/www.kananas.com\/meusevergerstraditions\/wp-json\/wp\/v2\/posts\/230","targetHints":{"allow":["GET"]}}],"collection":[{"href":"https:\/\/www.kananas.com\/meusevergerstraditions\/wp-json\/wp\/v2\/posts"}],"about":[{"href":"https:\/\/www.kananas.com\/meusevergerstraditions\/wp-json\/wp\/v2\/types\/post"}],"author":[{"embeddable":true,"href":"https:\/\/www.kananas.com\/meusevergerstraditions\/wp-json\/wp\/v2\/users\/2171"}],"replies":[{"embeddable":true,"href":"https:\/\/www.kananas.com\/meusevergerstraditions\/wp-json\/wp\/v2\/comments?post=230"}],"version-history":[{"count":13,"href":"https:\/\/www.kananas.com\/meusevergerstraditions\/wp-json\/wp\/v2\/posts\/230\/revisions"}],"predecessor-version":[{"id":250,"href":"https:\/\/www.kananas.com\/meusevergerstraditions\/wp-json\/wp\/v2\/posts\/230\/revisions\/250"}],"wp:attachment":[{"href":"https:\/\/www.kananas.com\/meusevergerstraditions\/wp-json\/wp\/v2\/media?parent=230"}],"wp:term":[{"taxonomy":"category","embeddable":true,"href":"https:\/\/www.kananas.com\/meusevergerstraditions\/wp-json\/wp\/v2\/categories?post=230"},{"taxonomy":"post_tag","embeddable":true,"href":"https:\/\/www.kananas.com\/meusevergerstraditions\/wp-json\/wp\/v2\/tags?post=230"}],"curies":[{"name":"wp","href":"https:\/\/api.w.org\/{rel}","templated":true}]}}