{"id":252,"date":"2023-09-05T11:04:11","date_gmt":"2023-09-05T09:04:11","guid":{"rendered":"https:\/\/www.kananas.com\/meusevergerstraditions\/?p=252"},"modified":"2024-01-04T14:52:30","modified_gmt":"2024-01-04T13:52:30","slug":"journee-des-associations","status":"publish","type":"post","link":"https:\/\/www.kananas.com\/meusevergerstraditions\/2023\/09\/05\/journee-des-associations\/","title":{"rendered":"Journ\u00e9e des Associations Ligny-en-Barrois"},"content":{"rendered":"<p>Views: 0<\/p><p style=\"text-align: justify\"><strong>En ce weekend de rentr\u00e9e scolaire, dimanche 3 septembre 2023, se tenait la journ\u00e9e des Associations organis\u00e9e dans le Gymnase Gilbert Vernet \u00e0 Ligny-en-Barrois. Avec pour principal objectif de pr\u00e9senter aux familles de Ligny-en-Barrois et des environs les activit\u00e9s extra-scolaires auxquelles enfants et adolescents pourraient s\u2019inscrire, cette journ\u00e9e \u00e9tait \u00e9galement ouverte \u00e0 toutes les associations.<\/strong><\/p>\n<p style=\"text-align: justify\">Parmi la vingtaine d&rsquo;associations pr\u00e9sentes, dont certaines plut\u00f4t r\u00e9serv\u00e9es aux adultes, notre association Meuse Vergers Traditions y tenait un stand. Nombreux ont \u00e9t\u00e9 ceux qui sont venus se renseigner sur notre nouvelle association, ses buts. Parmi les commentaires : <em>&lsquo;Ha oui je suis propri\u00e9taire des verger(s), mais cela fait tellement longtemps qu&rsquo;on ne s&rsquo;en occupe plus, vous savez &#8230;\u00a0\u00bb<\/em> ou \u00ab\u00a0notre verger, c&rsquo;est mon mari qui s&rsquo;en occupait, mais je ne sais pas trop bien comment m&rsquo;y prendre\u00a0\u00bb ou \u00ab <em>Ah oui c&rsquo;est vrai ! on a encore le droit de distiller ! je pensais que c&rsquo;\u00e9tait termin\u00e9 !\u00a0\u00bb\u00a0 -ou- \u00ab\u00a0Je fais distiller de temps en temps les fruits de mon verger, mais je me contente de mettre les fruits dans le tonneau, comme le faisait mon p\u00e8re ! je ne sais pas trop si je m&rsquo;y prends bien\u00a0\u00bb<\/em><\/p>\n<p style=\"text-align: justify\">\u00ab\u00a0De la racine \u00e0 l&rsquo;\u00e9lixir\u00a0\u00bb l&rsquo;association Meuse Vergers Traditions est tr\u00e8s certainement en mesure d&rsquo;avoir une r\u00e9ponse \u00e0 vos questions. C&rsquo;est ce que la pr\u00e9sident de l&rsquo;Association Patrick Martinet n&rsquo;a cess\u00e9 de r\u00e9p\u00e9ter aux visiteurs durant cette journ\u00e9e en remettant le flyer de pr\u00e9sentation de l\u2019association. Les calicots en support de communication ont permis de pr\u00e9ciser \u00e0 qui s&rsquo;adresse l&rsquo;association, quels sont ses buts et pourquoi la naissance d&rsquo;une telle association, qui par ailleurs et affili\u00e9e \u00e0 la FNSRPE (F\u00e9d\u00e9ration Nationale de Syndicats des R\u00e9coltants de fruits et de producteurs d&rsquo;Eau de vie naturelle). De nombreux visiteurs en somme int\u00e9ress\u00e9s de voir le renouveau d&rsquo;un int\u00e9r\u00eat port\u00e9 aux vergers qui ceinture le plus souvent nos villages en Meuse.<\/p>\n<p>Patrick Martinet <span style=\"font-size: 8pt\">Pr\u00e9sident de l&rsquo;Association Meuse Vergers Traditions<\/span><\/p>\n<div id='gallery-1' class='gallery galleryid-252 gallery-columns-1 gallery-size-large'><figure class='gallery-item'>\n\t\t\t<div class='gallery-icon landscape'>\n\t\t\t\t<a href='https:\/\/www.kananas.com\/meusevergerstraditions\/2023-09-03_jour_des_assoc-01\/'><img loading=\"lazy\" decoding=\"async\" width=\"1024\" height=\"498\" src=\"https:\/\/www.kananas.com\/meusevergerstraditions\/wp-content\/uploads\/sites\/2085\/2024\/01\/2023-09-03_Jour_des_Assoc-01-1024x498.jpg\" class=\"attachment-large size-large\" alt=\"\" aria-describedby=\"gallery-1-682\" srcset=\"https:\/\/www.kananas.com\/meusevergerstraditions\/wp-content\/uploads\/sites\/2085\/2024\/01\/2023-09-03_Jour_des_Assoc-01-1024x498.jpg 1024w, https:\/\/www.kananas.com\/meusevergerstraditions\/wp-content\/uploads\/sites\/2085\/2024\/01\/2023-09-03_Jour_des_Assoc-01-300x146.jpg 300w, https:\/\/www.kananas.com\/meusevergerstraditions\/wp-content\/uploads\/sites\/2085\/2024\/01\/2023-09-03_Jour_des_Assoc-01-768x373.jpg 768w, https:\/\/www.kananas.com\/meusevergerstraditions\/wp-content\/uploads\/sites\/2085\/2024\/01\/2023-09-03_Jour_des_Assoc-01-1536x747.jpg 1536w, https:\/\/www.kananas.com\/meusevergerstraditions\/wp-content\/uploads\/sites\/2085\/2024\/01\/2023-09-03_Jour_des_Assoc-01-2048x996.jpg 2048w, https:\/\/www.kananas.com\/meusevergerstraditions\/wp-content\/uploads\/sites\/2085\/2024\/01\/2023-09-03_Jour_des_Assoc-01-1200x583.jpg 1200w\" sizes=\"auto, (max-width: 1024px) 100vw, 1024px\" \/><\/a>\n\t\t\t<\/div>\n\t\t\t\t<figcaption class='wp-caption-text gallery-caption' id='gallery-1-682'>\n\t\t\t\tUn stand pr\u00eat \u00e0 recevoir les visiteurs\n\t\t\t\t<\/figcaption><\/figure><figure class='gallery-item'>\n\t\t\t<div class='gallery-icon landscape'>\n\t\t\t\t<a href='https:\/\/www.kananas.com\/meusevergerstraditions\/2023-09-03_jour_des_assoc-03\/'><img loading=\"lazy\" decoding=\"async\" width=\"1024\" height=\"682\" src=\"https:\/\/www.kananas.com\/meusevergerstraditions\/wp-content\/uploads\/sites\/2085\/2024\/01\/2023-09-03_Jour_des_Assoc-03-1024x682.jpg\" class=\"attachment-large size-large\" alt=\"\" aria-describedby=\"gallery-1-683\" srcset=\"https:\/\/www.kananas.com\/meusevergerstraditions\/wp-content\/uploads\/sites\/2085\/2024\/01\/2023-09-03_Jour_des_Assoc-03-1024x682.jpg 1024w, https:\/\/www.kananas.com\/meusevergerstraditions\/wp-content\/uploads\/sites\/2085\/2024\/01\/2023-09-03_Jour_des_Assoc-03-300x200.jpg 300w, https:\/\/www.kananas.com\/meusevergerstraditions\/wp-content\/uploads\/sites\/2085\/2024\/01\/2023-09-03_Jour_des_Assoc-03-768x512.jpg 768w, https:\/\/www.kananas.com\/meusevergerstraditions\/wp-content\/uploads\/sites\/2085\/2024\/01\/2023-09-03_Jour_des_Assoc-03-1200x800.jpg 1200w, https:\/\/www.kananas.com\/meusevergerstraditions\/wp-content\/uploads\/sites\/2085\/2024\/01\/2023-09-03_Jour_des_Assoc-03.jpg 1280w\" sizes=\"auto, (max-width: 1024px) 100vw, 1024px\" \/><\/a>\n\t\t\t<\/div>\n\t\t\t\t<figcaption class='wp-caption-text gallery-caption' id='gallery-1-683'>\n\t\t\t\tRemise du flyer de pr\u00e9sentation de l&rsquo;association\n\t\t\t\t<\/figcaption><\/figure><figure class='gallery-item'>\n\t\t\t<div class='gallery-icon landscape'>\n\t\t\t\t<a href='https:\/\/www.kananas.com\/meusevergerstraditions\/2023-09-03_jour_des_assoc-04\/'><img loading=\"lazy\" decoding=\"async\" width=\"1024\" height=\"663\" src=\"https:\/\/www.kananas.com\/meusevergerstraditions\/wp-content\/uploads\/sites\/2085\/2024\/01\/2023-09-03_Jour_des_Assoc-04-1024x663.jpg\" class=\"attachment-large size-large\" alt=\"\" aria-describedby=\"gallery-1-681\" srcset=\"https:\/\/www.kananas.com\/meusevergerstraditions\/wp-content\/uploads\/sites\/2085\/2024\/01\/2023-09-03_Jour_des_Assoc-04-1024x663.jpg 1024w, https:\/\/www.kananas.com\/meusevergerstraditions\/wp-content\/uploads\/sites\/2085\/2024\/01\/2023-09-03_Jour_des_Assoc-04-300x194.jpg 300w, https:\/\/www.kananas.com\/meusevergerstraditions\/wp-content\/uploads\/sites\/2085\/2024\/01\/2023-09-03_Jour_des_Assoc-04-768x497.jpg 768w, https:\/\/www.kananas.com\/meusevergerstraditions\/wp-content\/uploads\/sites\/2085\/2024\/01\/2023-09-03_Jour_des_Assoc-04-1200x777.jpg 1200w, https:\/\/www.kananas.com\/meusevergerstraditions\/wp-content\/uploads\/sites\/2085\/2024\/01\/2023-09-03_Jour_des_Assoc-04.jpg 1262w\" sizes=\"auto, (max-width: 1024px) 100vw, 1024px\" \/><\/a>\n\t\t\t<\/div>\n\t\t\t\t<figcaption class='wp-caption-text gallery-caption' id='gallery-1-681'>\n\t\t\t\tPlusieurs support de communication pour r\u00e9pondre aux questions\n\t\t\t\t<\/figcaption><\/figure>\n\t\t<\/div>\n\n<p>&nbsp;<\/p>\n<p>&nbsp;<\/p>\n","protected":false},"excerpt":{"rendered":"<p>Views: 0En ce weekend de rentr\u00e9e scolaire, dimanche 3 septembre 2023, se tenait la journ\u00e9e des Associations organis\u00e9e dans le Gymnase Gilbert Vernet \u00e0 Ligny-en-Barrois. Avec pour principal objectif de pr\u00e9senter aux familles de Ligny-en-Barrois et des environs les activit\u00e9s extra-scolaires auxquelles enfants et adolescents pourraient s\u2019inscrire, cette journ\u00e9e \u00e9tait \u00e9galement ouverte \u00e0 toutes les [&hellip;]<\/p>\n","protected":false},"author":2171,"featured_media":0,"comment_status":"open","ping_status":"open","sticky":false,"template":"","format":"standard","meta":{"_crdt_document":"","footnotes":""},"categories":[9],"tags":[],"class_list":["post-252","post","type-post","status-publish","format-standard","hentry","category-evenements"],"_links":{"self":[{"href":"https:\/\/www.kananas.com\/meusevergerstraditions\/wp-json\/wp\/v2\/posts\/252","targetHints":{"allow":["GET"]}}],"collection":[{"href":"https:\/\/www.kananas.com\/meusevergerstraditions\/wp-json\/wp\/v2\/posts"}],"about":[{"href":"https:\/\/www.kananas.com\/meusevergerstraditions\/wp-json\/wp\/v2\/types\/post"}],"author":[{"embeddable":true,"href":"https:\/\/www.kananas.com\/meusevergerstraditions\/wp-json\/wp\/v2\/users\/2171"}],"replies":[{"embeddable":true,"href":"https:\/\/www.kananas.com\/meusevergerstraditions\/wp-json\/wp\/v2\/comments?post=252"}],"version-history":[{"count":31,"href":"https:\/\/www.kananas.com\/meusevergerstraditions\/wp-json\/wp\/v2\/posts\/252\/revisions"}],"predecessor-version":[{"id":705,"href":"https:\/\/www.kananas.com\/meusevergerstraditions\/wp-json\/wp\/v2\/posts\/252\/revisions\/705"}],"wp:attachment":[{"href":"https:\/\/www.kananas.com\/meusevergerstraditions\/wp-json\/wp\/v2\/media?parent=252"}],"wp:term":[{"taxonomy":"category","embeddable":true,"href":"https:\/\/www.kananas.com\/meusevergerstraditions\/wp-json\/wp\/v2\/categories?post=252"},{"taxonomy":"post_tag","embeddable":true,"href":"https:\/\/www.kananas.com\/meusevergerstraditions\/wp-json\/wp\/v2\/tags?post=252"}],"curies":[{"name":"wp","href":"https:\/\/api.w.org\/{rel}","templated":true}]}}