{"id":269,"date":"2023-10-31T10:42:52","date_gmt":"2023-10-31T09:42:52","guid":{"rendered":"https:\/\/www.kananas.com\/meusevergerstraditions\/?p=269"},"modified":"2024-01-16T18:58:56","modified_gmt":"2024-01-16T17:58:56","slug":"formation-technique-taille-des-arbres-fruitiers","status":"publish","type":"post","link":"https:\/\/www.kananas.com\/meusevergerstraditions\/2023\/10\/31\/formation-technique-taille-des-arbres-fruitiers\/","title":{"rendered":"Formation Technique \u00ab\u00a0Taille des Arbres Fruitiers\u00a0\u00bb"},"content":{"rendered":"<p>Views: 3<\/p><p>La taille des arbres fruitiers permet d&rsquo;am\u00e9liorer la r\u00e9colte, d&rsquo;optimiser la mise \u00e0 fruits, en permettant \u00e0 la s\u00e8ve d&rsquo;atteindre plus rapidement les bourgeons \u00e0 fruits, elle est d\u2019autant plus importante en ces p\u00e9riodes de r\u00e9chauffement climatique.<\/p>\n<p>La <strong>formation Technique de Taille<\/strong> que nous vous proposons, en collaboration et avec le support de l&rsquo;AREFE (<b>A<\/b>ssociation <img loading=\"lazy\" decoding=\"async\" class=\"wp-image-279 alignleft\" src=\"http:\/\/www.kananas.com\/meusevergerstraditions\/wp-content\/uploads\/sites\/2085\/2023\/10\/Taille-01-300x207.png\" alt=\"\" width=\"108\" height=\"74\" srcset=\"https:\/\/www.kananas.com\/meusevergerstraditions\/wp-content\/uploads\/sites\/2085\/2023\/10\/Taille-01-300x207.png 300w, https:\/\/www.kananas.com\/meusevergerstraditions\/wp-content\/uploads\/sites\/2085\/2023\/10\/Taille-01.png 479w\" sizes=\"auto, (max-width: 108px) 100vw, 108px\" \/><b>R<\/b>\u00e9gionale D\u2019<b>E<\/b>xp\u00e9rimentation <b>F<\/b>ruiti\u00e8re de l\u2019<b>E<\/b>st)\u00a0 est destin\u00e9e \u00e0 tout propri\u00e9taire d\u2019arbres fruitiers qui souhaite d\u00e9velopper une meilleure expertise dans la taille des arbres fruitiers que ce soit pour la :<\/p>\n<p><b><img loading=\"lazy\" decoding=\"async\" class=\"wp-image-280 alignright\" src=\"http:\/\/www.kananas.com\/meusevergerstraditions\/wp-content\/uploads\/sites\/2085\/2023\/10\/3_arbres_Taille-1-300x167.jpg\" alt=\"\" width=\"244\" height=\"136\" srcset=\"https:\/\/www.kananas.com\/meusevergerstraditions\/wp-content\/uploads\/sites\/2085\/2023\/10\/3_arbres_Taille-1-300x167.jpg 300w, https:\/\/www.kananas.com\/meusevergerstraditions\/wp-content\/uploads\/sites\/2085\/2023\/10\/3_arbres_Taille-1.jpg 652w\" sizes=\"auto, (max-width: 244px) 100vw, 244px\" \/><\/b><\/p>\n<p>&nbsp;<\/p>\n<ul>\n<li><b>Taille<\/b> <b>de<\/b> <b>formation de jeunes arbres<\/b><\/li>\n<li><b>Taille<\/b> <b>d\u2019entretien<\/b> <b>\/ de fructification<\/b><\/li>\n<li><b>Taille<\/b> <b>de<\/b> <b>restauration de vieux arbres<\/b><\/li>\n<\/ul>\n<p>&nbsp;<\/p>\n<p>Organis\u00e9e au sein du Verger Conservatoire Prunes et Mirabelles de Lorraine\u00a0 \u00e0 l&rsquo;<b>AREFE<\/b><b>, <\/b>cette formation se tiendra :<\/p>\n<ul>\n<li><b>Date<\/b><b> : <\/b>\u00a0 <span style=\"color: #339966\"><b>Vendredi 15 D\u00e9cembre<\/b><\/span><\/li>\n<li><b>Horaires<\/b> :\u00a0 <span style=\"color: #339966\"><b>09h00 \u2014 12h30<\/b><\/span><\/li>\n<li><b>Lieu<\/b> :<span style=\"color: #339966\">\u00a0 <b>AREFE<\/b> <b>Station<\/b> <b>d\u2019Exp\u00e9rimentation\u2014 <\/b><b>55210<\/b> <b>Hattonville<\/b><\/span><\/li>\n<li><b>Organisation<\/b><b> et formateur : \u00a0<span style=\"color: #339966\"> AREFE<\/span> <\/b><\/li>\n<\/ul>\n<p><b>les modalit\u00e9s d&rsquo;inscription sont les suivantes:<\/b><\/p>\n<ul>\n<li><b>Tarifs<\/b><b> : Adh\u00e9rent :\u00a0 <span style=\"color: #339966\">25 \u20ac\u00a0 &#8211;\u00a0 Non adh\u00e9rent : 30 \u20ac<\/span><\/b><span style=\"color: #339966\"> (1)<\/span><b><span style=\"color: #339966\"><br \/>\n<\/span><\/b><\/li>\n<li><b>Date limite Inscription<\/b><b> : <span style=\"color: #339966\">30 Novembre 2023<\/span><\/b><\/li>\n<li>faire <i>parvenir votre r\u00e8glement par ch\u00e8que bancaire\u00a0 \u00e0\u00a0 <\/i><i>l\u2019ordre de Association Meuse Vergers Traditions\u00a0 \u00e0 : <\/i><i>MARTINET P. 3, Sentier des Plantes 55500 LIGNY-EN-BARROIS<\/i><\/li>\n<\/ul>\n<p><span style=\"text-decoration: underline\">Par ailleurs:<\/span><i><br \/>\n<\/i><\/p>\n<ul>\n<li><strong><i>Pr\u00e9voir<\/i> <i>des<\/i> <i>v\u00eatements<\/i> <i>et<\/i> <i>chaussures<\/i> <i>adapt\u00e9s<\/i> <i>au<\/i> <i>verger<\/i><\/strong><\/li>\n<li><i>Possibilit\u00e9s de covoiturage (\u00e0 pr\u00e9ciser d\u00e9but d\u00e9cembre selon inscrits)<br \/>\n<\/i><\/li>\n<li><span style=\"color: #993300\"><b><i>Une \u2018assiette chaude \u2019 sera offerte par l\u2019Association Meuse Vergers Traditions &#8211; en ext\u00e9rieur abrit\u00e9 si les conditions le permettent, ou en int\u00e9rieur selon m\u00e9t\u00e9o et pour les personnes inscrites\u00a0 <\/i><\/b><\/span><b><i><sup><span style=\"color: #993300\">(2)<\/span><\/sup><\/i><\/b><b><i>! <\/i><\/b><i>Chacun <\/i><i>reste libre d\u2019apporter son \u2018compl\u00e9ment de repas tir\u00e9 du sac\u2019<\/i><\/li>\n<\/ul>\n<p><span style=\"text-decoration: underline\">T\u00e9l\u00e9chargements:<\/span><\/p>\n<ul>\n<li>Flyer de la formation <b>; <a href=\"http:\/\/www.kananas.com\/meusevergerstraditions\/wp-content\/uploads\/sites\/2085\/2023\/11\/2023-12-15_Flyer_Formation_Taille_AREFE-2.pdf\">cliquez ici !<\/a><br \/>\n<\/b><\/li>\n<li>Flyer de pr\u00e9sentation de l&rsquo;Association Meuse Vergers Traditions&rsquo; : <a href=\"http:\/\/www.kananas.com\/meusevergerstraditions\/wp-content\/uploads\/sites\/2085\/2023\/12\/Association_Meuse_Vergers_Traditions_Flyer_2024.pdf\" target=\"_blank\" rel=\"noopener\"><strong>Cliquez ici<\/strong><\/a><\/li>\n<\/ul>\n<p>Esp\u00e9rant vous compter nombreux parmi nous \u00e0 cette formation.<\/p>\n<p>Bien cordialement;<\/p>\n<p>Patrick MARTINET &#8211; Pr\u00e9sident Association &lsquo;Meuse Vergers Traditions&rsquo;<\/p>\n<p><em><span style=\"font-size: 10pt\">(1) les Non-Adh\u00e9rents recevront \u00e0 titre de promotion de l&rsquo;association, les 4 derniers revues \u00ab\u00a0le Bouilleur\u00a0\u00bb sous format PDF.<\/span><\/em><\/p>\n<p><em><span style=\"font-size: 10pt\">(2) Merci de noter qu&rsquo;une inscription \u00e0 cette formation au travers de MVT est n\u00e9cessaire \u00e0 la pr\u00e9paration quantitative de ces assiettes chaudes.<\/span><\/em><\/p>\n","protected":false},"excerpt":{"rendered":"<p>Views: 3La taille des arbres fruitiers permet d&rsquo;am\u00e9liorer la r\u00e9colte, d&rsquo;optimiser la mise \u00e0 fruits, en permettant \u00e0 la s\u00e8ve d&rsquo;atteindre plus rapidement les bourgeons \u00e0 fruits, elle est d\u2019autant plus importante en ces p\u00e9riodes de r\u00e9chauffement climatique. La formation Technique de Taille que nous vous proposons, en collaboration et avec le support de l&rsquo;AREFE [&hellip;]<\/p>\n","protected":false},"author":2171,"featured_media":0,"comment_status":"open","ping_status":"open","sticky":false,"template":"","format":"standard","meta":{"_crdt_document":"","footnotes":""},"categories":[11],"tags":[],"class_list":["post-269","post","type-post","status-publish","format-standard","hentry","category-formation"],"_links":{"self":[{"href":"https:\/\/www.kananas.com\/meusevergerstraditions\/wp-json\/wp\/v2\/posts\/269","targetHints":{"allow":["GET"]}}],"collection":[{"href":"https:\/\/www.kananas.com\/meusevergerstraditions\/wp-json\/wp\/v2\/posts"}],"about":[{"href":"https:\/\/www.kananas.com\/meusevergerstraditions\/wp-json\/wp\/v2\/types\/post"}],"author":[{"embeddable":true,"href":"https:\/\/www.kananas.com\/meusevergerstraditions\/wp-json\/wp\/v2\/users\/2171"}],"replies":[{"embeddable":true,"href":"https:\/\/www.kananas.com\/meusevergerstraditions\/wp-json\/wp\/v2\/comments?post=269"}],"version-history":[{"count":21,"href":"https:\/\/www.kananas.com\/meusevergerstraditions\/wp-json\/wp\/v2\/posts\/269\/revisions"}],"predecessor-version":[{"id":781,"href":"https:\/\/www.kananas.com\/meusevergerstraditions\/wp-json\/wp\/v2\/posts\/269\/revisions\/781"}],"wp:attachment":[{"href":"https:\/\/www.kananas.com\/meusevergerstraditions\/wp-json\/wp\/v2\/media?parent=269"}],"wp:term":[{"taxonomy":"category","embeddable":true,"href":"https:\/\/www.kananas.com\/meusevergerstraditions\/wp-json\/wp\/v2\/categories?post=269"},{"taxonomy":"post_tag","embeddable":true,"href":"https:\/\/www.kananas.com\/meusevergerstraditions\/wp-json\/wp\/v2\/tags?post=269"}],"curies":[{"name":"wp","href":"https:\/\/api.w.org\/{rel}","templated":true}]}}