{"id":295,"date":"2023-09-17T14:36:33","date_gmt":"2023-09-17T12:36:33","guid":{"rendered":"https:\/\/www.kananas.com\/meusevergerstraditions\/?p=295"},"modified":"2023-11-12T11:24:42","modified_gmt":"2023-11-12T10:24:42","slug":"les-journees-du-patrimoine-2023","status":"publish","type":"post","link":"https:\/\/www.kananas.com\/meusevergerstraditions\/2023\/09\/17\/les-journees-du-patrimoine-2023\/","title":{"rendered":"Les Journ\u00e9es du Patrimoine 2023"},"content":{"rendered":"<p>Views: 0<\/p><p>C\u2019est \u00e0 Ligny-en-Barrois, si\u00e8ge social de l\u2019association, qu\u2019en ce weekend du 16 septembre 2023, l\u2019Association Meuse Vergers Traditions apportait sa contribution aux journ\u00e9es du Patrimoine au travers d\u2019un programme comprenant :<\/p>\n<ul>\n<li>La pr\u00e9sentation en salle Camille Joignon de l\u2019histoire de la distillation.\n<figure id=\"attachment_302\" aria-describedby=\"caption-attachment-302\" style=\"width: 177px\" class=\"wp-caption alignright\"><img loading=\"lazy\" decoding=\"async\" class=\" wp-image-302\" src=\"http:\/\/www.kananas.com\/meusevergerstraditions\/wp-content\/uploads\/sites\/2085\/2023\/11\/02_premier_pot_alambic-300x222.jpg\" alt=\"\" width=\"177\" height=\"131\" srcset=\"https:\/\/www.kananas.com\/meusevergerstraditions\/wp-content\/uploads\/sites\/2085\/2023\/11\/02_premier_pot_alambic-300x222.jpg 300w, https:\/\/www.kananas.com\/meusevergerstraditions\/wp-content\/uploads\/sites\/2085\/2023\/11\/02_premier_pot_alambic-768x569.jpg 768w, https:\/\/www.kananas.com\/meusevergerstraditions\/wp-content\/uploads\/sites\/2085\/2023\/11\/02_premier_pot_alambic.jpg 882w\" sizes=\"auto, (max-width: 177px) 100vw, 177px\" \/><figcaption id=\"caption-attachment-302\" class=\"wp-caption-text\"><span style=\"font-size: 10pt\">Le plus ancien alambic en terre cuite &#8211; retrouv\u00e9 au sud de l&rsquo;actuel Iran.<\/span><\/figcaption><\/figure><\/li>\n<li>Les explications du fonctionnement de l\u2019alambic (Dans la cour int\u00e9rieure)<\/li>\n<li>Une information sur les bonnes pratiques du bouilleur de cru.<\/li>\n<\/ul>\n<p>Ces activit\u00e9s, principalement autour de l\u2019alambic, avaient \u00e9t\u00e9 rendues possibles suite aux avis favorables donn\u00e9s par M. le Directeur des Douanes de Nancy et de M. le Directeur du Cabinet du Pr\u00e9fet de la Meuse autorisant le transfert provisoire d\u2019un alambic dans l\u2019espace St Charles \u00e0 Ligny-en-Barrois ainsi que par le support organisationnel de Mme Causin Marie-Christine (Adjointe Culture et Patrimoine &#8211; Mairie de Ligny-en-Barrois).<\/p>\n<p><strong>De nombreux visiteurs\u00a0:<\/strong><\/p>\n<figure id=\"attachment_297\" aria-describedby=\"caption-attachment-297\" style=\"width: 293px\" class=\"wp-caption alignleft\"><img loading=\"lazy\" decoding=\"async\" class=\"wp-image-297\" src=\"http:\/\/www.kananas.com\/meusevergerstraditions\/wp-content\/uploads\/sites\/2085\/2023\/11\/2023-09-16_Journee_Patrimoine-01-300x171.jpg\" alt=\"\" width=\"293\" height=\"167\" srcset=\"https:\/\/www.kananas.com\/meusevergerstraditions\/wp-content\/uploads\/sites\/2085\/2023\/11\/2023-09-16_Journee_Patrimoine-01-300x171.jpg 300w, https:\/\/www.kananas.com\/meusevergerstraditions\/wp-content\/uploads\/sites\/2085\/2023\/11\/2023-09-16_Journee_Patrimoine-01-1024x583.jpg 1024w, https:\/\/www.kananas.com\/meusevergerstraditions\/wp-content\/uploads\/sites\/2085\/2023\/11\/2023-09-16_Journee_Patrimoine-01-768x437.jpg 768w, https:\/\/www.kananas.com\/meusevergerstraditions\/wp-content\/uploads\/sites\/2085\/2023\/11\/2023-09-16_Journee_Patrimoine-01-1536x875.jpg 1536w, https:\/\/www.kananas.com\/meusevergerstraditions\/wp-content\/uploads\/sites\/2085\/2023\/11\/2023-09-16_Journee_Patrimoine-01-2048x1167.jpg 2048w, https:\/\/www.kananas.com\/meusevergerstraditions\/wp-content\/uploads\/sites\/2085\/2023\/11\/2023-09-16_Journee_Patrimoine-01-1200x684.jpg 1200w\" sizes=\"auto, (max-width: 293px) 100vw, 293px\" \/><figcaption id=\"caption-attachment-297\" class=\"wp-caption-text\"><span style=\"font-size: 10pt\">Explications autour de l&rsquo;alambic &#8211; Espace St Charles &#8211; Ligny-en-Barrois<\/span><\/figcaption><\/figure>\n<p>Ce sont donc plus de 35 personnes qui, durant ce samedi, sont venues en petits groupes \u00e9changer, en quasi non-stop, sur les 3 sujets propos\u00e9s marquant un int\u00e9r\u00eat \u00e0 la fois pour l\u2019histoire de la distillation, et de ses origines dont les traces remontent \u00e0 plus de 3000 ans avant JC, mais aussi pour la compr\u00e9hension du fonctionnement d\u2019un alambic. Transformer un mou de fruit ferment\u00e9 en cette forme d\u2019\u00e9lixir rel\u00e8ve un peu de l\u2019alchimie dont Aristote lui-m\u00eame avait commenc\u00e9 \u00e0 en th\u00e9oriser les principes en effectuant des recherches empiriques pour les appuyer, et cela d\u00e9j\u00e0 400 ans avant JC ! Mais bien faire fermenter le mou pour obtenir une eau de vie de qualit\u00e9 rel\u00e8ve de la comp\u00e9tence du bouilleur de cru, et ce \u00e0 partir de fruits de bonne qualit\u00e9 bien s\u00fbr !<\/p>\n<p style=\"text-align: left\"><strong>Le droit \u00e0 distiller\u00a0: <\/strong><\/p>\n<figure id=\"attachment_325\" aria-describedby=\"caption-attachment-325\" style=\"width: 163px\" class=\"wp-caption alignright\"><img loading=\"lazy\" decoding=\"async\" class=\" wp-image-325\" src=\"http:\/\/www.kananas.com\/meusevergerstraditions\/wp-content\/uploads\/sites\/2085\/2023\/09\/2023-09-14_Alambic_D_Gosio-10-300x271.jpg\" alt=\"\" width=\"163\" height=\"147\" srcset=\"https:\/\/www.kananas.com\/meusevergerstraditions\/wp-content\/uploads\/sites\/2085\/2023\/09\/2023-09-14_Alambic_D_Gosio-10-300x271.jpg 300w, https:\/\/www.kananas.com\/meusevergerstraditions\/wp-content\/uploads\/sites\/2085\/2023\/09\/2023-09-14_Alambic_D_Gosio-10-1024x925.jpg 1024w, https:\/\/www.kananas.com\/meusevergerstraditions\/wp-content\/uploads\/sites\/2085\/2023\/09\/2023-09-14_Alambic_D_Gosio-10-768x694.jpg 768w, https:\/\/www.kananas.com\/meusevergerstraditions\/wp-content\/uploads\/sites\/2085\/2023\/09\/2023-09-14_Alambic_D_Gosio-10-1536x1387.jpg 1536w, https:\/\/www.kananas.com\/meusevergerstraditions\/wp-content\/uploads\/sites\/2085\/2023\/09\/2023-09-14_Alambic_D_Gosio-10-1200x1084.jpg 1200w, https:\/\/www.kananas.com\/meusevergerstraditions\/wp-content\/uploads\/sites\/2085\/2023\/09\/2023-09-14_Alambic_D_Gosio-10.jpg 2042w\" sizes=\"auto, (max-width: 163px) 100vw, 163px\" \/><figcaption id=\"caption-attachment-325\" class=\"wp-caption-text\"><span style=\"font-size: 10pt\">Alambic JEANNOT &#8211; Arbois (Jura)<\/span><\/figcaption><\/figure>\n<p>De nombreuses clarifications ont \u00e9t\u00e9 donn\u00e9es sur le \u2018Droit \u00e0 distiller\u2019 que beaucoup confondent avec \u2018les droits \u00e0 distiller en franchise de taxes\u2019 qui, nous le savons, ne sont plus transmissibles depuis de nombreuses ann\u00e9es.\u00a0 Il est \u00e0 noter que l\u2019alcool produit par les bouilleurs de cru ne repr\u00e9sente que 0.3 % de l\u2019alcool vendu chaque ann\u00e9e en France, mais que quelle que soit sa qualit\u00e9 \u2018gustative\u2019, tout abus est dangereux pour la sant\u00e9. De ce fait, les propos ont principalement \u00e9t\u00e9 orient\u00e9s autour du plaisir ou de la satisfaction de partager entre amis et de faire d\u00e9guster l\u2019eau de vie de sa propre production, ou tout du moins issue de ses propres fruits dans une constante recherche de la qualit\u00e9.<\/p>\n<p><strong>Bouilleur de cru\u00a0et bouilleur ambulant :<\/strong><\/p>\n<figure id=\"attachment_304\" aria-describedby=\"caption-attachment-304\" style=\"width: 288px\" class=\"wp-caption alignright\"><img loading=\"lazy\" decoding=\"async\" class=\"wp-image-304\" title=\"Bouilleur Ambulant ann\u00e9es 1900\" src=\"http:\/\/www.kananas.com\/meusevergerstraditions\/wp-content\/uploads\/sites\/2085\/2023\/09\/Alambic_Ambulant-300x177.png\" alt=\"\" width=\"288\" height=\"170\" srcset=\"https:\/\/www.kananas.com\/meusevergerstraditions\/wp-content\/uploads\/sites\/2085\/2023\/09\/Alambic_Ambulant-300x177.png 300w, https:\/\/www.kananas.com\/meusevergerstraditions\/wp-content\/uploads\/sites\/2085\/2023\/09\/Alambic_Ambulant.png 732w\" sizes=\"auto, (max-width: 288px) 100vw, 288px\" \/><figcaption id=\"caption-attachment-304\" class=\"wp-caption-text\"><span style=\"font-size: 10pt\">Bouilleur Ambulant ann\u00e9es 1900<\/span><\/figcaption><\/figure>\n<p>Confusion est souvent faite entre le \u2018bouilleur de cru\u2019 et\u2019 bouilleur ambulant\u2019 que certains appelaient jadis tout simplement le \u2018Bouilleur\u2019 et que : \u2018 distillateur\u2019 ou \u2018distillateur professionnel\u2019 conviendrait mieux d\u2019\u00eatre retenu comme qualificatif de ce prestataire assurant des services au profit de clients (1). Un bouilleur de cru est une personne habilit\u00e9e \u00e0 produire ses propres eaux-de-vie.\u00a0 Les fruits que vous r\u00e9coltez sur un terrain que vous avez le droit de cultiver, vous avez le droit de les distiller !<\/p>\n<p>A la question souvent pos\u00e9e de : pourquoi dit-on \u2018bouilleur de cru\u2019 et pourquoi le mot \u2018cru\u2019 pour qualifier ce bouilleur (de cru) que potentiellement tout \u00e0 chacun peut \u00eatre ou devenir ? En fait l\u2019\u00e9tymologie de &lsquo;cru&rsquo; est &lsquo;cro\u00eetre&rsquo; (grandir), et dans cro\u00eetre il faut entendre : <em>\u00ab\u00a0grandir en d\u00e9veloppant de fa\u00e7on progressive des qualit\u00e9s intrins\u00e8ques par rapport \u00e0 une \u00e9chelle de valeur<\/em>\u00a0<em>(explicitement exprim\u00e9e ou non)<\/em>\u00bb. Les qualit\u00e9s intrins\u00e8ques dont il est question seraient, en fait, le taux d\u2019alcool dans le mou, de son d\u00e9veloppement, et r\u00e9sultant de la transformation du sucre en alcool par l\u2019effet des bact\u00e9ries. Un bon bouilleur de cru et donc celui qui est capable d\u2019optimiser ou de maximiser cette croissance, ce d\u00e9veloppement et cette transformation en alcool du sucre naturellement contenu dans les fruits.<\/p>\n<p>A une prise de conscience quasi unanime de la richesse des vergers entourant nos villages et villes, mais laiss\u00e9s un peu \u00e0 l\u2019abandon par manque de connaissance, notre association r\u00e9pond en grande partie aux attentes de nos adh\u00e9rents, se voulant aider les petits propri\u00e9taires de vergers familiaux \u2018de la racine \u00e0 l\u2019\u00e9lixir\u2019.<\/p>\n<p>&nbsp;<\/p>\n<p><strong>5000 ans d\u2019histoire sous le regard du <a href=\"https:\/\/fr.wikipedia.org\/wiki\/Pierre_Barrois\">G\u00e9n\u00e9ral Pierre Barrois<\/a><\/strong>\u00a0!<\/p>\n<figure id=\"attachment_305\" aria-describedby=\"caption-attachment-305\" style=\"width: 250px\" class=\"wp-caption alignright\"><img loading=\"lazy\" decoding=\"async\" class=\"wp-image-305\" title=\"Le croissant fertille au III eme mill\u00e9naire avent JC.\" src=\"http:\/\/www.kananas.com\/meusevergerstraditions\/wp-content\/uploads\/sites\/2085\/2023\/11\/01_croissant_fertile-2-300x205.jpg\" alt=\"\" width=\"250\" height=\"171\" srcset=\"https:\/\/www.kananas.com\/meusevergerstraditions\/wp-content\/uploads\/sites\/2085\/2023\/11\/01_croissant_fertile-2-300x205.jpg 300w, https:\/\/www.kananas.com\/meusevergerstraditions\/wp-content\/uploads\/sites\/2085\/2023\/11\/01_croissant_fertile-2.jpg 747w\" sizes=\"auto, (max-width: 250px) 100vw, 250px\" \/><figcaption id=\"caption-attachment-305\" class=\"wp-caption-text\"><span style=\"font-size: 10pt\">Le croissant fertile au III \u00e8me mill\u00e9naire avant JC.<\/span><\/figcaption><\/figure>\n<p>La pr\u00e9sentation de l\u2019histoire de la distillation, pr\u00e9vue initialement en salle avec vid\u00e9o projecteur, s\u2019est d\u00e9roul\u00e9e au final autour de l\u2019alambic du fait d\u2019une arriv\u00e9e \u00e9grain\u00e9e des visiteurs. Elle a permis notamment d\u2019en rappeler les origines : \u2018le Croissant Fertile\u2019 3500 ans avant JC, de sa lente migration vers le nord de l\u2019Europe avec des applications initiales de d\u00e9salinisation de l\u2019eau de mer en M\u00e9sopotamie, en distillation des \u00e9lixirs, des essences florales (en \u00c9gypte), puis en m\u00e9decine avec l\u2019alcool comme d\u00e9sinfectant et plus tardivement pour la fabrication des alcools de fruits qui ne connut un d\u00e9veloppement que vers le XIV <sup>-\u00e8me<\/sup> si\u00e8cle.<\/p>\n<p>Et c\u2019est donc en ce samedi soir de septembre, \u00e0 18h00 pass\u00e9es, au-del\u00e0 de l\u2019horaire de fin initialement pr\u00e9vu, que les derniers visiteurs quitt\u00e8rent l\u2019espace St Charles sous le regard quelque peu amus\u00e9 du G\u00e9n\u00e9ral Pierre Barrois (n\u00e9 \u00e0 Ligny-en-Barrois en 1774 et d\u00e9c\u00e9d\u00e9 en 1860), ou tout du moins de sa statue de bronze, le figeant malgr\u00e9 lui dans son habit de comte de l\u2019empire et g\u00e9n\u00e9ral de la r\u00e9volution.<\/p>\n<figure id=\"attachment_306\" aria-describedby=\"caption-attachment-306\" style=\"width: 168px\" class=\"wp-caption alignleft\"><img loading=\"lazy\" decoding=\"async\" class=\"wp-image-306\" src=\"http:\/\/www.kananas.com\/meusevergerstraditions\/wp-content\/uploads\/sites\/2085\/2023\/09\/General_Barrois-296x300.jpg\" alt=\"G\u00e9n\u00e9ral Barrois (n\u00e9 \u00e0 Ligny-en-Barrois en 1774 et d\u00e9c\u00e9d\u00e9 en 1860)\" width=\"168\" height=\"171\" srcset=\"https:\/\/www.kananas.com\/meusevergerstraditions\/wp-content\/uploads\/sites\/2085\/2023\/09\/General_Barrois-296x300.jpg 296w, https:\/\/www.kananas.com\/meusevergerstraditions\/wp-content\/uploads\/sites\/2085\/2023\/09\/General_Barrois-1011x1024.jpg 1011w, https:\/\/www.kananas.com\/meusevergerstraditions\/wp-content\/uploads\/sites\/2085\/2023\/09\/General_Barrois-768x778.jpg 768w, https:\/\/www.kananas.com\/meusevergerstraditions\/wp-content\/uploads\/sites\/2085\/2023\/09\/General_Barrois.jpg 1121w\" sizes=\"auto, (max-width: 168px) 100vw, 168px\" \/><figcaption id=\"caption-attachment-306\" class=\"wp-caption-text\"><span style=\"font-size: 10pt\">Statue du G\u00e9n\u00e9ral Barrois (1774-1860)<\/span><\/figcaption><\/figure>\n<p>Contemporain de l\u2019\u00e9poque, \u00a0c\u2019est en 1831, sous Louis-Philippe (1773 &#8211; 1850) Roi des Fran\u00e7ais de 1830 \u00e0 1848, que la Monarchie d\u00e9finit par la loi du 20 juillet 1831, <strong>la qualit\u00e9 de Bouilleurs consid\u00e9r\u00e9s<\/strong> comme\u00a0: <em>\u00ab\u00a0Bouilleurs de cru, les propri\u00e9taires d\u2019arbres fruitiers qui distilleront les cerises, mirabelles, prunes, poires, pommes ainsi que les vignerons qui transforment vins et lie en alcool, ceux-ci devant provenir de leur r\u00e9colte\u00a0\u00bb<\/em> : une d\u00e9finition toujours d\u2019actualit\u00e9 presque 200 ans apr\u00e8s la promulgation de cette loi et dont notre G\u00e9n\u00e9ral Barrois en fut le t\u00e9moin.<\/p>\n<p>Parmi les faits un peu historiques, et avant qu\u2019officiellement la qualit\u00e9 de bouilleur de cru soit ainsi d\u00e9finie (en 1831), c\u2019est par la loi du 31 mars 1803 que le privil\u00e8ge de bouilleur de cru prit naissance lorsque Napol\u00e9on accorda un privil\u00e8ge d&rsquo;exon\u00e9ration de taxes pour la distillation de 10\u00a0litres d&rsquo;alcool pur ou pour 20\u00a0litres d&rsquo;alcool \u00e0 50\u00b0 pour ses grognards. Ce privil\u00e8ge fut h\u00e9r\u00e9ditaire jusqu&rsquo;en 1960, o\u00f9, pour tenter de limiter le fl\u00e9au de l&rsquo;alcoolisme dans les campagnes mais aussi sous la pression des lobbies de grands importateurs d&rsquo;alcool fort ou producteurs fran\u00e7ais, le l\u00e9gislateur en interdit la transmission entre g\u00e9n\u00e9rations.<\/p>\n<p>Au final, les \u00e9changes nourris de cette journ\u00e9e d\u2019automne, autour de l\u2019alambic, o\u00f9 se sont \u00e9grain\u00e9s 4000 ans d\u2019histoire, dont les 2 derniers si\u00e8cles ont fa\u00e7onn\u00e9, au fil des d\u00e9cennies, \u00e0 la fois le vocabulaire, les pratiques, les mat\u00e9riels et les proc\u00e9d\u00e9s de la distillation, n\u2019ont pas \u00e9chapp\u00e9 au regard attentif ou plut\u00f4t aux oreilles de notre G\u00e9n\u00e9ral et de ce patrimoine qui se transmet et que l\u2019on peut qualifier de culturel !<\/p>\n<p>Le patrimoine culturel se d\u00e9finit comme l&rsquo;ensemble des biens, mat\u00e9riels ou immat\u00e9riels, ayant une importance artistique et\/ou historique certaine, et qui appartiennent soit \u00e0 une entit\u00e9 priv\u00e9e soit \u00e0 une entit\u00e9 publique. Ainsi, l\u2019intervention et la pr\u00e9sence de l\u2019Association Meuse Vergers Traditions \u00e0 cet \u00e9v\u00e9nement semblait tout \u00e0 fait \u00e0 propos et opportune dans le d\u00e9corum de ces journ\u00e9es du patrimoine, restait \u00e0 le confirmer\u00a0! Notre association se faisant ainsi le promoteur de ce patrimoine le plus ancr\u00e9 dans nos territoires ruraux qu\u2019est la distillation des fruits de nos vergers, mais aussi comme \u2018passeur de m\u00e9moire, de traditions, de savoir-faire\u2019, c\u2019est par le silence approbateur de notre G\u00e9n\u00e9ral que cette quasi inaudible confirmation fut donn\u00e9e de la fa\u00e7on la plus remarqu\u00e9e !<\/p>\n<p>Patrick MARTINET &#8211; Pr\u00e9sident de l&rsquo;Association Meuse Vergers Traditions<\/p>\n<p><em><span style=\"font-size: 10pt\">(1) Le terme \u2018distillateur professionnel\u2019 est en fait g\u00e9n\u00e9ralement r\u00e9serv\u00e9 pour une cat\u00e9gorie de distillateurs dont c\u2019est le seul m\u00e9tier et dont l\u2019activit\u00e9 est \u2018plus industrielle ou r\u00e9guli\u00e8re\u2019. En effet, pour ces \u2018r\u00e9els\u2019 distillateurs professionnels leur activit\u00e9 est moins sujette aux effets de saisonnalit\u00e9s. Ces professionnels se caract\u00e9risent par des volumes plus cons\u00e9quents que ceux que connaissent les \u2018bouilleurs ambulants\u2019 de nos villages ou territoires ruraux. Pour ces derniers : les distillateurs ambulants, \u00a0la distillation, cette activit\u00e9 de prestation est plut\u00f4t consid\u00e9r\u00e9e comme une activit\u00e9 annexe ou compl\u00e9mentaire \u00e0 celle souvent, qui leur est principale, de vignerons ou d\u2019agriculteurs.<\/span><\/em><\/p>\n<p>&nbsp;<\/p>\n","protected":false},"excerpt":{"rendered":"<p>Views: 0C\u2019est \u00e0 Ligny-en-Barrois, si\u00e8ge social de l\u2019association, qu\u2019en ce weekend du 16 septembre 2023, l\u2019Association Meuse Vergers Traditions apportait sa contribution aux journ\u00e9es du Patrimoine au travers d\u2019un programme comprenant : La pr\u00e9sentation en salle Camille Joignon de l\u2019histoire de la distillation. Les explications du fonctionnement de l\u2019alambic (Dans la cour int\u00e9rieure) Une information [&hellip;]<\/p>\n","protected":false},"author":2171,"featured_media":0,"comment_status":"open","ping_status":"open","sticky":false,"template":"","format":"standard","meta":{"_crdt_document":"","footnotes":""},"categories":[9],"tags":[],"class_list":["post-295","post","type-post","status-publish","format-standard","hentry","category-evenements"],"_links":{"self":[{"href":"https:\/\/www.kananas.com\/meusevergerstraditions\/wp-json\/wp\/v2\/posts\/295","targetHints":{"allow":["GET"]}}],"collection":[{"href":"https:\/\/www.kananas.com\/meusevergerstraditions\/wp-json\/wp\/v2\/posts"}],"about":[{"href":"https:\/\/www.kananas.com\/meusevergerstraditions\/wp-json\/wp\/v2\/types\/post"}],"author":[{"embeddable":true,"href":"https:\/\/www.kananas.com\/meusevergerstraditions\/wp-json\/wp\/v2\/users\/2171"}],"replies":[{"embeddable":true,"href":"https:\/\/www.kananas.com\/meusevergerstraditions\/wp-json\/wp\/v2\/comments?post=295"}],"version-history":[{"count":33,"href":"https:\/\/www.kananas.com\/meusevergerstraditions\/wp-json\/wp\/v2\/posts\/295\/revisions"}],"predecessor-version":[{"id":340,"href":"https:\/\/www.kananas.com\/meusevergerstraditions\/wp-json\/wp\/v2\/posts\/295\/revisions\/340"}],"wp:attachment":[{"href":"https:\/\/www.kananas.com\/meusevergerstraditions\/wp-json\/wp\/v2\/media?parent=295"}],"wp:term":[{"taxonomy":"category","embeddable":true,"href":"https:\/\/www.kananas.com\/meusevergerstraditions\/wp-json\/wp\/v2\/categories?post=295"},{"taxonomy":"post_tag","embeddable":true,"href":"https:\/\/www.kananas.com\/meusevergerstraditions\/wp-json\/wp\/v2\/tags?post=295"}],"curies":[{"name":"wp","href":"https:\/\/api.w.org\/{rel}","templated":true}]}}