{"id":409,"date":"2023-12-24T16:45:16","date_gmt":"2023-12-24T15:45:16","guid":{"rendered":"https:\/\/www.kananas.com\/meusevergerstraditions\/?p=409"},"modified":"2024-01-18T16:32:26","modified_gmt":"2024-01-18T15:32:26","slug":"droits-daccise-sur-les-alcools-pour-2024","status":"publish","type":"post","link":"https:\/\/www.kananas.com\/meusevergerstraditions\/2023\/12\/24\/droits-daccise-sur-les-alcools-pour-2024\/","title":{"rendered":"Droits d&rsquo;accise sur les alcools pour 2024"},"content":{"rendered":"<p>Views: 0<\/p><p style=\"text-align: justify\">Dans la continuit\u00e9 des diff\u00e9rents Flashs-informations relatifs au Transfert du Recouvrement des Contributions Indirectes (taxes) sur les alcools (droits d\u2019accises) et du Plan de Loi de Finances 2024 (PLF2024) \u2026 voici les derni\u00e8res nouvelles\u00a0?<\/p>\n<p style=\"text-align: justify\">Apr\u00e8s un second semestre 2023 riche en \u00e9v\u00e9nements, dans sa derni\u00e8re lecture du 19 d\u00e9cembre, le PLF 2024 est adopt\u00e9, la motion de censure qui s\u2019en est suivie le 21 D\u00e9cembre a \u00e9t\u00e9 rejet\u00e9e. Par cons\u00e9quent\u00a0comme nous vous l\u2019avions laiss\u00e9 supposer dans un pr\u00e9c\u00e9dent flash-Info et conform\u00e9ment \u00e0 l\u2019article 18 du PLF 2023 : <strong>Les bouilleurs de cru sont exon\u00e9r\u00e9s des droits d&rsquo;accise sur les alcools \u00e0 hauteur de 50 LAP* pour la campagne 2024 et\u00a0par m\u00e9nage de fruiticulteurs\u00a0! <\/strong><\/p>\n<p style=\"text-align: justify\">Par cons\u00e9quent, \u00e0 compter du 01\/01\/2024, ce ne sont plus 10 Litres d\u2019Alcool Pur (LAP) qui sont exon\u00e9r\u00e9s de droits d\u2019accises (taxes) \u00e0 hauteur de 50%, mais 50 LAP en exon\u00e9ration totale (et par m\u00e9nage de fructificateurs)\u00a0!<\/p>\n<p style=\"text-align: justify\">Ce changement n\u2019est pas le fruit du hasard,\u00a0mais r\u00e9sulte d\u2019actions engag\u00e9es depuis plusieurs mois par tous ceux qui ont \u00e0 c\u0153ur de pr\u00e9server et de p\u00e9renniser les valeurs immat\u00e9rielles dont celle de la transmission des savoir-faire ancestraux des bouilleurs de cru. (voir le d\u00e9tail des actions en annexe). A ce titre, nous adressons nos vifs remerciements \u00e0 nos \u00e9lus de la Meuse qui sont intervenus aupr\u00e8s du gouvernement\u00a0dont M. le D\u00e9put\u00e9 Bertrand PANCHER et M. le S\u00e9nateur Franck MENONVILLE<sup>(5)<\/sup><\/p>\n<p style=\"text-align: justify\">Une question toute l\u00e9gitime pourrait venir \u00e0 l\u2019esprit de\u00a0tous <em>les bouilleurs de cru <\/em>qui, depuis 2002, ont b\u00e9n\u00e9fici\u00e9 des premi\u00e8res actions de la FNSRPE, et qui prochainement vont \u00e0 nouveau \u00eatre \u00e9ligibles \u00e0 cette exon\u00e9ration totale de taxe jusque \u00e0 50 LAP. La question qui pourrait \u00eatre pos\u00e9e serait de savoir <em>\u2018comment reconnaitre les actions men\u00e9es par la FNSRPE et comment y apporter une reconnaissance\u00a0personnelle ?<\/em>\u2019. La r\u00e9ponse est des plus simples\u00a0! En cette p\u00e9riode de fin d\u2019ann\u00e9e, si vous \u00eates de plus \u00e0 court d\u2019id\u00e9es pour votre cadeau de Noel, n\u2019h\u00e9sitez pas \u00e0 <strong>vous faire offrir une inscription 2024 \u00e0 notre Association Meuse Vergers Traditions<\/strong> (bulletin ci attach\u00e9).<\/p>\n<p style=\"text-align: justify\">En plus du plaisir de b\u00e9n\u00e9ficier de futures et nouvelles \u00e9conomies sur vos prochaines campagnes de distillation, vous aurez celui non moins d\u00e9lectable de vous approprier le titre de \u00ab\u00a0membre et supporter de l\u2019association Meuse Vergers Traditions\u00a0\u00bb \u00a0 l\u2019\u00e9quipe Meuse qui a \u0153uvr\u00e9 au sein de la F\u00e9d\u00e9ration Nationale (la FNSRPE <sup>4<\/sup>) pour que le monde rural dont nous faisons partie puisse encore s\u2019enorgueillir de voir perdurer la production d\u2019une eau de vie naturelle de qualit\u00e9 issue des fruits de nos vergers. Si la mod\u00e9ration doit \u00eatre de mise dans la d\u00e9gustation de ce nectar, rien ne vous y oblige dans la fiert\u00e9 que vous pourrez afficher d\u2019\u00eatre devenus \u2018membre de notre Association MVT\u2019 et de nous y avoir rejoint.<\/p>\n<p style=\"text-align: justify\">Avec une petite pointe d\u2019humour, sans m\u00eame parler de satisfecit, \u00e0 l\u2019instar des \u2018Bleus de l\u2019\u00e9quipe de France\u2019 dans leur recherche, pour ce qui est de la FNSRPE, en cette fin 2023, apr\u00e8s 2002 et 2012 c\u2019est une troisi\u00e8me \u00e9toile qui vient de venir s\u2019ajouter \u00e0 notre maillot.<\/p>\n<p style=\"text-align: justify\">Et en cette nuit de r\u00e9veillon qui se dessine, puisse votre \u2018bonne \u00e9toile\u2019 vous guider. Bon No\u00ebl et bonnes f\u00eates de fin d\u2019ann\u00e9e \u00e0 vous !<\/p>\n<p style=\"text-align: justify\">Patrick MARTINET &#8211; Pr\u00e9sident Association Meuse Vergers Traditions<\/p>\n<p><span style=\"text-decoration: underline\">Fichiers \u00e0 t\u00e9l\u00e9charger :<\/span><\/p>\n<ul>\n<li>Comment \u00e9tablir le DSA en 2024 (document FNSRPE) : <a href=\"http:\/\/www.kananas.com\/meusevergerstraditions\/wp-content\/uploads\/sites\/2085\/2023\/12\/2023-12-23_FNSRPE_DSA_2024.pdf\">Cliquez-ici<\/a><\/li>\n<li>Flyer de pr\u00e9sentation de l\u2019Association Meuse Vergers Traditions + Adh\u00e9sion 2024 : <a href=\"http:\/\/www.kananas.com\/meusevergerstraditions\/wp-content\/uploads\/sites\/2085\/2023\/12\/Association_Meuse_Vergers_Traditions_Flyer_2024.pdf\">Cliquez-ici<\/a><\/li>\n<li>Flash info comprenant Annexe et Galerie photos. <a href=\"http:\/\/www.kananas.com\/meusevergerstraditions\/wp-content\/uploads\/sites\/2085\/2023\/12\/2023-12-24_Flash-Info_Douanes_2024.pdf\">Cliquez-ici<\/a><\/li>\n<\/ul>\n<p>&nbsp;<\/p>\n<ul>\n<li><sup>1<\/sup> Commune connaissant une activit\u00e9 de distillation sous le r\u00e9gime des bouilleurs de cru.<\/li>\n<li><sup>2<\/sup> MVT\u00a0: Association Meuse Vergers Traditions<\/li>\n<li><sup>3<\/sup> LAP\u00a0: Litre d&rsquo;Alcool Pur (100 degr\u00e9s)<\/li>\n<li><sup>4<\/sup> FNSRPE\u00a0: F\u00e9d\u00e9ration Nationale des Syndicats des R\u00e9coltants familiaux de fruits et Producteurs d&rsquo;Eau de vie naturelle<\/li>\n<li><sup>5 <\/sup>Voir pr\u00e9cision de leurs actions dans l\u2019annexe ci-apr\u00e8s.<\/li>\n<\/ul>\n<p><!--more--><\/p>\n<h1 style=\"text-align: center\">ANNEXE<\/h1>\n<p style=\"text-align: justify\">Dans le d\u00e9tail, et pour tous ceux qui viennent r\u00e9cemment de rejoindre notre association ou qui souhaitent se rem\u00e9morer le film de ces 6 \u00e0 7 deniers mois &#8211; Explications\u00a0:<\/p>\n<p style=\"text-align: justify\">Tout a commenc\u00e9 avec la note du 11 Mai 2023 \u00e9mise par la Directions des Douanes de Montreuil relative au transfert du recouvrement des Contributions Indirectes (taxes) sur les alcools (droits d\u2019accises). Cette note injustement interpr\u00e9t\u00e9e par certains bureaux de douanes allait transformer les Pr\u00e9sidents de Syndicats de Distillation en collecteurs de taxes. Des d\u00e9missions \u00e9voqu\u00e9es par nombreux pr\u00e9sidents d\u2019associations ou syndicats communaux de distillation allaient porter un coup (fatal) \u00e0 cette activit\u00e9 de \u2018Bouilleurs\u2019 qui ne repr\u00e9sente que 0.03 % de l\u2019alcool vendu en France, mais oh combien ancr\u00e9e dans notre ruralit\u00e9 par la qualit\u00e9 de l\u2019eau de vie qui y est produite \u00e0 partir des fruits de nos vergers.<\/p>\n<p style=\"text-align: justify\">Notre D\u00e9partement de la Meuse, avec sa toute jeune Association Meuse Vergers Traditions fut m\u00eame, et un peu malgr\u00e9 elle, le fer de lance d\u2019une action dont le d\u00e9nouement est proche. En effet, avec \u00e9galement le travail collaboratif de certains de nos coll\u00e8gues \u2018Bouilleurs Ambulants\u2019 dont Jean Garnier (Pr\u00e9sident du Syndicat des Bouilleurs Ambulants de la R\u00e9gion Est), les premi\u00e8res actions entreprises face \u00e0 l\u2019Administration furent relay\u00e9es et reprises par nos confr\u00e8res des d\u00e9partements voisins \u00e9galement concern\u00e9s. Devenu national, le sujet fut ensuite support\u00e9 par la FNSRPE, et \u00e0 laquelle notre association est adh\u00e9rente.<\/p>\n<h2><span style=\"font-size: 18pt\"><strong><u>De quoi s\u2019agit-il, et de fa\u00e7on chronologique ?<\/u><\/strong><\/span><\/h2>\n<p style=\"text-align: justify\">&#8211; 11\/05\/2023 : \u00c9mission de la note de la direction des Douanes de Montreuil concernant le Transfert du recouvrement des Contributions Indirectes (taxes) sur les alcools (droits d\u2019accises). Cette note ne devait concerner que les professionnels de la distillation (les Bouilleurs Ambulants) et non pas les Bouilleurs de Cru regroup\u00e9s en association ou syndicats de distillation communaux (les amateurs que nous sommes).<\/p>\n<p style=\"text-align: justify\">&#8211; D\u00e9but juin : alerte de certains Pr\u00e9sidents de syndicats de la Meuse sur des e-mails re\u00e7us, venant des douanes, les mettant en demeure de mettre en place des dispositions qui allaient s\u2019imposer aux professionnels au 01\/01\/2024. Le risque de ne pas se soumettre : Un retrait de l&rsquo;agr\u00e9ment \u00e0 distiller de l\u2019association ou syndicat qui ne pourrait plus fonctionner comme lors des pr\u00e9c\u00e9dentes campagnes de distillations.<\/p>\n<figure id=\"attachment_421\" aria-describedby=\"caption-attachment-421\" style=\"width: 300px\" class=\"wp-caption alignright\"><img loading=\"lazy\" decoding=\"async\" class=\"size-medium wp-image-421\" src=\"http:\/\/www.kananas.com\/meusevergerstraditions\/wp-content\/uploads\/sites\/2085\/2023\/12\/20230602_154511-300x169.jpg\" alt=\"Le 12\/06\/20 : R\u00e9union avec M. le D\u00e9put\u00e9 Bertrand PANCHER\" width=\"300\" height=\"169\" srcset=\"https:\/\/www.kananas.com\/meusevergerstraditions\/wp-content\/uploads\/sites\/2085\/2023\/12\/20230602_154511-300x169.jpg 300w, https:\/\/www.kananas.com\/meusevergerstraditions\/wp-content\/uploads\/sites\/2085\/2023\/12\/20230602_154511-1024x576.jpg 1024w, https:\/\/www.kananas.com\/meusevergerstraditions\/wp-content\/uploads\/sites\/2085\/2023\/12\/20230602_154511-768x432.jpg 768w, https:\/\/www.kananas.com\/meusevergerstraditions\/wp-content\/uploads\/sites\/2085\/2023\/12\/20230602_154511-1536x864.jpg 1536w, https:\/\/www.kananas.com\/meusevergerstraditions\/wp-content\/uploads\/sites\/2085\/2023\/12\/20230602_154511-2048x1152.jpg 2048w, https:\/\/www.kananas.com\/meusevergerstraditions\/wp-content\/uploads\/sites\/2085\/2023\/12\/20230602_154511-1200x675.jpg 1200w\" sizes=\"auto, (max-width: 300px) 100vw, 300px\" \/><figcaption id=\"caption-attachment-421\" class=\"wp-caption-text\"><span style=\"font-size: 10pt\">Bertrand PANCHER &#8211; Mme Vanessa PICART \u2013 Patrick MARTINET &#8211; Jean GARNIER<\/span><\/figcaption><\/figure>\n<p style=\"text-align: justify\">&#8211; 12\/06\/2023 : Un rendez-vous initi\u00e9 par Jean GARNIER (Pr\u00e9sident du Syndicat des Bouilleurs Ambulants de la R\u00e9gion Est) avec Patrick MARTINET (Pr\u00e9sident de l\u2019Association Meuse Vergers Traditions) permit une rencontre avec Bertrand PANCHER (D\u00e9put\u00e9 de la Meuse) en pr\u00e9sence \u00e9galement de Mme Vanessa PICART (Attach\u00e9e parlementaire) le vendredi 02 Juin 2023 \u00e0 la permanence de Bar-le-Duc. Objectif : alerter notre d\u00e9put\u00e9 sur la mauvaise interpr\u00e9tation du texte du11 mai par certains bureaux de douanes et de ses cons\u00e9quences sur la ruralit\u00e9. Un engagement fut pris par Bertrand PANCHER d\u2019intervenir aupr\u00e8s de Bruno LEMAIRE Ministre des Finances pour clarification.<\/p>\n<p style=\"text-align: justify\">&#8211;\u00a0 29\/06\/2023 : M. Franck MENONVILLE attire l&rsquo;attention de M. le ministre de l&rsquo;\u00e9conomie, des finances et de la souverainet\u00e9 industrielle et num\u00e9rique sur le paiement des taxes sur l&rsquo;alcool pour les bouilleurs de cru ambulants du fait des obligations auxquelles vont devoir se soumettre le monde des bouilleurs de cru \u2026 Cette situation est source d&rsquo;inqui\u00e9tude car elle accroit les charges de travail et renforce la complexit\u00e9 administrative. Il souhaiterait connaitre la position du Gouvernement sur le sujet et ses intentions pour simplifier les proc\u00e9dures (voir r\u00e9ponse le 16\/11\/2023).<\/p>\n<p style=\"text-align: justify\">&#8211; 17\/06\/2023 : Envoi d\u2019un courrier adress\u00e9 \u00e0 Monsieur le Directeur R\u00e9gional des Douanes et Droits Indirects de Nancy par notre association, lui indiquant le caract\u00e8re inappropri\u00e9 de l\u2019e-mail envoy\u00e9 par ses services et en contestant la pertinence pour ce qui concernait les bouilleurs de cru.<\/p>\n<figure id=\"attachment_430\" aria-describedby=\"caption-attachment-430\" style=\"width: 300px\" class=\"wp-caption alignright\"><img loading=\"lazy\" decoding=\"async\" class=\"size-medium wp-image-430\" src=\"http:\/\/www.kananas.com\/meusevergerstraditions\/wp-content\/uploads\/sites\/2085\/2023\/12\/2023-07-28_Reunion_Douanes_Montreuil-1.pg_-300x230.jpg\" alt=\"\" width=\"300\" height=\"230\" srcset=\"https:\/\/www.kananas.com\/meusevergerstraditions\/wp-content\/uploads\/sites\/2085\/2023\/12\/2023-07-28_Reunion_Douanes_Montreuil-1.pg_-300x230.jpg 300w, https:\/\/www.kananas.com\/meusevergerstraditions\/wp-content\/uploads\/sites\/2085\/2023\/12\/2023-07-28_Reunion_Douanes_Montreuil-1.pg_-1024x785.jpg 1024w, https:\/\/www.kananas.com\/meusevergerstraditions\/wp-content\/uploads\/sites\/2085\/2023\/12\/2023-07-28_Reunion_Douanes_Montreuil-1.pg_-768x589.jpg 768w, https:\/\/www.kananas.com\/meusevergerstraditions\/wp-content\/uploads\/sites\/2085\/2023\/12\/2023-07-28_Reunion_Douanes_Montreuil-1.pg_-1536x1177.jpg 1536w, https:\/\/www.kananas.com\/meusevergerstraditions\/wp-content\/uploads\/sites\/2085\/2023\/12\/2023-07-28_Reunion_Douanes_Montreuil-1.pg_-2048x1570.jpg 2048w, https:\/\/www.kananas.com\/meusevergerstraditions\/wp-content\/uploads\/sites\/2085\/2023\/12\/2023-07-28_Reunion_Douanes_Montreuil-1.pg_-1200x920.jpg 1200w\" sizes=\"auto, (max-width: 300px) 100vw, 300px\" \/><figcaption id=\"caption-attachment-430\" class=\"wp-caption-text\">P.Martinet \u2013 D.Thiebaud &#8211; J.Coudray &#8211; J.C.Cheritat \u2013 R.Loos<\/figcaption><\/figure>\n<p style=\"text-align: justify\">\u00a0&#8211; 28\/07\/2023 : premi\u00e8re r\u00e9union avec la Direction G\u00e9n\u00e9rale des Douanes de Montreuil \u00e0 l\u2019invitation de M.Julien COUDRAY. Objectif : clarifier aupr\u00e8s de l\u2019administration la compr\u00e9hension de ce que sont les Bouilleurs de Cru (notamment le fait que nous sommes des non-professionnels). De longs \u00e9changes ont suivi afin de proposer diff\u00e9rentes solutions possibles pour rentrer dans le cadre du projet de \u2018Transfert du Recouvrement\u2019, dont certaines relativement audacieuses.<\/p>\n<p><strong>Une affirmation\u00a0: <\/strong>Les Pr\u00e9sidents de syndicats ou associations ne seront pas collecteurs de taxes\u00a0!<\/p>\n<p><strong><em><img loading=\"lazy\" decoding=\"async\" class=\"alignnone size-medium wp-image-440 alignleft\" src=\"http:\/\/www.kananas.com\/meusevergerstraditions\/wp-content\/uploads\/sites\/2085\/2023\/12\/2023-07-28_Reunion_Douanes_Montreuil-2.pg_-300x214.jpg\" alt=\"\" width=\"300\" height=\"214\" srcset=\"https:\/\/www.kananas.com\/meusevergerstraditions\/wp-content\/uploads\/sites\/2085\/2023\/12\/2023-07-28_Reunion_Douanes_Montreuil-2.pg_-300x214.jpg 300w, https:\/\/www.kananas.com\/meusevergerstraditions\/wp-content\/uploads\/sites\/2085\/2023\/12\/2023-07-28_Reunion_Douanes_Montreuil-2.pg_-1024x731.jpg 1024w, https:\/\/www.kananas.com\/meusevergerstraditions\/wp-content\/uploads\/sites\/2085\/2023\/12\/2023-07-28_Reunion_Douanes_Montreuil-2.pg_-768x549.jpg 768w, https:\/\/www.kananas.com\/meusevergerstraditions\/wp-content\/uploads\/sites\/2085\/2023\/12\/2023-07-28_Reunion_Douanes_Montreuil-2.pg_-1536x1097.jpg 1536w, https:\/\/www.kananas.com\/meusevergerstraditions\/wp-content\/uploads\/sites\/2085\/2023\/12\/2023-07-28_Reunion_Douanes_Montreuil-2.pg_-2048x1463.jpg 2048w, https:\/\/www.kananas.com\/meusevergerstraditions\/wp-content\/uploads\/sites\/2085\/2023\/12\/2023-07-28_Reunion_Douanes_Montreuil-2.pg_-1200x857.jpg 1200w\" sizes=\"auto, (max-width: 300px) 100vw, 300px\" \/>Les injonctions faites et formalit\u00e9s obligatoires demand\u00e9es aux pr\u00e9sidents d\u2019associations ou de syndicats de distillation, dont \u00e0 ceux de la Meuse, re\u00e7ues par e-mail des douanes de Nancy, et visant \u00e0 les obliger \u00e0 devenir collecteurs d\u2019imp\u00f4ts sont nulles et non avenues. Ceci sera confirm\u00e9 prochainement par les douanes\u2019.<\/em><\/strong><\/p>\n<p>&nbsp;<\/p>\n<p style=\"text-align: justify\">&#8211; Mi-septembre :\u00a0 prise de connaissance du Plan de Loi de finances 2024 qui dans son article 18 voit propos\u00e9e une modification de l\u2019article 313-34 visant \u00e0 ce que l\u2019exon\u00e9ration \u00e0 50% des droits d\u2019accises sur les 10 premiers Litres d\u2019alcool pur (LAP) soit remplac\u00e9 par 50 LAP en exon\u00e9ration totale !<\/p>\n<p>&nbsp;<\/p>\n<figure id=\"attachment_432\" aria-describedby=\"caption-attachment-432\" style=\"width: 269px\" class=\"wp-caption alignright\"><img loading=\"lazy\" decoding=\"async\" class=\"wp-image-432 \" src=\"http:\/\/www.kananas.com\/meusevergerstraditions\/wp-content\/uploads\/sites\/2085\/2023\/12\/20230929_144054-300x146.jpg\" alt=\"\" width=\"269\" height=\"131\" srcset=\"https:\/\/www.kananas.com\/meusevergerstraditions\/wp-content\/uploads\/sites\/2085\/2023\/12\/20230929_144054-300x146.jpg 300w, https:\/\/www.kananas.com\/meusevergerstraditions\/wp-content\/uploads\/sites\/2085\/2023\/12\/20230929_144054-1024x498.jpg 1024w, https:\/\/www.kananas.com\/meusevergerstraditions\/wp-content\/uploads\/sites\/2085\/2023\/12\/20230929_144054-768x373.jpg 768w, https:\/\/www.kananas.com\/meusevergerstraditions\/wp-content\/uploads\/sites\/2085\/2023\/12\/20230929_144054-1536x747.jpg 1536w, https:\/\/www.kananas.com\/meusevergerstraditions\/wp-content\/uploads\/sites\/2085\/2023\/12\/20230929_144054-2048x996.jpg 2048w, https:\/\/www.kananas.com\/meusevergerstraditions\/wp-content\/uploads\/sites\/2085\/2023\/12\/20230929_144054-1200x583.jpg 1200w\" sizes=\"auto, (max-width: 269px) 100vw, 269px\" \/><figcaption id=\"caption-attachment-432\" class=\"wp-caption-text\">Julien Coudray (Dir Douanes) entour\u00e9 par son \u00e9quipe<\/figcaption><\/figure>\n<p style=\"text-align: justify\">&#8211; 29\/09\/2023 : R\u00e9union aux Douanes (Paris Bercy). L\u2019objet de cette r\u00e9union \u00e0 laquelle sont invit\u00e9s deux repr\u00e9sentants de chacune des 24 repr\u00e9sentations Nationales concern\u00e9es par la r\u00e9forme est de\u00a0:<\/p>\n<ul>\n<li>Pr\u00e9senter les grands axes de la r\u00e9forme<\/li>\n<li>R\u00e9pondre aux questions qu\u2019elles pourraient soulever.<\/li>\n<\/ul>\n<p style=\"text-align: justify\">Par ailleurs il est confirm\u00e9 le contenu du PLF2024 en faisant r\u00e9f\u00e9rence \u00e0 un alignement au niveau de l\u2019Europe sur le statut du bouilleur de cru, et justifiant ces 50 LAP en exon\u00e9ration totale de taxes.<\/p>\n<p style=\"text-align: justify\">&#8211; 31\/10\/2023 : R\u00e9ception de la r\u00e9ponse de M Bruno LEMAIRE au D\u00e9put\u00e9 Bertrand PANCHER (<a href=\"http:\/\/www.kananas.com\/meusevergerstraditions\/wp-content\/uploads\/sites\/2085\/2023\/11\/2023-10-19_reponse-Ministre-Economie.pdf\">cliquer-ici<\/a>) confirmant notre bonne lecture et compr\u00e9hension de la note du 11 Mai et rassurant quant \u00e0 l\u2019absence d\u2019obligation nouvelle qui serait impos\u00e9e aux bouilleurs de cru.<\/p>\n<ul style=\"list-style-type: circle;text-align: justify\">\n<li><em>\u00c0 la diff\u00e9rence des distillateurs professionnels (distilleries et distillateurs ambulants), les syndicats et les associations coop\u00e9ratives ne seront consid\u00e9r\u00e9s ni comme redevables professionnels, ni tenus de disposer d&rsquo;un num\u00e9ro SIREN.<\/em><\/li>\n<li><em>L\u2019absence d&rsquo;obligation nouvelle qui serait impos\u00e9e aux bouilleurs de cru.<\/em><\/li>\n<\/ul>\n<p style=\"text-align: justify\">&#8211; Mi-oct. 2023 : certaines associations ou syndicats re\u00e7oivent un courrier des douanes indiquant : <em>La direction g\u00e9n\u00e9rale confirme que le num\u00e9ro de SIREN, pour les syndicats (associations) arboricoles de bouilleurs de cru n&rsquo;est pas obligatoire, dans la mesure ou chaque adh\u00e9rent distille pour lui-m\u00eame\u2026<\/em><\/p>\n<p style=\"text-align: justify\">&#8211; 16\/11\/2023 r\u00e9ponse de R\u00e9ponse du Minist\u00e8re aupr\u00e8s du ministre de l&rsquo;\u00e9conomie, des finances et de la souverainet\u00e9 industrielle et num\u00e9rique, charg\u00e9 des comptes publics \u00e0 la question de M Franck MENONVILLE\u00a0 (<a href=\"http:\/\/www.kananas.com\/meusevergerstraditions\/wp-content\/uploads\/sites\/2085\/2023\/12\/2023-11_16_Question-Reponse_Franck_MENONVILLE.pdf\" target=\"_blank\" rel=\"noopener\">cliquer-ici<\/a>): <em>(en point principal)<\/em>\u00a0: \u2026, \u00e0 titre de simplification et compte tenu des relatifs faibles enjeux li\u00e9s \u00e0 la perception de cette accise, le PLF pour 2024 propose d&rsquo;exon\u00e9rer les bouilleurs de cru de l&rsquo;accise dans la limite de 50 litres d&rsquo;alcool pur par an \u2026.<\/p>\n<p style=\"text-align: justify\">&#8211; 19\/12\/2023 : Lecture d\u00e9finitive du PLF 2024 : adopt\u00e9.<\/p>\n<p style=\"text-align: justify\">&#8211; 21\/12\/2023 : Motion de censure : rejet\u00e9e par 289 voix contre 116.<\/p>\n<p style=\"text-align: justify\">L\u2019article 18 de PLF 2024 proposant d&rsquo;exon\u00e9rer les bouilleurs de cru de l&rsquo;accise dans la limite de 50 litres d&rsquo;alcool pur par an est adopt\u00e9 avec un ajout par les s\u00e9nateurs\u00a0: et par m\u00e9nage de fructificateurs\u00a0!<\/p>\n<h2 style=\"text-align: center\"><span style=\"font-size: 12pt\"><strong><span style=\"font-size: 18pt\">Galerie photos :<\/span><br \/>\n<\/strong><\/span><\/h2>\n<div id='gallery-1' class='gallery galleryid-409 gallery-columns-3 gallery-size-medium'><figure class='gallery-item'>\n\t\t\t<div class='gallery-icon landscape'>\n\t\t\t\t<a href='https:\/\/www.kananas.com\/meusevergerstraditions\/2023\/12\/24\/droits-daccise-sur-les-alcools-pour-2024\/20230602_154511\/'><img loading=\"lazy\" decoding=\"async\" width=\"300\" height=\"169\" src=\"https:\/\/www.kananas.com\/meusevergerstraditions\/wp-content\/uploads\/sites\/2085\/2023\/12\/20230602_154511-300x169.jpg\" class=\"attachment-medium size-medium\" alt=\"Le 12\/06\/20 : R\u00e9union avec M. le D\u00e9put\u00e9 Bertrand PANCHER\" aria-describedby=\"gallery-1-421\" srcset=\"https:\/\/www.kananas.com\/meusevergerstraditions\/wp-content\/uploads\/sites\/2085\/2023\/12\/20230602_154511-300x169.jpg 300w, https:\/\/www.kananas.com\/meusevergerstraditions\/wp-content\/uploads\/sites\/2085\/2023\/12\/20230602_154511-1024x576.jpg 1024w, https:\/\/www.kananas.com\/meusevergerstraditions\/wp-content\/uploads\/sites\/2085\/2023\/12\/20230602_154511-768x432.jpg 768w, https:\/\/www.kananas.com\/meusevergerstraditions\/wp-content\/uploads\/sites\/2085\/2023\/12\/20230602_154511-1536x864.jpg 1536w, https:\/\/www.kananas.com\/meusevergerstraditions\/wp-content\/uploads\/sites\/2085\/2023\/12\/20230602_154511-2048x1152.jpg 2048w, https:\/\/www.kananas.com\/meusevergerstraditions\/wp-content\/uploads\/sites\/2085\/2023\/12\/20230602_154511-1200x675.jpg 1200w\" sizes=\"auto, (max-width: 300px) 100vw, 300px\" \/><\/a>\n\t\t\t<\/div>\n\t\t\t\t<figcaption class='wp-caption-text gallery-caption' id='gallery-1-421'>\n\t\t\t\t02\/06\/2023 R\u00e9union avec Bertrand PANCHER &#8211; Mme Vanessa PICART \u2013  Patrick MARTINET &#8211; Jean GARNIER\n\t\t\t\t<\/figcaption><\/figure><figure class='gallery-item'>\n\t\t\t<div class='gallery-icon landscape'>\n\t\t\t\t<a href='https:\/\/www.kananas.com\/meusevergerstraditions\/2023\/12\/24\/droits-daccise-sur-les-alcools-pour-2024\/2023-07-28_reunion_douanes_montreuil-1-pg\/'><img loading=\"lazy\" decoding=\"async\" width=\"300\" height=\"230\" src=\"https:\/\/www.kananas.com\/meusevergerstraditions\/wp-content\/uploads\/sites\/2085\/2023\/12\/2023-07-28_Reunion_Douanes_Montreuil-1.pg_-300x230.jpg\" class=\"attachment-medium size-medium\" alt=\"\" aria-describedby=\"gallery-1-430\" srcset=\"https:\/\/www.kananas.com\/meusevergerstraditions\/wp-content\/uploads\/sites\/2085\/2023\/12\/2023-07-28_Reunion_Douanes_Montreuil-1.pg_-300x230.jpg 300w, https:\/\/www.kananas.com\/meusevergerstraditions\/wp-content\/uploads\/sites\/2085\/2023\/12\/2023-07-28_Reunion_Douanes_Montreuil-1.pg_-1024x785.jpg 1024w, https:\/\/www.kananas.com\/meusevergerstraditions\/wp-content\/uploads\/sites\/2085\/2023\/12\/2023-07-28_Reunion_Douanes_Montreuil-1.pg_-768x589.jpg 768w, https:\/\/www.kananas.com\/meusevergerstraditions\/wp-content\/uploads\/sites\/2085\/2023\/12\/2023-07-28_Reunion_Douanes_Montreuil-1.pg_-1536x1177.jpg 1536w, https:\/\/www.kananas.com\/meusevergerstraditions\/wp-content\/uploads\/sites\/2085\/2023\/12\/2023-07-28_Reunion_Douanes_Montreuil-1.pg_-2048x1570.jpg 2048w, https:\/\/www.kananas.com\/meusevergerstraditions\/wp-content\/uploads\/sites\/2085\/2023\/12\/2023-07-28_Reunion_Douanes_Montreuil-1.pg_-1200x920.jpg 1200w\" sizes=\"auto, (max-width: 300px) 100vw, 300px\" \/><\/a>\n\t\t\t<\/div>\n\t\t\t\t<figcaption class='wp-caption-text gallery-caption' id='gallery-1-430'>\n\t\t\t\t28\/07\/2023 : Direction Douanes Montreuil &#8211; P.Martinet \u2013 D.Thiebaud &#8211; J.Coudray &#8211; J.C.Cheritat \u2013 R.Loos\n\t\t\t\t<\/figcaption><\/figure><figure class='gallery-item'>\n\t\t\t<div class='gallery-icon landscape'>\n\t\t\t\t<a href='https:\/\/www.kananas.com\/meusevergerstraditions\/2023\/12\/24\/droits-daccise-sur-les-alcools-pour-2024\/2023-07-28_reunion_douanes_montreuil-2-pg\/'><img loading=\"lazy\" decoding=\"async\" width=\"300\" height=\"214\" src=\"https:\/\/www.kananas.com\/meusevergerstraditions\/wp-content\/uploads\/sites\/2085\/2023\/12\/2023-07-28_Reunion_Douanes_Montreuil-2.pg_-300x214.jpg\" class=\"attachment-medium size-medium\" alt=\"\" aria-describedby=\"gallery-1-440\" srcset=\"https:\/\/www.kananas.com\/meusevergerstraditions\/wp-content\/uploads\/sites\/2085\/2023\/12\/2023-07-28_Reunion_Douanes_Montreuil-2.pg_-300x214.jpg 300w, https:\/\/www.kananas.com\/meusevergerstraditions\/wp-content\/uploads\/sites\/2085\/2023\/12\/2023-07-28_Reunion_Douanes_Montreuil-2.pg_-1024x731.jpg 1024w, https:\/\/www.kananas.com\/meusevergerstraditions\/wp-content\/uploads\/sites\/2085\/2023\/12\/2023-07-28_Reunion_Douanes_Montreuil-2.pg_-768x549.jpg 768w, https:\/\/www.kananas.com\/meusevergerstraditions\/wp-content\/uploads\/sites\/2085\/2023\/12\/2023-07-28_Reunion_Douanes_Montreuil-2.pg_-1536x1097.jpg 1536w, https:\/\/www.kananas.com\/meusevergerstraditions\/wp-content\/uploads\/sites\/2085\/2023\/12\/2023-07-28_Reunion_Douanes_Montreuil-2.pg_-2048x1463.jpg 2048w, https:\/\/www.kananas.com\/meusevergerstraditions\/wp-content\/uploads\/sites\/2085\/2023\/12\/2023-07-28_Reunion_Douanes_Montreuil-2.pg_-1200x857.jpg 1200w\" sizes=\"auto, (max-width: 300px) 100vw, 300px\" \/><\/a>\n\t\t\t<\/div>\n\t\t\t\t<figcaption class='wp-caption-text gallery-caption' id='gallery-1-440'>\n\t\t\t\t28\/07\/2023 : Direction Douanes Montreuil. repr\u00e9sentants de la FNSRPE &#8211; Dir. Douanes &#8211; DGFIP\n\t\t\t\t<\/figcaption><\/figure><figure class='gallery-item'>\n\t\t\t<div class='gallery-icon landscape'>\n\t\t\t\t<a href='https:\/\/www.kananas.com\/meusevergerstraditions\/2023-09-29_douanes_bercy_01\/'><img loading=\"lazy\" decoding=\"async\" width=\"300\" height=\"146\" src=\"https:\/\/www.kananas.com\/meusevergerstraditions\/wp-content\/uploads\/sites\/2085\/2023\/12\/2023-09-29_Douanes_Bercy_01-300x146.jpg\" class=\"attachment-medium size-medium\" alt=\"\" aria-describedby=\"gallery-1-445\" srcset=\"https:\/\/www.kananas.com\/meusevergerstraditions\/wp-content\/uploads\/sites\/2085\/2023\/12\/2023-09-29_Douanes_Bercy_01-300x146.jpg 300w, https:\/\/www.kananas.com\/meusevergerstraditions\/wp-content\/uploads\/sites\/2085\/2023\/12\/2023-09-29_Douanes_Bercy_01-1024x498.jpg 1024w, https:\/\/www.kananas.com\/meusevergerstraditions\/wp-content\/uploads\/sites\/2085\/2023\/12\/2023-09-29_Douanes_Bercy_01-768x373.jpg 768w, https:\/\/www.kananas.com\/meusevergerstraditions\/wp-content\/uploads\/sites\/2085\/2023\/12\/2023-09-29_Douanes_Bercy_01-1536x747.jpg 1536w, https:\/\/www.kananas.com\/meusevergerstraditions\/wp-content\/uploads\/sites\/2085\/2023\/12\/2023-09-29_Douanes_Bercy_01-2048x996.jpg 2048w, https:\/\/www.kananas.com\/meusevergerstraditions\/wp-content\/uploads\/sites\/2085\/2023\/12\/2023-09-29_Douanes_Bercy_01-1200x583.jpg 1200w\" sizes=\"auto, (max-width: 300px) 100vw, 300px\" \/><\/a>\n\t\t\t<\/div>\n\t\t\t\t<figcaption class='wp-caption-text gallery-caption' id='gallery-1-445'>\n\t\t\t\t29\/09\/2023- Direction Douanes Paris-Bercy \n\t\t\t\t<\/figcaption><\/figure><figure class='gallery-item'>\n\t\t\t<div class='gallery-icon landscape'>\n\t\t\t\t<a href='https:\/\/www.kananas.com\/meusevergerstraditions\/2023\/12\/24\/droits-daccise-sur-les-alcools-pour-2024\/20230929_144054\/'><img loading=\"lazy\" decoding=\"async\" width=\"300\" height=\"146\" src=\"https:\/\/www.kananas.com\/meusevergerstraditions\/wp-content\/uploads\/sites\/2085\/2023\/12\/20230929_144054-300x146.jpg\" class=\"attachment-medium size-medium\" alt=\"\" aria-describedby=\"gallery-1-432\" srcset=\"https:\/\/www.kananas.com\/meusevergerstraditions\/wp-content\/uploads\/sites\/2085\/2023\/12\/20230929_144054-300x146.jpg 300w, https:\/\/www.kananas.com\/meusevergerstraditions\/wp-content\/uploads\/sites\/2085\/2023\/12\/20230929_144054-1024x498.jpg 1024w, https:\/\/www.kananas.com\/meusevergerstraditions\/wp-content\/uploads\/sites\/2085\/2023\/12\/20230929_144054-768x373.jpg 768w, https:\/\/www.kananas.com\/meusevergerstraditions\/wp-content\/uploads\/sites\/2085\/2023\/12\/20230929_144054-1536x747.jpg 1536w, https:\/\/www.kananas.com\/meusevergerstraditions\/wp-content\/uploads\/sites\/2085\/2023\/12\/20230929_144054-2048x996.jpg 2048w, https:\/\/www.kananas.com\/meusevergerstraditions\/wp-content\/uploads\/sites\/2085\/2023\/12\/20230929_144054-1200x583.jpg 1200w\" sizes=\"auto, (max-width: 300px) 100vw, 300px\" \/><\/a>\n\t\t\t<\/div>\n\t\t\t\t<figcaption class='wp-caption-text gallery-caption' id='gallery-1-432'>\n\t\t\t\t29\/09\/2023- Direction Douanes Paris-Bercy &#8211; Julien Coudray (Dir Douanes) entour\u00e9 par son \u00e9quipe\n\t\t\t\t<\/figcaption><\/figure>\n\t\t<\/div>\n\n<p>&nbsp;<\/p>\n","protected":false},"excerpt":{"rendered":"<p>Views: 0Dans la continuit\u00e9 des diff\u00e9rents Flashs-informations relatifs au Transfert du Recouvrement des Contributions Indirectes (taxes) sur les alcools (droits d\u2019accises) et du Plan de Loi de Finances 2024 (PLF2024) \u2026 voici les derni\u00e8res nouvelles\u00a0? Apr\u00e8s un second semestre 2023 riche en \u00e9v\u00e9nements, dans sa derni\u00e8re lecture du 19 d\u00e9cembre, le PLF 2024 est adopt\u00e9, [&hellip;]<\/p>\n","protected":false},"author":2171,"featured_media":0,"comment_status":"open","ping_status":"open","sticky":false,"template":"","format":"standard","meta":{"_crdt_document":"","footnotes":""},"categories":[7],"tags":[],"class_list":["post-409","post","type-post","status-publish","format-standard","hentry","category-douanes"],"_links":{"self":[{"href":"https:\/\/www.kananas.com\/meusevergerstraditions\/wp-json\/wp\/v2\/posts\/409","targetHints":{"allow":["GET"]}}],"collection":[{"href":"https:\/\/www.kananas.com\/meusevergerstraditions\/wp-json\/wp\/v2\/posts"}],"about":[{"href":"https:\/\/www.kananas.com\/meusevergerstraditions\/wp-json\/wp\/v2\/types\/post"}],"author":[{"embeddable":true,"href":"https:\/\/www.kananas.com\/meusevergerstraditions\/wp-json\/wp\/v2\/users\/2171"}],"replies":[{"embeddable":true,"href":"https:\/\/www.kananas.com\/meusevergerstraditions\/wp-json\/wp\/v2\/comments?post=409"}],"version-history":[{"count":31,"href":"https:\/\/www.kananas.com\/meusevergerstraditions\/wp-json\/wp\/v2\/posts\/409\/revisions"}],"predecessor-version":[{"id":784,"href":"https:\/\/www.kananas.com\/meusevergerstraditions\/wp-json\/wp\/v2\/posts\/409\/revisions\/784"}],"wp:attachment":[{"href":"https:\/\/www.kananas.com\/meusevergerstraditions\/wp-json\/wp\/v2\/media?parent=409"}],"wp:term":[{"taxonomy":"category","embeddable":true,"href":"https:\/\/www.kananas.com\/meusevergerstraditions\/wp-json\/wp\/v2\/categories?post=409"},{"taxonomy":"post_tag","embeddable":true,"href":"https:\/\/www.kananas.com\/meusevergerstraditions\/wp-json\/wp\/v2\/tags?post=409"}],"curies":[{"name":"wp","href":"https:\/\/api.w.org\/{rel}","templated":true}]}}