{"id":49,"date":"2023-03-19T17:43:49","date_gmt":"2023-03-19T16:43:49","guid":{"rendered":"https:\/\/www.kananas.com\/meusevergerstraditions\/?p=49"},"modified":"2023-07-14T18:52:27","modified_gmt":"2023-07-14T16:52:27","slug":"assemblee-generale-constitutive","status":"publish","type":"post","link":"https:\/\/www.kananas.com\/meusevergerstraditions\/2023\/03\/19\/assemblee-generale-constitutive\/","title":{"rendered":"Assembl\u00e9e G\u00e9n\u00e9rale Constitutive"},"content":{"rendered":"<p>Views: 2<\/p><p style=\"text-align: left\">L&rsquo;assembl\u00e9e G\u00e9n\u00e9rale Constitutive de l&rsquo;Association Meuse Vergers Traditions s&rsquo;est tenue le 18 Mars 2023 au Port du Lac de Madine. Une vingtaine de participants \u00e9taient pr\u00e9sents pour cette premi\u00e8re rencontre officielle.\u00a0 Outre l&rsquo;ordre du jour qui a permis de pr\u00e9senter l&rsquo;objet de l&rsquo;Association, les statuts, l&rsquo;Assembl\u00e9e \u00e0 \u00e9lu son premier Conseil d&rsquo;Administration et son Bureau. Les premiers sujets concrets abord\u00e9s ont \u00e9t\u00e9 : la feuille de route pour les prochaines semaines, une premi\u00e8re pr\u00e9sentation d&rsquo;un possible Logo pour l&rsquo;association, le flyer de pr\u00e9sentation de l&rsquo;association, le montant de la cotisation 2023. L&rsquo;\u00e9laboration d&rsquo;un programme de formation \u00e0 l&rsquo;attention des membres, que ce soit en mati\u00e8re d&rsquo;arboriculture, de bouilleur de cru (les bonnes pratiques de la mise en fermentation des fruits dans le tonneau) &#8230;s&rsquo;est r\u00e9v\u00e9l\u00e9 comme une des priorit\u00e9s.<\/p>\n<p style=\"text-align: left\">Parmi les invit\u00e9s : Jean Charles Cheritat,\u00a0 Pr\u00e9sident de la \u00a0F\u00e9d\u00e9ration Nationale des Syndicats des R\u00e9coltants familiaux de fruits et Producteurs d\u2019Eau de vie naturelle (FNSRPE) a pr\u00e9sent\u00e9 la F\u00e9d\u00e9ration Nationale \u00e0 laquelle \u00e9tait maintenant rattach\u00e9e l&rsquo;Association Meuse Vergers traditions,\u00a0 en souhaitant la bienvenue de cette structure Meuse, qui vient renforcer la vingtaine d&rsquo;organismes affili\u00e9s comptant plus de 6000 membres.<\/p>\n<p><img loading=\"lazy\" decoding=\"async\" class=\"wp-image-50 alignleft\" src=\"http:\/\/www.kananas.com\/meusevergerstraditions\/wp-content\/uploads\/sites\/2085\/2023\/04\/2023-02-18_MVT_Madine_030-300x146.jpg\" alt=\"\" width=\"389\" height=\"189\" srcset=\"https:\/\/www.kananas.com\/meusevergerstraditions\/wp-content\/uploads\/sites\/2085\/2023\/04\/2023-02-18_MVT_Madine_030-300x146.jpg 300w, https:\/\/www.kananas.com\/meusevergerstraditions\/wp-content\/uploads\/sites\/2085\/2023\/04\/2023-02-18_MVT_Madine_030-1024x498.jpg 1024w, https:\/\/www.kananas.com\/meusevergerstraditions\/wp-content\/uploads\/sites\/2085\/2023\/04\/2023-02-18_MVT_Madine_030-768x373.jpg 768w, https:\/\/www.kananas.com\/meusevergerstraditions\/wp-content\/uploads\/sites\/2085\/2023\/04\/2023-02-18_MVT_Madine_030-1536x747.jpg 1536w, https:\/\/www.kananas.com\/meusevergerstraditions\/wp-content\/uploads\/sites\/2085\/2023\/04\/2023-02-18_MVT_Madine_030-2048x996.jpg 2048w, https:\/\/www.kananas.com\/meusevergerstraditions\/wp-content\/uploads\/sites\/2085\/2023\/04\/2023-02-18_MVT_Madine_030-1200x583.jpg 1200w\" sizes=\"auto, (max-width: 389px) 100vw, 389px\" \/><\/p>\n<p>La richesse des \u00e9changes par les pr\u00e9sences \u00e9galement de Jean Garnier &#8211; Pr\u00e9sident des Bouilleurs Ambulants du Grand-Est, Dominique Gosio \u2013 conseiller sp\u00e9cial pour ce projet et de maires et pr\u00e9sidents de syndicats : Mme Odile BEIRENS, Maire de Buxi\u00e8res-sous-les-C\u00f4tes &#8211; Mr Vincent LACORDE,\u00a0 Maire de Fr\u00e9mer\u00e9ville &#8211; Mr Louis ESSELIN, Pr\u00e9sident du Syndicat de Fr\u00e9mer\u00e9ville &#8211;\u00a0 Mr Fran\u00e7is COURTOIS, Pr\u00e9sident du Syndicat de Hattonch\u00e2tel a permis de mettre l&rsquo;association en perspective pour les prochaines semaines.<\/p>\n<p>Parmi nos invit\u00e9s et membres,\u00a0 les plus \u00e9loign\u00e9s, venus du Nord Meusien et du Perthois, en limite du d\u00e9partement de la Marne, nous citerons : Florian Ploner (La Dunoise) de Dun-sur-Meuse, Francis VAN MIDDELEM (Pressoir de la Saulx) de Fouch\u00e8res-aux-Bois&#8230;<\/p>\n<p>Membres du premier Conseil d\u2019Administration de l&rsquo;association de Meuse Vergers Traditions.<\/p>\n<ul>\n<li>MARTINET\u00a0\u00a0 Patrick \u00a0\u00a0\u00a0\u00a0\u00a0\u00a0\u00a0\u00a0\u00a0\u00a0\u00a0\u00a0 Pr\u00e9sident &amp; secr\u00e9taire Adjoint<\/li>\n<li>COURTOIS\u00a0\u00a0\u00a0 Francis\u00a0\u00a0\u00a0\u00a0\u00a0\u00a0\u00a0\u00a0\u00a0\u00a0\u00a0 Vice-Pr\u00e9sident<\/li>\n<li>VARINOT\u00a0\u00a0\u00a0\u00a0\u00a0 Fabrice\u00a0\u00a0\u00a0\u00a0\u00a0\u00a0\u00a0\u00a0\u00a0\u00a0\u00a0\u00a0 Vice-Pr\u00e9sident<\/li>\n<li>HOCQUEL\u00a0\u00a0\u00a0\u00a0 Laura\u00a0 \u00a0\u00a0\u00a0\u00a0\u00a0\u00a0\u00a0\u00a0\u00a0\u00a0\u00a0\u00a0 Secr\u00e9taire<\/li>\n<li>ARBOGAST\u00a0 Alain\u00a0\u00a0 \u00a0\u00a0\u00a0\u00a0\u00a0\u00a0\u00a0\u00a0\u00a0\u00a0\u00a0\u00a0\u00a0\u00a0 Tr\u00e9sorier<\/li>\n<li>MARTINET\u00a0\u00a0 Philippe\u00a0\u00a0\u00a0\u00a0\u00a0\u00a0\u00a0\u00a0\u00a0\u00a0\u00a0 Tr\u00e9sorier Adjoint<\/li>\n<li>GOSIO\u00a0\u00a0\u00a0\u00a0\u00a0\u00a0\u00a0\u00a0\u00a0 Dominique\u00a0\u00a0\u00a0\u00a0 Membre du Bureau<\/li>\n<li>LACORDE\u00a0\u00a0\u00a0\u00a0 Vincent\u00a0\u00a0\u00a0\u00a0\u00a0\u00a0\u00a0\u00a0\u00a0\u00a0\u00a0\u00a0 Membre du Conseil d\u2019Administration<\/li>\n<li>PLONER\u00a0\u00a0\u00a0\u00a0\u00a0\u00a0\u00a0 Florian \u00a0\u00a0\u00a0\u00a0\u00a0\u00a0\u00a0\u00a0 \u00a0\u00a0\u00a0 Membre du Conseil d\u2019Administration<\/li>\n<li>ROSSETTI\u00a0\u00a0\u00a0\u00a0 Jean Philippe\u00a0\u00a0\u00a0 Membre du Conseil d\u2019Administration<\/li>\n<\/ul>\n<p>Avec tous nos remerciements \u00e0 Jean-Philippe Rossetti, Responsable du Port de la Madine, pour l&rsquo;accueil et la mise \u00e0 disposition de la salle locaux qui a permis la tenue de cette premi\u00e8re assembl\u00e9e g\u00e9n\u00e9rale.<\/p>\n<p>&nbsp;<\/p>\n<p>&nbsp;<\/p>\n","protected":false},"excerpt":{"rendered":"<p>Views: 2L&rsquo;assembl\u00e9e G\u00e9n\u00e9rale Constitutive de l&rsquo;Association Meuse Vergers Traditions s&rsquo;est tenue le 18 Mars 2023 au Port du Lac de Madine. Une vingtaine de participants \u00e9taient pr\u00e9sents pour cette premi\u00e8re rencontre officielle.\u00a0 Outre l&rsquo;ordre du jour qui a permis de pr\u00e9senter l&rsquo;objet de l&rsquo;Association, les statuts, l&rsquo;Assembl\u00e9e \u00e0 \u00e9lu son premier Conseil d&rsquo;Administration et son [&hellip;]<\/p>\n","protected":false},"author":2171,"featured_media":0,"comment_status":"open","ping_status":"open","sticky":false,"template":"","format":"standard","meta":{"_crdt_document":"","footnotes":""},"categories":[8],"tags":[],"class_list":["post-49","post","type-post","status-publish","format-standard","hentry","category-organisation"],"_links":{"self":[{"href":"https:\/\/www.kananas.com\/meusevergerstraditions\/wp-json\/wp\/v2\/posts\/49","targetHints":{"allow":["GET"]}}],"collection":[{"href":"https:\/\/www.kananas.com\/meusevergerstraditions\/wp-json\/wp\/v2\/posts"}],"about":[{"href":"https:\/\/www.kananas.com\/meusevergerstraditions\/wp-json\/wp\/v2\/types\/post"}],"author":[{"embeddable":true,"href":"https:\/\/www.kananas.com\/meusevergerstraditions\/wp-json\/wp\/v2\/users\/2171"}],"replies":[{"embeddable":true,"href":"https:\/\/www.kananas.com\/meusevergerstraditions\/wp-json\/wp\/v2\/comments?post=49"}],"version-history":[{"count":6,"href":"https:\/\/www.kananas.com\/meusevergerstraditions\/wp-json\/wp\/v2\/posts\/49\/revisions"}],"predecessor-version":[{"id":191,"href":"https:\/\/www.kananas.com\/meusevergerstraditions\/wp-json\/wp\/v2\/posts\/49\/revisions\/191"}],"wp:attachment":[{"href":"https:\/\/www.kananas.com\/meusevergerstraditions\/wp-json\/wp\/v2\/media?parent=49"}],"wp:term":[{"taxonomy":"category","embeddable":true,"href":"https:\/\/www.kananas.com\/meusevergerstraditions\/wp-json\/wp\/v2\/categories?post=49"},{"taxonomy":"post_tag","embeddable":true,"href":"https:\/\/www.kananas.com\/meusevergerstraditions\/wp-json\/wp\/v2\/tags?post=49"}],"curies":[{"name":"wp","href":"https:\/\/api.w.org\/{rel}","templated":true}]}}