{"id":837,"date":"2024-02-29T16:57:59","date_gmt":"2024-02-29T15:57:59","guid":{"rendered":"https:\/\/www.kananas.com\/meusevergerstraditions\/?p=837"},"modified":"2024-02-29T18:39:38","modified_gmt":"2024-02-29T17:39:38","slug":"appel-a-cotisation-2024","status":"publish","type":"post","link":"https:\/\/www.kananas.com\/meusevergerstraditions\/2024\/02\/29\/appel-a-cotisation-2024\/","title":{"rendered":"Appel \u00e0 cotisation 2024"},"content":{"rendered":"<p>Views: 6<\/p><p><span style=\"color: #0000ff\">Nous part\u00eemes \u2018seul\u2019, mais par un prompt renfort, nous nous v\u00eemes 70 en arrivant au port (1) : celui de notre premi\u00e8re assembl\u00e9e g\u00e9n\u00e9rale ordinaire !<\/span><\/p>\n<p>Le 18 f\u00e9vrier 2023 l\u2019association Meuse Vergers Traditions prenait son envol, r\u00e9sultant de la volont\u00e9 d\u2019une poign\u00e9e de petits propri\u00e9taires de vergers familiaux d\u00e9sireux de se f\u00e9d\u00e9rer. Nos objectifs\u00a0:<\/p>\n<ul>\n<li><strong>Regrouper<\/strong><strong> et f\u00e9d\u00e9rer <\/strong>les propri\u00e9taires, locataires, exploitants de vergers familiaux ou d\u00e9tenteurs d\u2019arbres fruitiers souhaitant d\u00e9velopper des connaissances et pratiques en l\u2019arboriculture raisonn\u00e9e dans un esprit de pr\u00e9servation de l\u2019environnement et de la reconqu\u00eate de la biodiversit\u00e9 et pour toutes personnes d\u00e9sireuses d\u2019y contribuer.<\/li>\n<li><strong>D\u00e9velopper l\u2019entraide et le partage entre ses membres <\/strong>sur des sujets li\u00e9s \u00e0 l\u2019arboriculture, l\u2019entretien des vergers, la pr\u00e9paration des Fruits avant distillation, \u00e0 la distillation qu\u2019elle soit effectu\u00e9e dans les syndicats communaux lorsqu\u2019ils existent ou apr\u00e8s de professionnels.<\/li>\n<li><strong> Transmettre l\u2019h\u00e9ritage culturel et immat\u00e9riel de traditions et pratiques ancestrales <\/strong>que ce soit dans la pr\u00e9paration optimale des fruits (bouilleurs de crus), voire in fine de la distillation.<\/li>\n<li><strong>R\u00e9habiliter, valoriser les vergers familiaux<\/strong>, notamment ceux laiss\u00e9s \u00e0 l\u2019abandon ainsi que la vie sociale qui les entoure.<\/li>\n<li><strong>Promouvoir <\/strong>la valorisation des fruits de nos vergers sous toutes leurs formes possibles, ainsi que l\u2019activit\u00e9 et les professionnels qui nous ont rejoint qu\u2019ils soient distillateurs professionnels ou transformateurs de fruits.<\/li>\n<li><strong>D\u00e9fendre<\/strong> les droits des bouilleurs de cru par leur rattachement \u00e0 la FNSRPE.<\/li>\n<\/ul>\n<p>C\u2019est notre Histoire qui ne fait que de commencer\u00a0!<\/p>\n<p><strong><u>Une progression et des r\u00e9sultats\u00a0:<\/u><\/strong><\/p>\n<p>D\u2019une, puis de quelques dizaines, c\u2019est la barre des 70 adh\u00e9rents qui est en train d\u2019\u00eatre franchie ! qui l\u2019eut cru il y a tout juste un an de cela ? Ce succ\u00e8s nous vous le devons, vous membres de la premi\u00e8re heure. Je voulais vous en remercier.<\/p>\n<p>Certes, si cette premi\u00e8re ann\u00e9e de vie de notre association a vu la mise en place de formations, d\u2019\u00e9changes de bonnes pratiques, avec des ateliers d\u2019entraide qui d\u00e9marrent, des projets qui se mat\u00e9rialisent, beaucoup reste \u00e0 faire, nous le savons. \u00a0Vos attentes sont et restent nombreuses et n\u2019ont d\u2019\u00e9gal que le niveau de motivation qui nous anime.<\/p>\n<p>Au travers de sujets relatifs aux droits d\u2019accise (les douanes et 50 LAP exon\u00e9r\u00e9s de taxes) notamment, et d\u2019autres comme la mise en place de formation, une constante demeure\u00a0: l\u2019union fait la force\u00a0(1) !<\/p>\n<p>C\u2019est la raison pour laquelle, dans le cadre de l\u2019appel \u00e0 cotisation 2024, j\u2019ai le plaisir de vous transmettre la <strong>plaquette de pr\u00e9sentation de notre association r\u00e9actualis\u00e9e.<\/strong> Pour la t\u00e9l\u00e9charger : <a href=\"http:\/\/www.kananas.com\/meusevergerstraditions\/wp-content\/uploads\/sites\/2085\/2024\/02\/Association_Meuse_Vergers_Traditions_Flyer_2024.pdf\" target=\"_blank\" rel=\"noopener\">\u00ab\u00a0cliquez-ci\u00a0\u00bb<\/a>. Vous y trouverez les \u00e9l\u00e9ments n\u00e9cessaires \u00e0 la reconduite de votre adh\u00e9sion pour l\u2019ann\u00e9e 2024 (2).<\/p>\n<p><strong><u>Notre prochaine AG\u00a0:<\/u><\/strong><\/p>\n<p>Nous esp\u00e9rons vous compter nombreux \u00e0 l\u2019occasion de notre Assembl\u00e9e g\u00e9n\u00e9rale qui se tiendra \u00e0 la MFR de Vigneulles-l\u00e8s-Hattonch\u00e2tel le 30 Mars 2024 en matin\u00e9e. Nous aurons le plaisir de recevoir <strong>Jean-Charles CHERITAT Pr\u00e9sident de la FNSRPE<\/strong> (4) \u00e0 laquelle notre association est affili\u00e9e. \u00a0(l\u2019invitation de l\u2019AG suit)<\/p>\n<p>Bien cordialement<\/p>\n<p>Patrick MARTINET \u2013 Pr\u00e9sident Meuse Vergers Traditions.<\/p>\n<p>&nbsp;<\/p>\n<p>(1) Pour la situation qui est la n\u00f4tre : Plagia et adaptation d&rsquo;une citation de Pierre Corneille de Pierre Corneille &#8211; \u00a0le Cid, IV, 3, v.1257-1329 (1637)<\/p>\n<p>(2) J\u2019ajouterai m\u00eame en faisant r\u00e9f\u00e9rence au proverbe latin courant relev\u00e9 et explicit\u00e9 par \u00c9rasme, dans ses Adages, en 1500 : \u00ab\u00a0<em>Concordia fulciuntur opes etiam exiguae \u00ab\u00a0,<\/em> L&rsquo;union fait la force de ressources m\u00eame faibles. \u00a0Oui nos ressources \u2018financi\u00e8res\u2019 sont faibles \u00ab qu\u2019\u00e0 cela ne tienne \u00bb, faisons-les croitre ! Pour cela, le renouvellement de vos adh\u00e9sions est le bienvenu.<\/p>\n<p>(3) Pour ceux qui ont d\u00e9j\u00e0 r\u00e9actualis\u00e9 leur adh\u00e9sion d\u00e9but 2024 ou qui ont proc\u00e9d\u00e9 \u00e0 un r\u00e8glement fin 2023 au titre de 2024, ne tenez pas compte de cet appel. Vos dons restent cependant les bienvenus. En cas de doute n\u2019h\u00e9sitez pas \u00e0 questionner sur votre situation.<\/p>\n<p>(4) FNSRPE\u00a0: F\u00e9d\u00e9ration Nationale des Syndicats des R\u00e9coltants familiaux de fruits et Producteurs d\u2019Eau de vie naturelle.<\/p>\n","protected":false},"excerpt":{"rendered":"<p>Views: 6Nous part\u00eemes \u2018seul\u2019, mais par un prompt renfort, nous nous v\u00eemes 70 en arrivant au port (1) : celui de notre premi\u00e8re assembl\u00e9e g\u00e9n\u00e9rale ordinaire ! Le 18 f\u00e9vrier 2023 l\u2019association Meuse Vergers Traditions prenait son envol, r\u00e9sultant de la volont\u00e9 d\u2019une poign\u00e9e de petits propri\u00e9taires de vergers familiaux d\u00e9sireux de se f\u00e9d\u00e9rer. Nos [&hellip;]<\/p>\n","protected":false},"author":2171,"featured_media":0,"comment_status":"open","ping_status":"open","sticky":false,"template":"","format":"standard","meta":{"_crdt_document":"","footnotes":""},"categories":[5],"tags":[],"class_list":["post-837","post","type-post","status-publish","format-standard","hentry","category-congres"],"_links":{"self":[{"href":"https:\/\/www.kananas.com\/meusevergerstraditions\/wp-json\/wp\/v2\/posts\/837","targetHints":{"allow":["GET"]}}],"collection":[{"href":"https:\/\/www.kananas.com\/meusevergerstraditions\/wp-json\/wp\/v2\/posts"}],"about":[{"href":"https:\/\/www.kananas.com\/meusevergerstraditions\/wp-json\/wp\/v2\/types\/post"}],"author":[{"embeddable":true,"href":"https:\/\/www.kananas.com\/meusevergerstraditions\/wp-json\/wp\/v2\/users\/2171"}],"replies":[{"embeddable":true,"href":"https:\/\/www.kananas.com\/meusevergerstraditions\/wp-json\/wp\/v2\/comments?post=837"}],"version-history":[{"count":8,"href":"https:\/\/www.kananas.com\/meusevergerstraditions\/wp-json\/wp\/v2\/posts\/837\/revisions"}],"predecessor-version":[{"id":843,"href":"https:\/\/www.kananas.com\/meusevergerstraditions\/wp-json\/wp\/v2\/posts\/837\/revisions\/843"}],"wp:attachment":[{"href":"https:\/\/www.kananas.com\/meusevergerstraditions\/wp-json\/wp\/v2\/media?parent=837"}],"wp:term":[{"taxonomy":"category","embeddable":true,"href":"https:\/\/www.kananas.com\/meusevergerstraditions\/wp-json\/wp\/v2\/categories?post=837"},{"taxonomy":"post_tag","embeddable":true,"href":"https:\/\/www.kananas.com\/meusevergerstraditions\/wp-json\/wp\/v2\/tags?post=837"}],"curies":[{"name":"wp","href":"https:\/\/api.w.org\/{rel}","templated":true}]}}