{"id":893,"date":"2024-03-31T06:38:09","date_gmt":"2024-03-31T04:38:09","guid":{"rendered":"https:\/\/www.kananas.com\/meusevergerstraditions\/?p=893"},"modified":"2024-04-11T06:40:19","modified_gmt":"2024-04-11T04:40:19","slug":"ag-2024-un-nouveau-conseil-dadministration","status":"publish","type":"post","link":"https:\/\/www.kananas.com\/meusevergerstraditions\/2024\/03\/31\/ag-2024-un-nouveau-conseil-dadministration\/","title":{"rendered":"AG 2024 : un nouveau Conseil d&rsquo;Administration"},"content":{"rendered":"<p>Views: 6<\/p>\n<h1><strong><u>Un Grand Merci\u00a0!<\/u><\/strong><img loading=\"lazy\" decoding=\"async\" class=\"wp-image-894 alignright\" src=\"http:\/\/www.kananas.com\/meusevergerstraditions\/wp-content\/uploads\/sites\/2085\/2024\/04\/2024-03-30_AG_MVT_Vigneulles_1-300x152.jpg\" alt=\"\" width=\"491\" height=\"249\" srcset=\"https:\/\/www.kananas.com\/meusevergerstraditions\/wp-content\/uploads\/sites\/2085\/2024\/04\/2024-03-30_AG_MVT_Vigneulles_1-300x152.jpg 300w, https:\/\/www.kananas.com\/meusevergerstraditions\/wp-content\/uploads\/sites\/2085\/2024\/04\/2024-03-30_AG_MVT_Vigneulles_1-1024x520.jpg 1024w, https:\/\/www.kananas.com\/meusevergerstraditions\/wp-content\/uploads\/sites\/2085\/2024\/04\/2024-03-30_AG_MVT_Vigneulles_1-768x390.jpg 768w, https:\/\/www.kananas.com\/meusevergerstraditions\/wp-content\/uploads\/sites\/2085\/2024\/04\/2024-03-30_AG_MVT_Vigneulles_1-1536x780.jpg 1536w, https:\/\/www.kananas.com\/meusevergerstraditions\/wp-content\/uploads\/sites\/2085\/2024\/04\/2024-03-30_AG_MVT_Vigneulles_1-2048x1040.jpg 2048w, https:\/\/www.kananas.com\/meusevergerstraditions\/wp-content\/uploads\/sites\/2085\/2024\/04\/2024-03-30_AG_MVT_Vigneulles_1-1200x609.jpg 1200w\" sizes=\"auto, (max-width: 491px) 100vw, 491px\" \/><\/h1>\n<p style=\"text-align: justify\">Merci \u00e0 la quarantaine de participants \u00e0 l\u2019Assembl\u00e9e G\u00e9n\u00e9rale de notre jeune association qui soufflait, en ce samedi 30 Mars 2024, sa premi\u00e8re bougie ; votre pr\u00e9sence mat\u00e9rialisant tout \u00e0 la fois int\u00e9r\u00eat, soutien et encouragements.<\/p>\n<p>\u00a0<\/p>\n<h2>\u00a0<\/h2>\n<h2>Merci \u00e9galement et particuli\u00e8rement \u00e0 :<\/h2>\n<ul>\n<li style=\"text-align: justify\"><strong>Jean-Louis DUMONT<\/strong> \u2013 Ancien D\u00e9put\u00e9 \u2013 Maire de Verdun, contributeur de la loi 2002 sur 10 LAP (1) \u00e0 50% de taxes, pour nous avoir retrac\u00e9 toutes les actions qu\u2019il a men\u00e9es durant les ann\u00e9es 2000 \u00e0 2010, notamment, au sein de la Chambre des D\u00e9put\u00e9s et aupr\u00e8s des S\u00e9nateurs dans la d\u00e9fense des droits des bouilleurs des cru. Ses actions ont \u00e9t\u00e9 d\u00e9terminantes dans la d\u00e9fense de la ruralit\u00e9 et notamment en Meuse.<\/li>\n<li style=\"text-align: justify\"><strong> Sylvain DENOYELLE<\/strong> \u2013 Pr\u00e9sident de la CODECOM C\u00f4tes de Meuse \u2013 Wo\u00ebvre, Conseiller D\u00e9partemental et Maire de Nonsard-Lamarche pour son soutien et ses encouragements dans les actions que sont les n\u00f4tres, qualifi\u00e9es de parfaitement en phase avec les grandes orientations de la CODECOM.<\/li>\n<li style=\"text-align: justify\"><strong> Jean-Claude ZINGERL\u00c9<\/strong> &#8211; Maire de Vigneulles-L\u00e8s-Hattonch\u00e2tel pour son chaleureux accueil et les forts messages d\u2019encouragement \u00e0 poursuivre nos actions \u00e9galement align\u00e9es et dans l\u2019esprit de ce qui se d\u00e9ploie \u00e0 Vigneulles en mati\u00e8re de ruralit\u00e9 et de pr\u00e9servation et r\u00e9habilitation des espaces \u00e0 destination de l\u2019arboriculture et des vignes.<\/li>\n<li style=\"text-align: justify\"><strong> Vincent LACORDE<\/strong> \u2013 Maire de Fr\u00e9mer\u00e9ville, pour son soutien personnel en sa qualit\u00e9 de membre et d\u2019administrateur de notre association, et celui de sa commune dans les actions que nous menons.<\/li>\n<li style=\"text-align: justify\"><strong> Bernard MEURISSE<\/strong> &#8211; Charg\u00e9 de Mission Meuse Nature Environnement pour sa pr\u00e9sence \u00e0 notre Assembl\u00e9e G\u00e9n\u00e9rale.<\/li>\n<li style=\"text-align: justify\"><strong> Jean-Charles CHERITAT<\/strong> \u2013 Pr\u00e9sident de la FNSRPE pour l\u2019apport de la F\u00e9d\u00e9ration Nationale, et de son personnel support et avec mes homologues, les Pr\u00e9sidents des d\u00e9partements voisins (Haute-Marne et Moselle notamment) dans la mont\u00e9e en puissance de notre association en Meuse et sa capacit\u00e9 \u00e0 r\u00e9pondre \u00e0 l&rsquo;attente de nos membres.<\/li>\n<li style=\"text-align: justify\">Aux <strong>membres Conseil d\u2019Administration<\/strong> de l\u2019Association Meuse Vergers Traditions pour leurs engagements \u00e0 mes c\u00f4t\u00e9s.<\/li>\n<li style=\"text-align: justify\">A nos <strong>membres exposants<\/strong> dans le cadre du mini-march\u00e9 organis\u00e9 en marge de notre AG.<\/li>\n<li style=\"text-align: justify\">Et enfin, <strong>\u00e0 tous ceux<\/strong> qui avec l\u2019\u00e9quipe de la MFR (2), se sont mobilis\u00e9s, pour avoir permis la pleine r\u00e9ussite de cette AG dont notamment \u00e0 Sylvie et Jean-Pierre KROBB pour l\u2019accueil, la pr\u00e9paration et l\u2019organisation des repas.<\/li>\n<\/ul>\n<h1><strong><u>Un nouveau Conseil d\u2019Administration\u00a0:<\/u><\/strong><\/h1>\n<p style=\"text-align: justify\"><img loading=\"lazy\" decoding=\"async\" class=\" wp-image-901 alignleft\" src=\"http:\/\/www.kananas.com\/meusevergerstraditions\/wp-content\/uploads\/sites\/2085\/2024\/04\/MVT_CA_2024-300x124.jpg\" alt=\"\" width=\"606\" height=\"251\" srcset=\"https:\/\/www.kananas.com\/meusevergerstraditions\/wp-content\/uploads\/sites\/2085\/2024\/04\/MVT_CA_2024-300x124.jpg 300w, https:\/\/www.kananas.com\/meusevergerstraditions\/wp-content\/uploads\/sites\/2085\/2024\/04\/MVT_CA_2024.jpg 672w\" sizes=\"auto, (max-width: 606px) 100vw, 606px\" \/>Durant cette Assembl\u00e9e G\u00e9n\u00e9rale ont brillamment \u00e9t\u00e9 r\u00e9\u00e9lus : Fran\u00e7is COURTOIS, Dominique GOSIO, Philippe MARTINET et Florian PLONER.<\/p>\n<p style=\"text-align: justify\">De plus, notre Conseil se renforce d\u2019un nouvel administrateur \u00e9lu lors de cette AG : Marcel DOUVIER, qui aura principalement en charge le pilotage du projet nouvellement lanc\u00e9 de \u2018La Bourse des Vergers.<\/p>\n<p>\u00a0<\/p>\n<h1><strong><u>Des administrateurs qui couvrent tout le D\u00e9partement de la Meuse.<\/u><\/strong><\/h1>\n<p><img loading=\"lazy\" decoding=\"async\" class=\"wp-image-902 alignright\" src=\"http:\/\/www.kananas.com\/meusevergerstraditions\/wp-content\/uploads\/sites\/2085\/2024\/04\/MVT_CA_Mapping-212x300.jpg\" alt=\"\" width=\"377\" height=\"534\" srcset=\"https:\/\/www.kananas.com\/meusevergerstraditions\/wp-content\/uploads\/sites\/2085\/2024\/04\/MVT_CA_Mapping-212x300.jpg 212w, https:\/\/www.kananas.com\/meusevergerstraditions\/wp-content\/uploads\/sites\/2085\/2024\/04\/MVT_CA_Mapping-724x1024.jpg 724w, https:\/\/www.kananas.com\/meusevergerstraditions\/wp-content\/uploads\/sites\/2085\/2024\/04\/MVT_CA_Mapping-768x1086.jpg 768w, https:\/\/www.kananas.com\/meusevergerstraditions\/wp-content\/uploads\/sites\/2085\/2024\/04\/MVT_CA_Mapping-1086x1536.jpg 1086w, https:\/\/www.kananas.com\/meusevergerstraditions\/wp-content\/uploads\/sites\/2085\/2024\/04\/MVT_CA_Mapping-1448x2048.jpg 1448w, https:\/\/www.kananas.com\/meusevergerstraditions\/wp-content\/uploads\/sites\/2085\/2024\/04\/MVT_CA_Mapping-1200x1697.jpg 1200w, https:\/\/www.kananas.com\/meusevergerstraditions\/wp-content\/uploads\/sites\/2085\/2024\/04\/MVT_CA_Mapping-scaled.jpg 1810w\" sizes=\"auto, (max-width: 377px) 100vw, 377px\" \/><\/p>\n<p style=\"text-align: justify\">Nos administrateurs v\u00e9ritables \u2018t\u00eates de ponts\u2019 et correspondants privil\u00e9gi\u00e9s de notre association au profit de l\u2019ensemble de nos membres et sympathisants sont r\u00e9partis sur tout le territoire meusien au travers des grands axes Nord \/ Sud que sont\u00a0: <strong>La vall\u00e9e de l\u2019Ornain<\/strong>, <strong>la vall\u00e9e de la Meuse, les c\u00f4tes de Meuse<\/strong> (cot\u00e9 Wo\u00ebvre). N\u2019h\u00e9sitez pas \u00e0 prendre contact avec l\u2019un d\u2019eux pour toute question relative \u00e0 notre association.<\/p>\n<p>\u00a0<\/p>\n<p>\u00a0<\/p>\n<p>\u00a0<\/p>\n<p>\u00a0<\/p>\n<p>\u00a0<\/p>\n<p>\u00a0<\/p>\n<h1><strong><u>Galerie photos :<\/u><\/strong><\/h1>\n\n\n\n<figure class=\"wp-block-gallery has-nested-images columns-default is-cropped wp-block-gallery-1 is-layout-flex wp-block-gallery-is-layout-flex\">\n<figure class=\"wp-block-image size-large\"><img loading=\"lazy\" decoding=\"async\" width=\"1024\" height=\"520\" data-id=\"925\" src=\"https:\/\/www.kananas.com\/meusevergerstraditions\/wp-content\/uploads\/sites\/2085\/2024\/04\/2024-03-30_AG_MVT_Vigneulles_1-2-1024x520.jpg\" alt=\"\" class=\"wp-image-925\" srcset=\"https:\/\/www.kananas.com\/meusevergerstraditions\/wp-content\/uploads\/sites\/2085\/2024\/04\/2024-03-30_AG_MVT_Vigneulles_1-2-1024x520.jpg 1024w, https:\/\/www.kananas.com\/meusevergerstraditions\/wp-content\/uploads\/sites\/2085\/2024\/04\/2024-03-30_AG_MVT_Vigneulles_1-2-300x152.jpg 300w, https:\/\/www.kananas.com\/meusevergerstraditions\/wp-content\/uploads\/sites\/2085\/2024\/04\/2024-03-30_AG_MVT_Vigneulles_1-2-768x390.jpg 768w, https:\/\/www.kananas.com\/meusevergerstraditions\/wp-content\/uploads\/sites\/2085\/2024\/04\/2024-03-30_AG_MVT_Vigneulles_1-2-1536x780.jpg 1536w, https:\/\/www.kananas.com\/meusevergerstraditions\/wp-content\/uploads\/sites\/2085\/2024\/04\/2024-03-30_AG_MVT_Vigneulles_1-2-2048x1040.jpg 2048w, https:\/\/www.kananas.com\/meusevergerstraditions\/wp-content\/uploads\/sites\/2085\/2024\/04\/2024-03-30_AG_MVT_Vigneulles_1-2-1200x609.jpg 1200w\" sizes=\"auto, (max-width: 1024px) 100vw, 1024px\" \/><\/figure>\n\n\n\n<figure class=\"wp-block-image size-large\"><img loading=\"lazy\" decoding=\"async\" width=\"1024\" height=\"473\" data-id=\"919\" src=\"https:\/\/www.kananas.com\/meusevergerstraditions\/wp-content\/uploads\/sites\/2085\/2024\/04\/2024-03-30_AG_MVT_Vigneulles_2-1-1024x473.jpg\" alt=\"\" class=\"wp-image-919\" srcset=\"https:\/\/www.kananas.com\/meusevergerstraditions\/wp-content\/uploads\/sites\/2085\/2024\/04\/2024-03-30_AG_MVT_Vigneulles_2-1-1024x473.jpg 1024w, https:\/\/www.kananas.com\/meusevergerstraditions\/wp-content\/uploads\/sites\/2085\/2024\/04\/2024-03-30_AG_MVT_Vigneulles_2-1-300x139.jpg 300w, https:\/\/www.kananas.com\/meusevergerstraditions\/wp-content\/uploads\/sites\/2085\/2024\/04\/2024-03-30_AG_MVT_Vigneulles_2-1-768x355.jpg 768w, https:\/\/www.kananas.com\/meusevergerstraditions\/wp-content\/uploads\/sites\/2085\/2024\/04\/2024-03-30_AG_MVT_Vigneulles_2-1-1536x710.jpg 1536w, https:\/\/www.kananas.com\/meusevergerstraditions\/wp-content\/uploads\/sites\/2085\/2024\/04\/2024-03-30_AG_MVT_Vigneulles_2-1-2048x946.jpg 2048w, https:\/\/www.kananas.com\/meusevergerstraditions\/wp-content\/uploads\/sites\/2085\/2024\/04\/2024-03-30_AG_MVT_Vigneulles_2-1-1200x554.jpg 1200w\" sizes=\"auto, (max-width: 1024px) 100vw, 1024px\" \/><\/figure>\n\n\n\n<figure class=\"wp-block-image size-large\"><img loading=\"lazy\" decoding=\"async\" width=\"1024\" height=\"473\" data-id=\"932\" src=\"https:\/\/www.kananas.com\/meusevergerstraditions\/wp-content\/uploads\/sites\/2085\/2024\/04\/2024-03-30_AG_MVT_Vigneulles_4-1024x473.jpg\" alt=\"\" class=\"wp-image-932\" srcset=\"https:\/\/www.kananas.com\/meusevergerstraditions\/wp-content\/uploads\/sites\/2085\/2024\/04\/2024-03-30_AG_MVT_Vigneulles_4-1024x473.jpg 1024w, https:\/\/www.kananas.com\/meusevergerstraditions\/wp-content\/uploads\/sites\/2085\/2024\/04\/2024-03-30_AG_MVT_Vigneulles_4-300x139.jpg 300w, https:\/\/www.kananas.com\/meusevergerstraditions\/wp-content\/uploads\/sites\/2085\/2024\/04\/2024-03-30_AG_MVT_Vigneulles_4-768x355.jpg 768w, https:\/\/www.kananas.com\/meusevergerstraditions\/wp-content\/uploads\/sites\/2085\/2024\/04\/2024-03-30_AG_MVT_Vigneulles_4-1536x710.jpg 1536w, https:\/\/www.kananas.com\/meusevergerstraditions\/wp-content\/uploads\/sites\/2085\/2024\/04\/2024-03-30_AG_MVT_Vigneulles_4-2048x946.jpg 2048w, https:\/\/www.kananas.com\/meusevergerstraditions\/wp-content\/uploads\/sites\/2085\/2024\/04\/2024-03-30_AG_MVT_Vigneulles_4-1200x554.jpg 1200w\" sizes=\"auto, (max-width: 1024px) 100vw, 1024px\" \/><\/figure>\n\n\n\n<figure class=\"wp-block-image size-large\"><img loading=\"lazy\" decoding=\"async\" width=\"1024\" height=\"473\" data-id=\"922\" src=\"https:\/\/www.kananas.com\/meusevergerstraditions\/wp-content\/uploads\/sites\/2085\/2024\/04\/2024-03-30_AG_MVT_Vigneulles_3-2-1024x473.jpg\" alt=\"\" class=\"wp-image-922\" srcset=\"https:\/\/www.kananas.com\/meusevergerstraditions\/wp-content\/uploads\/sites\/2085\/2024\/04\/2024-03-30_AG_MVT_Vigneulles_3-2-1024x473.jpg 1024w, https:\/\/www.kananas.com\/meusevergerstraditions\/wp-content\/uploads\/sites\/2085\/2024\/04\/2024-03-30_AG_MVT_Vigneulles_3-2-300x139.jpg 300w, https:\/\/www.kananas.com\/meusevergerstraditions\/wp-content\/uploads\/sites\/2085\/2024\/04\/2024-03-30_AG_MVT_Vigneulles_3-2-768x355.jpg 768w, https:\/\/www.kananas.com\/meusevergerstraditions\/wp-content\/uploads\/sites\/2085\/2024\/04\/2024-03-30_AG_MVT_Vigneulles_3-2-1536x710.jpg 1536w, https:\/\/www.kananas.com\/meusevergerstraditions\/wp-content\/uploads\/sites\/2085\/2024\/04\/2024-03-30_AG_MVT_Vigneulles_3-2-2048x946.jpg 2048w, https:\/\/www.kananas.com\/meusevergerstraditions\/wp-content\/uploads\/sites\/2085\/2024\/04\/2024-03-30_AG_MVT_Vigneulles_3-2-1200x554.jpg 1200w\" sizes=\"auto, (max-width: 1024px) 100vw, 1024px\" \/><\/figure>\n\n\n\n<figure class=\"wp-block-image size-large\"><img loading=\"lazy\" decoding=\"async\" width=\"1024\" height=\"473\" data-id=\"923\" src=\"https:\/\/www.kananas.com\/meusevergerstraditions\/wp-content\/uploads\/sites\/2085\/2024\/04\/2024-03-30_AG_MVT_Vigneulles_5-2-1024x473.jpg\" alt=\"\" class=\"wp-image-923\" srcset=\"https:\/\/www.kananas.com\/meusevergerstraditions\/wp-content\/uploads\/sites\/2085\/2024\/04\/2024-03-30_AG_MVT_Vigneulles_5-2-1024x473.jpg 1024w, https:\/\/www.kananas.com\/meusevergerstraditions\/wp-content\/uploads\/sites\/2085\/2024\/04\/2024-03-30_AG_MVT_Vigneulles_5-2-300x139.jpg 300w, https:\/\/www.kananas.com\/meusevergerstraditions\/wp-content\/uploads\/sites\/2085\/2024\/04\/2024-03-30_AG_MVT_Vigneulles_5-2-768x355.jpg 768w, https:\/\/www.kananas.com\/meusevergerstraditions\/wp-content\/uploads\/sites\/2085\/2024\/04\/2024-03-30_AG_MVT_Vigneulles_5-2-1536x710.jpg 1536w, https:\/\/www.kananas.com\/meusevergerstraditions\/wp-content\/uploads\/sites\/2085\/2024\/04\/2024-03-30_AG_MVT_Vigneulles_5-2-2048x946.jpg 2048w, https:\/\/www.kananas.com\/meusevergerstraditions\/wp-content\/uploads\/sites\/2085\/2024\/04\/2024-03-30_AG_MVT_Vigneulles_5-2-1200x554.jpg 1200w\" sizes=\"auto, (max-width: 1024px) 100vw, 1024px\" \/><\/figure>\n\n\n\n<figure class=\"wp-block-image size-large\"><img loading=\"lazy\" decoding=\"async\" width=\"1024\" height=\"498\" data-id=\"926\" src=\"https:\/\/www.kananas.com\/meusevergerstraditions\/wp-content\/uploads\/sites\/2085\/2024\/04\/2024-03-30_AG_MVT_Vigneulles_6-1-1024x498.jpg\" alt=\"\" class=\"wp-image-926\" srcset=\"https:\/\/www.kananas.com\/meusevergerstraditions\/wp-content\/uploads\/sites\/2085\/2024\/04\/2024-03-30_AG_MVT_Vigneulles_6-1-1024x498.jpg 1024w, https:\/\/www.kananas.com\/meusevergerstraditions\/wp-content\/uploads\/sites\/2085\/2024\/04\/2024-03-30_AG_MVT_Vigneulles_6-1-300x146.jpg 300w, https:\/\/www.kananas.com\/meusevergerstraditions\/wp-content\/uploads\/sites\/2085\/2024\/04\/2024-03-30_AG_MVT_Vigneulles_6-1-768x373.jpg 768w, https:\/\/www.kananas.com\/meusevergerstraditions\/wp-content\/uploads\/sites\/2085\/2024\/04\/2024-03-30_AG_MVT_Vigneulles_6-1-1536x747.jpg 1536w, https:\/\/www.kananas.com\/meusevergerstraditions\/wp-content\/uploads\/sites\/2085\/2024\/04\/2024-03-30_AG_MVT_Vigneulles_6-1-2048x996.jpg 2048w, https:\/\/www.kananas.com\/meusevergerstraditions\/wp-content\/uploads\/sites\/2085\/2024\/04\/2024-03-30_AG_MVT_Vigneulles_6-1-1200x583.jpg 1200w\" sizes=\"auto, (max-width: 1024px) 100vw, 1024px\" \/><\/figure>\n\n\n\n<figure class=\"wp-block-image size-large\"><img loading=\"lazy\" decoding=\"async\" width=\"1024\" height=\"498\" data-id=\"927\" src=\"https:\/\/www.kananas.com\/meusevergerstraditions\/wp-content\/uploads\/sites\/2085\/2024\/04\/2024-03-30_AG_MVT_Vigneulles_7-1-1024x498.jpg\" alt=\"\" class=\"wp-image-927\" srcset=\"https:\/\/www.kananas.com\/meusevergerstraditions\/wp-content\/uploads\/sites\/2085\/2024\/04\/2024-03-30_AG_MVT_Vigneulles_7-1-1024x498.jpg 1024w, https:\/\/www.kananas.com\/meusevergerstraditions\/wp-content\/uploads\/sites\/2085\/2024\/04\/2024-03-30_AG_MVT_Vigneulles_7-1-300x146.jpg 300w, https:\/\/www.kananas.com\/meusevergerstraditions\/wp-content\/uploads\/sites\/2085\/2024\/04\/2024-03-30_AG_MVT_Vigneulles_7-1-768x373.jpg 768w, https:\/\/www.kananas.com\/meusevergerstraditions\/wp-content\/uploads\/sites\/2085\/2024\/04\/2024-03-30_AG_MVT_Vigneulles_7-1-1536x747.jpg 1536w, https:\/\/www.kananas.com\/meusevergerstraditions\/wp-content\/uploads\/sites\/2085\/2024\/04\/2024-03-30_AG_MVT_Vigneulles_7-1-2048x996.jpg 2048w, https:\/\/www.kananas.com\/meusevergerstraditions\/wp-content\/uploads\/sites\/2085\/2024\/04\/2024-03-30_AG_MVT_Vigneulles_7-1-1200x583.jpg 1200w\" sizes=\"auto, (max-width: 1024px) 100vw, 1024px\" \/><\/figure>\n\n\n\n<figure class=\"wp-block-image size-large\"><img loading=\"lazy\" decoding=\"async\" width=\"1024\" height=\"473\" data-id=\"928\" src=\"https:\/\/www.kananas.com\/meusevergerstraditions\/wp-content\/uploads\/sites\/2085\/2024\/04\/2024-03-30_AG_MVT_Vigneulles_10-1024x473.jpg\" alt=\"\" class=\"wp-image-928\" srcset=\"https:\/\/www.kananas.com\/meusevergerstraditions\/wp-content\/uploads\/sites\/2085\/2024\/04\/2024-03-30_AG_MVT_Vigneulles_10-1024x473.jpg 1024w, https:\/\/www.kananas.com\/meusevergerstraditions\/wp-content\/uploads\/sites\/2085\/2024\/04\/2024-03-30_AG_MVT_Vigneulles_10-300x139.jpg 300w, https:\/\/www.kananas.com\/meusevergerstraditions\/wp-content\/uploads\/sites\/2085\/2024\/04\/2024-03-30_AG_MVT_Vigneulles_10-768x355.jpg 768w, https:\/\/www.kananas.com\/meusevergerstraditions\/wp-content\/uploads\/sites\/2085\/2024\/04\/2024-03-30_AG_MVT_Vigneulles_10-1536x710.jpg 1536w, https:\/\/www.kananas.com\/meusevergerstraditions\/wp-content\/uploads\/sites\/2085\/2024\/04\/2024-03-30_AG_MVT_Vigneulles_10-2048x946.jpg 2048w, https:\/\/www.kananas.com\/meusevergerstraditions\/wp-content\/uploads\/sites\/2085\/2024\/04\/2024-03-30_AG_MVT_Vigneulles_10-1200x554.jpg 1200w\" sizes=\"auto, (max-width: 1024px) 100vw, 1024px\" \/><\/figure>\n\n\n\n<figure class=\"wp-block-image size-large\"><img loading=\"lazy\" decoding=\"async\" width=\"1024\" height=\"496\" data-id=\"929\" src=\"https:\/\/www.kananas.com\/meusevergerstraditions\/wp-content\/uploads\/sites\/2085\/2024\/04\/2024-03-30_AG_MVT_Vigneulles_12-1-1024x496.jpg\" alt=\"\" class=\"wp-image-929\" srcset=\"https:\/\/www.kananas.com\/meusevergerstraditions\/wp-content\/uploads\/sites\/2085\/2024\/04\/2024-03-30_AG_MVT_Vigneulles_12-1-1024x496.jpg 1024w, https:\/\/www.kananas.com\/meusevergerstraditions\/wp-content\/uploads\/sites\/2085\/2024\/04\/2024-03-30_AG_MVT_Vigneulles_12-1-300x145.jpg 300w, https:\/\/www.kananas.com\/meusevergerstraditions\/wp-content\/uploads\/sites\/2085\/2024\/04\/2024-03-30_AG_MVT_Vigneulles_12-1-768x372.jpg 768w, https:\/\/www.kananas.com\/meusevergerstraditions\/wp-content\/uploads\/sites\/2085\/2024\/04\/2024-03-30_AG_MVT_Vigneulles_12-1-1536x744.jpg 1536w, https:\/\/www.kananas.com\/meusevergerstraditions\/wp-content\/uploads\/sites\/2085\/2024\/04\/2024-03-30_AG_MVT_Vigneulles_12-1-2048x992.jpg 2048w, https:\/\/www.kananas.com\/meusevergerstraditions\/wp-content\/uploads\/sites\/2085\/2024\/04\/2024-03-30_AG_MVT_Vigneulles_12-1-1200x581.jpg 1200w\" sizes=\"auto, (max-width: 1024px) 100vw, 1024px\" \/><\/figure>\n<\/figure>\n\n\n","protected":false},"excerpt":{"rendered":"<p>Views: 6 Un Grand Merci\u00a0! Merci \u00e0 la quarantaine de participants \u00e0 l\u2019Assembl\u00e9e G\u00e9n\u00e9rale de notre jeune association qui soufflait, en ce samedi 30 Mars 2024, sa premi\u00e8re bougie ; votre pr\u00e9sence mat\u00e9rialisant tout \u00e0 la fois int\u00e9r\u00eat, soutien et encouragements. \u00a0 \u00a0 Merci \u00e9galement et particuli\u00e8rement \u00e0 : Jean-Louis DUMONT \u2013 Ancien D\u00e9put\u00e9 \u2013 [&hellip;]<\/p>\n","protected":false},"author":2171,"featured_media":0,"comment_status":"open","ping_status":"open","sticky":false,"template":"","format":"standard","meta":{"_crdt_document":"","footnotes":""},"categories":[9],"tags":[],"class_list":["post-893","post","type-post","status-publish","format-standard","hentry","category-evenements"],"_links":{"self":[{"href":"https:\/\/www.kananas.com\/meusevergerstraditions\/wp-json\/wp\/v2\/posts\/893","targetHints":{"allow":["GET"]}}],"collection":[{"href":"https:\/\/www.kananas.com\/meusevergerstraditions\/wp-json\/wp\/v2\/posts"}],"about":[{"href":"https:\/\/www.kananas.com\/meusevergerstraditions\/wp-json\/wp\/v2\/types\/post"}],"author":[{"embeddable":true,"href":"https:\/\/www.kananas.com\/meusevergerstraditions\/wp-json\/wp\/v2\/users\/2171"}],"replies":[{"embeddable":true,"href":"https:\/\/www.kananas.com\/meusevergerstraditions\/wp-json\/wp\/v2\/comments?post=893"}],"version-history":[{"count":18,"href":"https:\/\/www.kananas.com\/meusevergerstraditions\/wp-json\/wp\/v2\/posts\/893\/revisions"}],"predecessor-version":[{"id":939,"href":"https:\/\/www.kananas.com\/meusevergerstraditions\/wp-json\/wp\/v2\/posts\/893\/revisions\/939"}],"wp:attachment":[{"href":"https:\/\/www.kananas.com\/meusevergerstraditions\/wp-json\/wp\/v2\/media?parent=893"}],"wp:term":[{"taxonomy":"category","embeddable":true,"href":"https:\/\/www.kananas.com\/meusevergerstraditions\/wp-json\/wp\/v2\/categories?post=893"},{"taxonomy":"post_tag","embeddable":true,"href":"https:\/\/www.kananas.com\/meusevergerstraditions\/wp-json\/wp\/v2\/tags?post=893"}],"curies":[{"name":"wp","href":"https:\/\/api.w.org\/{rel}","templated":true}]}}