{"id":995,"date":"2024-04-26T07:30:29","date_gmt":"2024-04-26T05:30:29","guid":{"rendered":"https:\/\/www.kananas.com\/meusevergerstraditions\/?p=995"},"modified":"2024-05-04T18:44:12","modified_gmt":"2024-05-04T16:44:12","slug":"vergers-ecole-taille-de-restauration-une-dynamique-en-route","status":"publish","type":"post","link":"https:\/\/www.kananas.com\/meusevergerstraditions\/2024\/04\/26\/vergers-ecole-taille-de-restauration-une-dynamique-en-route\/","title":{"rendered":"Vergers \u00e9cole \u2018Taille de Restauration\u2019 : une dynamique en route"},"content":{"rendered":"<p>Views: 40<\/p>\r\n<figure>\r\n<h3><b>Les suites de la formation AREFE de d\u00e9cembre 2023 :<\/b><\/h3>\r\n<p style=\"text-align: justify\">Le 15 d\u00e9cembre 2023 ce sont 16 membres de l\u2019association Meuse Vergers Traditions qui avaient suivi la formation \u00ab\u00a0Taille Technique des arbres\u00a0\u00bb organis\u00e9e par l&rsquo;AREFE. Suite \u00e0 cette formation une id\u00e9e avait germ\u00e9 : mettre en place des chantiers de travaux pratiques. Objectif :\u00a0 permettre aux nouveaux form\u00e9s de se familiariser et de prendre confiance dans leur capacit\u00e9 \u00e0 effectuer les diff\u00e9rentes op\u00e9rations de taille techniques sur nos arbres fruitiers (voir communication pr\u00e9c\u00e9dente \u00ab Formation Taille AREFE du 15\/12\/2023 : un franc succ\u00e8s \u00bb . Et c\u2019est ainsi qu\u2019est n\u00e9 le projet \u2018Les Vergers \u00c9coles de MVT\u2019. De quoi s\u2019agit-il ?<\/p>\r\n<\/figure>\r\n<figure class=\"wp-block-image size-large\"><\/figure>\r\n\r\n\r\n\r\n<figure class=\"wp-block-image size-large\"><img loading=\"lazy\" decoding=\"async\" width=\"1024\" height=\"498\" class=\"wp-image-997\" src=\"http:\/\/www.kananas.com\/meusevergerstraditions\/wp-content\/uploads\/sites\/2085\/2024\/05\/2023-12-15_AREFE_Taille_5-1024x498.jpg\" alt=\"\" srcset=\"https:\/\/www.kananas.com\/meusevergerstraditions\/wp-content\/uploads\/sites\/2085\/2024\/05\/2023-12-15_AREFE_Taille_5-1024x498.jpg 1024w, https:\/\/www.kananas.com\/meusevergerstraditions\/wp-content\/uploads\/sites\/2085\/2024\/05\/2023-12-15_AREFE_Taille_5-300x146.jpg 300w, https:\/\/www.kananas.com\/meusevergerstraditions\/wp-content\/uploads\/sites\/2085\/2024\/05\/2023-12-15_AREFE_Taille_5-768x373.jpg 768w, https:\/\/www.kananas.com\/meusevergerstraditions\/wp-content\/uploads\/sites\/2085\/2024\/05\/2023-12-15_AREFE_Taille_5-1536x747.jpg 1536w, https:\/\/www.kananas.com\/meusevergerstraditions\/wp-content\/uploads\/sites\/2085\/2024\/05\/2023-12-15_AREFE_Taille_5-2048x996.jpg 2048w, https:\/\/www.kananas.com\/meusevergerstraditions\/wp-content\/uploads\/sites\/2085\/2024\/05\/2023-12-15_AREFE_Taille_5-1200x583.jpg 1200w\" sizes=\"auto, (max-width: 1024px) 100vw, 1024px\" \/>\r\n<figcaption class=\"wp-element-caption\">Formation AREFE D\u00e9cembre 2023<\/figcaption>\r\n<\/figure>\r\n\r\n\r\n\r\n<h3><strong>Une mise en pratique\u00a0:<\/strong><\/h3>\r\n<p style=\"text-align: justify\">Si la m\u00e9t\u00e9o pluvieuse de cet hiver ne nous avait pas permis de mettre en place ces travaux pratiques, malgr\u00e9 les frimas de ce mois d\u2019avril, l\u2019op\u00e9ration est maintenant lanc\u00e9e\u00a0! Mais quel type de taille\u00a0op\u00e9rer ? &#8211; S\u2019il n\u2019est plus possible en cette p\u00e9riode de r\u00e9aliser la taille de formation, ni la taille de fructification, la taille de restauration quant \u00e0 elle est d\u2019actualit\u00e9 et en \u2018toute saison\u2019\u00a0! En l\u2019occurrence, pour les vergers dont l\u2019entretien est un peu d\u00e9laiss\u00e9 depuis plusieurs ann\u00e9es,\u00a0 il s&rsquo;agit principalement de couper les branches mortes et tout le bois mort des arbres des vergers. C\u2019est ce qu\u2019on appelle\u00a0: La phase 1 (ou de I<sup>ere<\/sup> ann\u00e9e) de l\u2019action ou taille de restauration.<\/p>\r\n\r\n\r\n\r\n<figure class=\"wp-block-image size-large\"><img loading=\"lazy\" decoding=\"async\" width=\"1024\" height=\"498\" class=\"wp-image-998\" src=\"https:\/\/www.kananas.com\/meusevergerstraditions\/wp-content\/uploads\/sites\/2085\/2024\/05\/2024-04-25_Verger_Elisabeth_2-1024x498.jpg\" alt=\"\" srcset=\"https:\/\/www.kananas.com\/meusevergerstraditions\/wp-content\/uploads\/sites\/2085\/2024\/05\/2024-04-25_Verger_Elisabeth_2-1024x498.jpg 1024w, https:\/\/www.kananas.com\/meusevergerstraditions\/wp-content\/uploads\/sites\/2085\/2024\/05\/2024-04-25_Verger_Elisabeth_2-300x146.jpg 300w, https:\/\/www.kananas.com\/meusevergerstraditions\/wp-content\/uploads\/sites\/2085\/2024\/05\/2024-04-25_Verger_Elisabeth_2-768x373.jpg 768w, https:\/\/www.kananas.com\/meusevergerstraditions\/wp-content\/uploads\/sites\/2085\/2024\/05\/2024-04-25_Verger_Elisabeth_2-1536x747.jpg 1536w, https:\/\/www.kananas.com\/meusevergerstraditions\/wp-content\/uploads\/sites\/2085\/2024\/05\/2024-04-25_Verger_Elisabeth_2-2048x996.jpg 2048w, https:\/\/www.kananas.com\/meusevergerstraditions\/wp-content\/uploads\/sites\/2085\/2024\/05\/2024-04-25_Verger_Elisabeth_2-1200x583.jpg 1200w\" sizes=\"auto, (max-width: 1024px) 100vw, 1024px\" \/>\r\n<figcaption class=\"wp-element-caption\"><em>Que tailler et comment le faire ?<\/em> <em>Explications de Philippe \u00e0 \u00c9lisabeth avec mise en pratique.<\/em>\u00a0<\/figcaption>\r\n<\/figure>\r\n\r\n<p style=\"text-align: justify\">C\u2019est ainsi qu\u2019un petit groupe form\u00e9 par Denis Heillette, Fran\u00e7is Courtois, Philippe et Patrick Martinet, puis renforc\u00e9 en mi-journ\u00e9e par Jean-Claude Bernard est intervenu dans le verger d\u2019\u00c9lisabeth Le Meur-Iung ce jeudi 24 avril 2024. Situ\u00e9 sur les revers des c\u00f4tes des Meuse, plus pr\u00e9cis\u00e9ment dans les \u2018Hauts de Meuse\u2019, entre St Agnat-sous-les-C\u00f4tes et Liouville, le verger d\u2019\u00c9lisabeth domine la plaine de la Wo\u00ebvre avec \u00e0 l\u2019horizon le Toulois.<\/p>\r\n\r\n<figure class=\"wp-block-image size-large\"><img loading=\"lazy\" decoding=\"async\" width=\"1024\" height=\"498\" class=\"wp-image-1000\" src=\"http:\/\/www.kananas.com\/meusevergerstraditions\/wp-content\/uploads\/sites\/2085\/2024\/05\/2024-04-25_Verger_Elisabeth_8-1024x498.jpg\" alt=\"\" srcset=\"https:\/\/www.kananas.com\/meusevergerstraditions\/wp-content\/uploads\/sites\/2085\/2024\/05\/2024-04-25_Verger_Elisabeth_8-1024x498.jpg 1024w, https:\/\/www.kananas.com\/meusevergerstraditions\/wp-content\/uploads\/sites\/2085\/2024\/05\/2024-04-25_Verger_Elisabeth_8-300x146.jpg 300w, https:\/\/www.kananas.com\/meusevergerstraditions\/wp-content\/uploads\/sites\/2085\/2024\/05\/2024-04-25_Verger_Elisabeth_8-768x373.jpg 768w, https:\/\/www.kananas.com\/meusevergerstraditions\/wp-content\/uploads\/sites\/2085\/2024\/05\/2024-04-25_Verger_Elisabeth_8-1536x747.jpg 1536w, https:\/\/www.kananas.com\/meusevergerstraditions\/wp-content\/uploads\/sites\/2085\/2024\/05\/2024-04-25_Verger_Elisabeth_8-2048x996.jpg 2048w, https:\/\/www.kananas.com\/meusevergerstraditions\/wp-content\/uploads\/sites\/2085\/2024\/05\/2024-04-25_Verger_Elisabeth_8-1200x583.jpg 1200w\" sizes=\"auto, (max-width: 1024px) 100vw, 1024px\" \/>\r\n<figcaption class=\"wp-element-caption\"><em>Vue sur le Toulois des \u2018Hauts de Meuse\u2019<\/em><\/figcaption>\r\n<\/figure>\r\n\r\n\r\n\r\n<div class=\"wp-block-columns is-layout-flex wp-container-core-columns-is-layout-8f761849 wp-block-columns-is-layout-flex\">\r\n<div class=\"wp-block-column is-layout-flow wp-block-column-is-layout-flow\" style=\"flex-basis: 100%\">\r\n<h3><b>Une vraie remise en \u00e9tat :<\/b><\/h3>\r\n<p class=\"has-text-align-left\" style=\"text-align: justify\">Bien plus qu\u2019un simple nettoyage de printemps, la taille de restauration de la premi\u00e8re ann\u00e9e (et en cette p\u00e9riode) consiste \u00e0 couper tout le bois mort, \u00e0 enlever le gui au besoin. Plus tard, lorsque sera venu le moment du repos v\u00e9g\u00e9tatif,\u00a0 il sera question de couper les structures qui emp\u00eachent l\u2019entr\u00e9e de la lumi\u00e8re dans l\u2019arbre.Une grande cure de jouvence du verger d\u2019\u00c9lisabeth facilit\u00e9e par l\u2019arriv\u00e9e du printemps qui permet facilement d\u2019identifier ce qu\u2019il faut couper ! Pour \u00c9lisabeth qui n\u2019avait jamais pratiqu\u00e9 : \u00ab c\u2019est facile il suffit d\u2019identifier les branches sans feuille, souvent des branches qui se \u2018cassent tout seul\u2019, et c\u2019est ce qu\u2019il faut couper ! En d\u2019autres mots : couper tout le bois mort de nos arbres.<br \/>Une grande cure de jouvence du verger d\u2019\u00c9lisabeth facilit\u00e9e par l\u2019arriv\u00e9e du printemps qui permet facilement d\u2019identifier ce qu\u2019il faut couper ! Pour \u00c9lisabeth qui n\u2019avait jamais pratiqu\u00e9 : \u00ab c\u2019est facile il suffit d\u2019identifier les branches sans feuille, souvent des branches qui se \u2018cassent tout seul\u2019, et c\u2019est ce qu\u2019il faut couper ! En d\u2019autres mots : couper tout le bois mort de nos arbres.<\/p>\r\n<\/div>\r\n<\/div>\r\n\r\n\r\n\r\n<figure class=\"wp-block-image size-large is-resized\"><img loading=\"lazy\" decoding=\"async\" width=\"1024\" height=\"498\" class=\"wp-image-1001\" style=\"width: 840px;height: auto\" src=\"http:\/\/www.kananas.com\/meusevergerstraditions\/wp-content\/uploads\/sites\/2085\/2024\/05\/2024-04-25_Verger_Elisabeth_4-1024x498.jpg\" alt=\"\" srcset=\"https:\/\/www.kananas.com\/meusevergerstraditions\/wp-content\/uploads\/sites\/2085\/2024\/05\/2024-04-25_Verger_Elisabeth_4-1024x498.jpg 1024w, https:\/\/www.kananas.com\/meusevergerstraditions\/wp-content\/uploads\/sites\/2085\/2024\/05\/2024-04-25_Verger_Elisabeth_4-300x146.jpg 300w, https:\/\/www.kananas.com\/meusevergerstraditions\/wp-content\/uploads\/sites\/2085\/2024\/05\/2024-04-25_Verger_Elisabeth_4-768x373.jpg 768w, https:\/\/www.kananas.com\/meusevergerstraditions\/wp-content\/uploads\/sites\/2085\/2024\/05\/2024-04-25_Verger_Elisabeth_4-1536x747.jpg 1536w, https:\/\/www.kananas.com\/meusevergerstraditions\/wp-content\/uploads\/sites\/2085\/2024\/05\/2024-04-25_Verger_Elisabeth_4-2048x996.jpg 2048w, https:\/\/www.kananas.com\/meusevergerstraditions\/wp-content\/uploads\/sites\/2085\/2024\/05\/2024-04-25_Verger_Elisabeth_4-1200x583.jpg 1200w\" sizes=\"auto, (max-width: 1024px) 100vw, 1024px\" \/>\r\n<figcaption class=\"wp-element-caption\"><em>Une \u00e9quipe au travail<\/em> : Taille de bois mort \u00e0 la perche et au s\u00e9cateur sur les &lsquo;basses branches&rsquo;<br \/>\u00a0<br \/>\u00a0<\/figcaption>\r\n<\/figure>\r\n\r\n<h3><b>Un esprit\u00a0: Entraide et transmission<\/b><\/h3>\r\n<p style=\"text-align: justify\">Cette taille de restauration s\u2019inscrit pleinement dans les statuts et missions de l\u2019Association Meuse Vergers Traditions que sont\u00a0: la r\u00e9habilitation, la valorisation des vergers familiaux avec une volont\u00e9 de d\u00e9velopper l\u2019entraide et le partage entre ses membres. Transmettre l\u2019h\u00e9ritage culturel et immat\u00e9riel de traditions et de pratiques ancestrales\u00a0fait partie de notre ADN comme celui de pr\u00e9server nos vergers.<\/p>\r\n<p style=\"text-align: justify\">\u00a0\u00ab\u00a0On est plus fort ensemble\u00a0\u00bb lance Denis lors de la pause-caf\u00e9 \u00ab\u00a0chacun apporte sa contribution\u00a0\u00bb Et il est vrai qu\u2019il y en a pour tout le monde\u00a0: De celui qui manie la tron\u00e7onneuse, la scie, le coupe branche, la perche \u00e9lagueuse \u00e9quip\u00e9e de sa scie ou \u00e9chenilloir, en passant par le \u2018finisseur\u2019 qui par une taille au s\u00e9cateur finit de \u2018nettoyer\u2019 les branches fruiti\u00e8res des leurs extr\u00e9mit\u00e9s parfois en bois mort. Chacun apporte sa contribution. Il y en a pour tout le monde et selon ses capacit\u00e9 et force physique. \u2018<i>Je n\u2019aurais jamais imagin\u00e9 autant de bois mort dans mes arbres\u2019 <\/i>s\u2019\u00e9tonne \u00c9lisabeth ! Mais c\u2019est une r\u00e9alit\u00e9! \u2018<i>Et le bois \u00e7a se coupe juste au-dessus d\u2019une section vivante, tout simplement <\/i>!\u2019<\/p>\r\n\r\n<figure class=\"wp-block-image size-full\"><img loading=\"lazy\" decoding=\"async\" width=\"1007\" height=\"849\" class=\"wp-image-1005\" src=\"https:\/\/www.kananas.com\/meusevergerstraditions\/wp-content\/uploads\/sites\/2085\/2024\/05\/2024-04-25_Verger_Elisabeth_10.jpg\" alt=\"\" srcset=\"https:\/\/www.kananas.com\/meusevergerstraditions\/wp-content\/uploads\/sites\/2085\/2024\/05\/2024-04-25_Verger_Elisabeth_10.jpg 1007w, https:\/\/www.kananas.com\/meusevergerstraditions\/wp-content\/uploads\/sites\/2085\/2024\/05\/2024-04-25_Verger_Elisabeth_10-300x253.jpg 300w, https:\/\/www.kananas.com\/meusevergerstraditions\/wp-content\/uploads\/sites\/2085\/2024\/05\/2024-04-25_Verger_Elisabeth_10-768x647.jpg 768w\" sizes=\"auto, (max-width: 1007px) 100vw, 1007px\" \/>\r\n<figcaption class=\"wp-element-caption\"><em>Taille de bois mort en hauteur : La perche munie d\u2019une scie et d\u2019un coupe-branche s\u2019impose !<\/em><\/figcaption>\r\n<\/figure>\r\n\r\n\r\n\r\n<h3><b>La suite\u00a0: <\/b><\/h3>\r\n<p style=\"text-align: justify\">Pour ce qui concerne ces op\u00e9rations de taille technique : ce sont d\u00e9j\u00e0 une petite dizaine de nos membres qui se sont fait connaitre comme \u00e9tant ouverts \u00e0 proposer leurs vergers comme \u2018vergers \u00e9cole\u2019 . Avec pour objectif personnel, rappelons-le :\u00a0 Une volont\u00e9 d\u2019acqu\u00e9rir ou de d\u00e9velopper des comp\u00e9tences en mati\u00e8re de taille technique de leurs arbres fruitiers et dispos\u00e9s en retour \u00e0 venir en aide, dans le m\u00eame cadre, \u00e0 ceux qui en ont besoin et qui comme eux veulent progresser. Cela s\u2019appelle la transmission !<\/p>\r\n<p>Et ne l&rsquo;oubliez pas : Comme il en est de m\u00eame pour tout produit transform\u00e9, <strong>une Eau-de-Vie de qualit\u00e9 s&rsquo;obtient \u00e0 partir des fruits saints! <\/strong>donc \u00e0 partir d&rsquo;arbres en bonne sant\u00e9. Alors, prenez soin des arbres de vos vergers, ils vous le rendront bien !<\/p>\r\n\r\n\r\n\r\n<figure class=\"wp-block-image size-large\"><img loading=\"lazy\" decoding=\"async\" width=\"1024\" height=\"767\" class=\"wp-image-1007\" src=\"http:\/\/www.kananas.com\/meusevergerstraditions\/wp-content\/uploads\/sites\/2085\/2024\/05\/2024-04-25_Verger_Elisabeth_9-1024x767.png\" alt=\"\" srcset=\"https:\/\/www.kananas.com\/meusevergerstraditions\/wp-content\/uploads\/sites\/2085\/2024\/05\/2024-04-25_Verger_Elisabeth_9-1024x767.png 1024w, https:\/\/www.kananas.com\/meusevergerstraditions\/wp-content\/uploads\/sites\/2085\/2024\/05\/2024-04-25_Verger_Elisabeth_9-300x225.png 300w, https:\/\/www.kananas.com\/meusevergerstraditions\/wp-content\/uploads\/sites\/2085\/2024\/05\/2024-04-25_Verger_Elisabeth_9-768x575.png 768w, https:\/\/www.kananas.com\/meusevergerstraditions\/wp-content\/uploads\/sites\/2085\/2024\/05\/2024-04-25_Verger_Elisabeth_9-1200x899.png 1200w, https:\/\/www.kananas.com\/meusevergerstraditions\/wp-content\/uploads\/sites\/2085\/2024\/05\/2024-04-25_Verger_Elisabeth_9.png 1280w\" sizes=\"auto, (max-width: 1024px) 100vw, 1024px\" \/>\r\n<figcaption class=\"wp-element-caption\"><em>L\u2019\u00e9quipe du jour<\/em><br \/>\u00a0<\/figcaption>\r\n<\/figure>\r\n\r\n\r\n\r\n<p>Avec la volont\u00e9 de valoriser nos fruits sous toutes leurs formes et de pr\u00e9server nos vergers\u00a0:\u2028<\/p>\r\n<p>Prenons soins des arbres de nos vergers, ils nous le rendent bien\u00a0!<\/p>\r\n<ul>\r\n<li>Pour t\u00e9l\u00e9charger le fichier PDF de ce flash-Info : <a href=\"http:\/\/www.kananas.com\/meusevergerstraditions\/wp-content\/uploads\/sites\/2085\/2024\/05\/2024-04-24_FI_Verger_Ecole_dElisabeth.pdf\" target=\"_blank\" rel=\"noopener\">&lsquo;Cliquez-ici&rsquo;<\/a><\/li>\r\n<\/ul>\r\n<p>Pour plus de renseignements :<\/p>\r\n<ul>\r\n<li>\u2028Visitez le site de l\u2019Association Meuse Vergers Traditions : <a href=\"https:\/\/www.kananas.com\/meusevergerstraditions\/\">https:\/\/www.kananas.com\/meusevergerstraditions\/<\/a>\u2028\u00b7\u00a0<\/li>\r\n<li>N&rsquo;h\u00e9sitez pas \u00e0 nous contactez par e-mail : <a href=\"mailto:patrick.martinet@meusevergerstraditions.org\">patrick.martinet@meusevergerstraditions.org<\/a><\/li>\r\n<\/ul>\r\n\r\n\r\n<div class=\"wp-block-image\">\r\n<figure class=\"alignleft size-full is-resized\"><img loading=\"lazy\" decoding=\"async\" width=\"704\" height=\"127\" class=\"wp-image-1010\" style=\"width: 610px;height: auto\" src=\"https:\/\/www.kananas.com\/meusevergerstraditions\/wp-content\/uploads\/sites\/2085\/2024\/05\/Signature_e-mails.jpg\" alt=\"\" srcset=\"https:\/\/www.kananas.com\/meusevergerstraditions\/wp-content\/uploads\/sites\/2085\/2024\/05\/Signature_e-mails.jpg 704w, https:\/\/www.kananas.com\/meusevergerstraditions\/wp-content\/uploads\/sites\/2085\/2024\/05\/Signature_e-mails-300x54.jpg 300w\" sizes=\"auto, (max-width: 704px) 100vw, 704px\" \/><\/figure>\r\n<\/div>\r\n\r\n\r\n<p class=\"wp-block-paragraph\">&nbsp;<\/p>\r\n","protected":false},"excerpt":{"rendered":"<p>Views: 40 Les suites de la formation AREFE de d\u00e9cembre 2023 : Le 15 d\u00e9cembre 2023 ce sont 16 membres de l\u2019association Meuse Vergers Traditions qui avaient suivi la formation \u00ab\u00a0Taille Technique des arbres\u00a0\u00bb organis\u00e9e par l&rsquo;AREFE. Suite \u00e0 cette formation une id\u00e9e avait germ\u00e9 : mettre en place des chantiers de travaux pratiques. Objectif [&hellip;]<\/p>\n","protected":false},"author":2171,"featured_media":0,"comment_status":"open","ping_status":"open","sticky":false,"template":"","format":"standard","meta":{"_crdt_document":"","footnotes":""},"categories":[9,11],"tags":[],"class_list":["post-995","post","type-post","status-publish","format-standard","hentry","category-evenements","category-formation"],"_links":{"self":[{"href":"https:\/\/www.kananas.com\/meusevergerstraditions\/wp-json\/wp\/v2\/posts\/995","targetHints":{"allow":["GET"]}}],"collection":[{"href":"https:\/\/www.kananas.com\/meusevergerstraditions\/wp-json\/wp\/v2\/posts"}],"about":[{"href":"https:\/\/www.kananas.com\/meusevergerstraditions\/wp-json\/wp\/v2\/types\/post"}],"author":[{"embeddable":true,"href":"https:\/\/www.kananas.com\/meusevergerstraditions\/wp-json\/wp\/v2\/users\/2171"}],"replies":[{"embeddable":true,"href":"https:\/\/www.kananas.com\/meusevergerstraditions\/wp-json\/wp\/v2\/comments?post=995"}],"version-history":[{"count":17,"href":"https:\/\/www.kananas.com\/meusevergerstraditions\/wp-json\/wp\/v2\/posts\/995\/revisions"}],"predecessor-version":[{"id":1021,"href":"https:\/\/www.kananas.com\/meusevergerstraditions\/wp-json\/wp\/v2\/posts\/995\/revisions\/1021"}],"wp:attachment":[{"href":"https:\/\/www.kananas.com\/meusevergerstraditions\/wp-json\/wp\/v2\/media?parent=995"}],"wp:term":[{"taxonomy":"category","embeddable":true,"href":"https:\/\/www.kananas.com\/meusevergerstraditions\/wp-json\/wp\/v2\/categories?post=995"},{"taxonomy":"post_tag","embeddable":true,"href":"https:\/\/www.kananas.com\/meusevergerstraditions\/wp-json\/wp\/v2\/tags?post=995"}],"curies":[{"name":"wp","href":"https:\/\/api.w.org\/{rel}","templated":true}]}}