{"id":1445,"date":"2018-09-15T10:56:51","date_gmt":"2018-09-15T08:56:51","guid":{"rendered":"http:\/\/www.kananas.com\/monassociation2118\/?p=1445"},"modified":"2018-09-15T10:56:51","modified_gmt":"2018-09-15T08:56:51","slug":"newsletter-2-septembre-2018","status":"publish","type":"post","link":"https:\/\/www.kananas.com\/monassociation2118\/2018\/09\/15\/newsletter-2-septembre-2018\/","title":{"rendered":"Newsletter #2 &#8211; Septembre 2018"},"content":{"rendered":"<p>&nbsp;<\/p>\n<table style=\"width: 102.7%\" border=\"0\" width=\"100%\" cellspacing=\"0\" cellpadding=\"12\">\n<tbody>\n<tr>\n<td style=\"width: 100%\">\n<div style=\"overflow: hidden\">\n<p>&nbsp;<\/p>\n<table class=\"m_8394639718372226771head-wrap\" style=\"max-width: 800px\">\n<tbody>\n<tr>\n<td><span style=\"color: #550055\">\u00a0<\/span><\/td>\n<td class=\"m_8394639718372226771header m_8394639718372226771container\" align=\"\">\n<div class=\"m_8394639718372226771content\">\n<table>\n<tbody>\n<tr>\n<td><span style=\"color: #550055\"><img decoding=\"async\" style=\"width: 120px;height: 96px\" src=\"http:\/\/www.kananas.com\/monassociation2118\/wp-content\/uploads\/sites\/597\/2018\/04\/RCccQTGLWHbw669XDkNk58GYVZ8-1.png\" alt=\"\" width=\"120\" \/> \u00a0 \u00a0 \u00a0 \u00a0 \u00a0<\/span><\/td>\n<td>\n<h1 id=\"m_8394639718372226771site-title\" style=\"margin: 0px;padding: 0px;border: 0px;text-align: center;color: #1b1e1f;line-height: 42px;font-family: Ubuntu,sans-serif;font-size: 36px;font-weight: normal;vertical-align: baseline\"><span style=\"font-size: 20px\"><strong><span style=\"color: #550055\"><a style=\"border: 0px;font-family: inherit;font-style: inherit;font-weight: inherit;margin: 0px;padding: 0px;vertical-align: baseline;color: #99b814;text-decoration: none;letter-spacing: -2px\" title=\"ALPHASIS\" href=\"http:\/\/link.kananas.com\/wf\/click?upn=1yH7byE9-2B8SOyHonHWW-2FZEdYISkPnR-2FH-2B2osOGbFXLcIOm-2BBxkDHHiIS6jQyW7bZyLG3lmup-2FQ9kxF0NoBM7LQ-3D-3D_t7wJq9vFBpX-2BXCvmwMBkBSqxZaw-2FYUdflrKTX1R-2FxPIEUJG3VfPCgsyJmL1UJ-2BC-2BKl9TIh1glAY95CFozR-2FsNbc0kX1SZXK6fQlXkQQGBzpukIdICSNpyQdmK4D5mLPk3-2B07cmhJqPrhCxhrQ8bCxCFBoE3S3LdvlXL3tx4TPZpAoIt-2F2UGNeWS-2F2CdsiZCYP07ACuo0uORLktg00yUoxyo3zg5pVLusR4tx0aBj9i-2BwBEIDXFmrX5cU4Sgr2oih\" target=\"_blank\" rel=\"home noopener\">La Plume verte d&rsquo;ALPHASIS<\/a><\/span><\/strong><\/span><\/h1>\n<h2 id=\"m_8394639718372226771site-description\" style=\"margin: 5px 0px 0px;padding: 0px;border: 0px;text-align: center;color: #999999;line-height: 30px;font-family: helvetica,sans-serif;font-size: 28px!important;font-weight: 200;vertical-align: baseline;max-width: 480px\"><span style=\"color: #000000\"><span style=\"font-size: 16px\"><span style=\"font-family: verdana,geneva,sans-serif\">Newsletter associative \u00a0\u00a0 <\/span><\/span><\/span><\/h2>\n<\/td>\n<td align=\"right\">\n<h6 class=\"m_8394639718372226771collapse\"><span style=\"color: #000000\">\u00a0 \u00a0 \u00a0 \u00a0 \u00a0 \u00a0 \u00a0 \u00a0 \u00a0 \u00a0 \u00a0 \u00a0 \u00a0 \u00a0 \u00a0 \u00a0 \u00a0 \u00a0 \u00a0\u00a0 <\/span><a href=\"http:\/\/www.kananas.com\/monassociation2118\/\"><span style=\"color: #000000\"><img decoding=\"async\" style=\"width: 120px;height: 120px;float: right\" src=\"http:\/\/www.kananas.com\/monassociation2118\/wp-content\/uploads\/sites\/597\/2018\/03\/favicon.png\" width=\"120\" \/><\/span><\/a><\/h6>\n<\/td>\n<\/tr>\n<tr>\n<td><span style=\"color: #550055\">\u00a0<\/span><\/td>\n<td><span style=\"color: #550055\">\u00a0<\/span><\/td>\n<td style=\"text-align: right\"><span style=\"font-size: 14px\"><span style=\"color: #550055\"><span style=\"float: none;background-color: transparent;color: #222222;font-family: Arial, Verdana, sans-serif;font-style: normal;font-variant: normal;font-weight: 400;letter-spacing: normal;text-align: left;text-decoration: none;text-indent: 0px\">Newsletter #002 Septembre <\/span>2018<\/span><\/span><\/td>\n<\/tr>\n<\/tbody>\n<\/table>\n<\/div>\n<\/td>\n<td><span style=\"color: #550055\">\u00a0<\/span><\/td>\n<\/tr>\n<\/tbody>\n<\/table>\n<table class=\"m_8394639718372226771body-wrap\" style=\"max-width: 800px\">\n<tbody>\n<tr>\n<td><span style=\"color: #550055\">\u00a0<\/span><\/td>\n<td class=\"m_8394639718372226771container\" align=\"\" bgcolor=\"#ffffff\">\n<div class=\"m_8394639718372226771content\">\n<table>\n<tbody>\n<tr>\n<td>\n<h1>Edito<\/h1>\n<h3 style=\"color: #500050;font-family: arial,sans-serif;text-align: justify\"><\/h3>\n<p class=\"m_8394639718372226771lead\"><span style=\"color: #550055\"><img decoding=\"async\" style=\"margin: 0px 20px 10px 0px;width: 150px;height: 128px;float: left\" src=\"http:\/\/www.kananas.com\/monassociation2118\/wp-content\/uploads\/sites\/597\/2018\/03\/vivien.jpg\" alt=\"Vivien Veyrat\" width=\"150\" \/><\/span><\/p>\n<p id=\"docs-internal-guid-950782dc-7fff-7def-a1d2-9f7ce526c1e8\" dir=\"ltr\" style=\"background-color: transparent;color: #000000;font-family: Times New Roman;font-size: 16px;font-style: normal;font-variant: normal;font-weight: 400;letter-spacing: normal;line-height: 19.2px;margin-bottom: 6.66px;margin-top: 6.66px;text-align: justify;text-decoration: none;text-indent: 0px\"><span style=\"font-size: 12px\"><span style=\"font-family: verdana,geneva,sans-serif\"><span style=\"background-color: transparent;color: #000000\">Notre association ALPHASIS se d\u00e9ploie petit \u00e0 petit depuis notre derni\u00e8re assembl\u00e9e g\u00e9n\u00e9rale\u2026 je suis heureux de vous annoncer que nous avons d\u00e9pass\u00e9 la centaine d\u2019adh\u00e9rents\u00a0! Merci \u00e0 tous pour votre confiance. ALPHASIS restera n\u00e9cessairement une association \u00e0 taille humaine, proche de ses adh\u00e9rents.<\/span><\/span><\/span><\/p>\n<p dir=\"ltr\" style=\"background-color: transparent;color: #000000;font-family: Times New Roman;font-size: 16px;font-style: normal;font-variant: normal;font-weight: 400;letter-spacing: normal;line-height: 19.2px;margin-bottom: 6.66px;margin-top: 6.66px;text-align: justify;text-decoration: none;text-indent: 0px\"><span style=\"font-size: 12px\"><span style=\"font-family: verdana,geneva,sans-serif\"><span style=\"background-color: transparent;color: #000000\">Un Conseil d\u2019administration dynamique travaille sur diff\u00e9rents projets dont vous aurez l\u2019occasion d\u2019en juger la concr\u00e9tisation au cours de nos prochaines Universit\u00e9s \u00e0 Bordeaux. <\/span><\/span><\/span><\/p>\n<p dir=\"ltr\" style=\"background-color: transparent;color: #000000;font-family: Times New Roman;font-size: 16px;font-style: normal;font-variant: normal;font-weight: 400;letter-spacing: normal;line-height: 19.2px;margin-bottom: 6.66px;margin-top: 6.66px;text-align: justify;text-decoration: none;text-indent: 0px\"><span style=\"font-size: 12px\"><span style=\"font-family: verdana,geneva,sans-serif\"><span style=\"background-color: transparent;color: #000000\">C\u2019est ALPHASIS cette ann\u00e9e qui a \u00e9t\u00e9 charg\u00e9e d\u2019organiser cette grande manifestation interprofessionnelle, aux c\u00f4t\u00e9s de l\u2019ANAMNESIS (m\u00e9decins) et de l\u2019ANVSP (v\u00e9t\u00e9rinaires). Je remercie \u00e0 cette occasion notre cons\u0153ur bordelaise V\u00e9ronique SOUBELET pour sa participation au sein du comit\u00e9 d\u2019organisation. C\u2019est donc pour nous une grande fiert\u00e9 mais aussi un beau challenge \u00e0 relever pour faire de ces 2 jours \u00e0 la fois un moment de formation mais aussi d\u2019\u00e9changes et de partage. <\/span><\/span><\/span><\/p>\n<p dir=\"ltr\" style=\"background-color: transparent;color: #000000;font-family: Times New Roman;font-size: 16px;font-style: normal;font-variant: normal;font-weight: 400;letter-spacing: normal;line-height: 19.2px;margin-bottom: 6.66px;margin-top: 6.66px;text-align: justify;text-decoration: none;text-indent: 0px\"><span style=\"font-size: 12px\"><span style=\"font-family: verdana,geneva,sans-serif\"><span style=\"background-color: transparent;color: #000000\">J\u2019esp\u00e8re que vous avez tous pu consulter notre site internet <\/span><a style=\"text-decoration: none\" href=\"http:\/\/www.alphasis.org\/\"><span style=\"background-color: transparent;color: #0000ff\">www.alphasis.org<\/span><\/a><span style=\"background-color: transparent;color: #000000\"> qui ne cesse de s\u2019\u00e9toffer au fil des semaines. Nous avons souhait\u00e9 une partie \u00ab\u00a0grand public\u00a0\u00bb pour mieux faire conna\u00eetre notre r\u00f4le mais aussi un espace r\u00e9serv\u00e9 aux adh\u00e9rents mettant \u00e0 disposition un annuaire, des documents professionnels, etc. Toutes vos remarques ou propositions seront les bienvenues.<\/span><\/span><\/span><\/p>\n<p dir=\"ltr\" style=\"background-color: transparent;color: #000000;font-family: Times New Roman;font-size: 16px;font-style: normal;font-variant: normal;font-weight: 400;letter-spacing: normal;line-height: 19.2px;margin-bottom: 6.66px;margin-top: 6.66px;text-align: justify;text-decoration: none;text-indent: 0px\"><span style=\"font-size: 12px\"><span style=\"font-family: verdana,geneva,sans-serif\"><span style=\"background-color: transparent;color: #000000\">Au nom du Conseil d\u2019administration, je vous souhaite bonne lecture et esp\u00e8re avoir le plaisir d\u2019embarquer avec vous prochainement sur l\u2019I-Boat\u00a0!<\/span><\/span><\/span><\/p>\n<p dir=\"ltr\" style=\"background-color: transparent;color: #000000;font-family: Times New Roman;font-size: 16px;font-style: normal;font-variant: normal;font-weight: 400;letter-spacing: normal;line-height: 19.2px;margin-bottom: 6.66px;margin-top: 6.66px;text-align: justify;text-decoration: none;text-indent: 0px\"><br class=\"kix-line-break\" \/><span style=\"font-size: 12px\"><span style=\"font-family: verdana,geneva,sans-serif\"><span style=\"background-color: transparent;color: #000000\">Bien confraternellement,<\/span><\/span><\/span><\/p>\n<p dir=\"ltr\" style=\"background-color: transparent;color: #000000;font-family: Times New Roman;font-size: 16px;font-style: normal;font-variant: normal;font-weight: 400;letter-spacing: normal;line-height: 19.2px;margin-bottom: 6.66px;margin-top: 6.66px;text-align: justify;text-decoration: none;text-indent: 0px\"><br class=\"kix-line-break\" \/><span style=\"font-size: 12px\"><span style=\"font-family: verdana,geneva,sans-serif\"><span style=\"background-color: transparent;color: #000000\">Vivien VEYRAT<\/span><\/span><\/span><\/p>\n<p dir=\"ltr\" style=\"background-color: transparent;color: #000000;font-family: Times New Roman;font-size: 16px;font-style: normal;font-variant: normal;font-weight: 400;letter-spacing: normal;line-height: 19.2px;margin-bottom: 6.66px;margin-top: 6.66px;text-align: justify;text-decoration: none;text-indent: 0px\"><span style=\"font-size: 12px\"><span style=\"font-family: verdana,geneva,sans-serif\"><span style=\"background-color: transparent;color: #000000\">Pr\u00e9sident d\u2019ALPHASIS<\/span><\/span><\/span><\/p>\n<hr \/>\n<p>&nbsp;<\/p>\n<h1>Actualit\u00e9 Principale<\/h1>\n<h3><span style=\"color: #99b814\"><span style=\"font-size: 16px\">Pharmaciens, m\u00e9decins et v\u00e9t\u00e9rinaires de sapeurs-pompiers embarquent les 15 et 16 novembre 2018 \u00e0 Bordeaux pour les Universit\u00e9s 2018 !<\/span><\/span><\/h3>\n<p>&nbsp;<\/p>\n<p><img loading=\"lazy\" decoding=\"async\" style=\"text-indent: 94.46px;color: #550055;font-size: small;float: left;border-width: 1px;border-style: solid;margin-left: 10px;margin-right: 10px\" src=\"http:\/\/www.kananas.com\/monassociation2118\/wp-content\/uploads\/sites\/597\/2018\/09\/Universit\u00e9.jpg\" alt=\"\" width=\"235\" height=\"334\" \/><\/p>\n<p>&nbsp;<\/p>\n<p><span style=\"font-size: 12px\"><span style=\"background-color: transparent;color: #000000;text-indent: 94.46px;font-family: verdana, geneva, sans-serif;text-align: justify\">Cette \u00e9dition 2018 se d\u00e9roulera les jeudi 15 novembre apr\u00e8s-midi et vendredi 16 novembre matin au centre de Bordeaux, dans un lieu convivial\u00a0: <strong>l\u2019Iboat.<\/strong><\/span><\/span><\/p>\n<p style=\"text-align: justify\"><span style=\"font-size: 12px\"><span style=\"font-family: verdana,geneva,sans-serif\"><span style=\"background-color: transparent;color: #000000;text-indent: 94.46px\">Au programme : conf\u00e9rences, retours d\u2019exp\u00e9riences, restitution de travaux.<\/span><\/span><\/span><\/p>\n<p style=\"text-align: justify\"><span style=\"font-size: 12px\"><span style=\"font-family: verdana,geneva,sans-serif\"><span style=\"background-color: transparent;color: #000000;text-indent: 94.46px\">Les pharmaciens pourront b\u00e9n\u00e9ficier d\u2019une validation au titre du DPC pour la journ\u00e9e du 15. Une table ronde rassemblera les 3 corps de m\u00e9tiers, ainsi que d\u2019autres professionnels invit\u00e9s autour d\u2019un th\u00e8me f\u00e9d\u00e9rateur :<\/span><\/span><\/span><\/p>\n<p style=\"text-align: justify\"><span style=\"font-size: 12px\"><span style=\"font-family: verdana,geneva,sans-serif\"><span style=\"background-color: transparent;color: #000000;text-indent: 94.46px\"><em>La toxicit\u00e9 chronique des fum\u00e9es d\u2019incendie.<\/em><\/span><\/span><\/span><\/p>\n<p style=\"text-align: justify\"><span style=\"font-size: 12px\"><span style=\"font-family: verdana,geneva,sans-serif\"><span style=\"background-color: transparent;color: #000000;text-indent: 94.46px;vertical-align: baseline\">Pour nous rejoindre, inscrivez-vous d\u00e8s maintenant en cliquant <\/span><span style=\"background-color: transparent;text-indent: 94.46px;color: #0000ff;vertical-align: baseline\"><a style=\"background-color: transparent\" href=\"http:\/\/www.kananas.com\/monassociation2118\/2018\/04\/12\/universites-dalphasis-2018-save-the-date\/\">ici.<\/a><\/span><\/span><\/span><\/p>\n<p style=\"text-align: justify\"><span style=\"font-size: 12px\"><span style=\"font-family: verdana,geneva,sans-serif\"><span style=\"background-color: transparent;color: #000000;text-indent: 94.46px\">Cet \u00e9v\u00e8nement sera aussi l\u2019occasion d\u2019organiser la premi\u00e8re remise du Prix ALPHASIS. Un confr\u00e8re sera honor\u00e9 pour ses actions, ses travaux en lien avec l\u2019exercice de la pharmacie en service d\u2019incendie et de secours.<\/span><\/span><\/span><\/p>\n<div><\/div>\n<\/td>\n<\/tr>\n<tr>\n<td>\n<h1>Rubrique Vie Associative :<\/h1>\n<p><img decoding=\"async\" style=\"color: #99b814;font-size: 16px;width: 250px;height: 188px;margin-left: 0px;margin-right: 0px;float: right\" src=\"http:\/\/www.kananas.com\/monassociation2118\/wp-content\/uploads\/sites\/597\/2018\/09\/VIE-ASSOCIATIVE.jpg\" alt=\"\" \/><\/p>\n<p>&nbsp;<\/p>\n<h3><span style=\"color: #99b814\"><span style=\"font-size: 16px\">Vous souhaitez vous investir au sein de l&rsquo;association ALPHASIS? Des enqu\u00eates et travaux sont en cours, participez!<\/span><\/span><\/h3>\n<p>&nbsp;<\/p>\n<p>&nbsp;<\/p>\n<ul>\n<li><span style=\"font-size: 12px\"><span style=\"font-family: verdana,geneva,sans-serif\"><strong>Enqu\u00eate \u00ab Missions op\u00e9rationnelles du PSP \u00bb <\/strong>:<br \/>\nl\u2019enqu\u00eate est pilot\u00e9e par Noyale LIMON-DUPARCMEUR du SDIS 35 et est en ligne encore quelques jours <a href=\"http:\/\/www.kananas.com\/monassociation2118\/2018\/04\/12\/enquete-sur-les-missions-operationnelles\/\">ici<\/a>, le mot de passe est \u00ab galien \u00bb<br \/>\n(contact : noyaleduparcmeur@free.fr)<\/span><\/span><\/li>\n<li><span style=\"font-size: 12px\"><span style=\"font-family: verdana,geneva,sans-serif\"><strong>Vous avez connu un changement de gazier:<\/strong><br \/>\nContactez Remy VEXLARD pour partager votre exp\u00e9rience<br \/>\n(contact : vexlard.remy@sdis51.fr)<\/span><\/span><\/li>\n<li><span style=\"font-size: 12px\"><span style=\"font-family: verdana,geneva,sans-serif\"><strong>Th\u00e8se d\u2019exercice en cours :<\/strong><br \/>\nL\u2019\u00e9tudiant de la facult\u00e9 de Lyon Lucas STEINER travaille en ce moment sur la r\u00e9alisation d\u2019un vad\u00e9m\u00e9cum \u00e0 l\u2019usage du pharmacien de sapeur-pompier sous forme de Questions \/ R\u00e9ponses qui sera int\u00e9gr\u00e9 au site internet d\u2019ALPHASIS. N\u2019h\u00e9sitez pas \u00e0 lui proposer des th\u00e8mes de questionnement auxquels vous avez \u00e9t\u00e9 confront\u00e9, avec la r\u00e9ponse bien s\u00fbr !<br \/>\n(contact : lucas.steiner@etu.univ-lyon1.fr)<\/span><\/span><\/li>\n<li><span style=\"font-size: 12px\"><span style=\"font-family: verdana,geneva,sans-serif\"><strong>Commissions ALPHASIS :<\/strong><br \/>\nIl est \u00e9galement possible de rejoindre l\u2019une des 7 commissions cr\u00e9\u00e9es en 2017 (plus de renseignements en cliquant <a href=\"http:\/\/www.kananas.com\/monassociation2118\/les-commissions\/\">ici<\/a>). Vous pourrez, selon vos disponibilit\u00e9s et vos envies, participer aux travaux en cours ou proposer de nouveaux axes de travail.<\/span><\/span><\/li>\n<\/ul>\n<\/td>\n<\/tr>\n<\/tbody>\n<\/table>\n<\/div>\n<div class=\"m_8394639718372226771content\"><\/div>\n<div class=\"m_8394639718372226771content\">\n<table>\n<tbody>\n<tr>\n<td style=\"text-align: justify\">\n<h1>Information Adh\u00e9rents<\/h1>\n<h3><img loading=\"lazy\" decoding=\"async\" class=\"\" src=\"http:\/\/www.kananas.com\/monassociation2118\/wp-content\/uploads\/sites\/597\/2018\/09\/ADHERENTS.jpg\" alt=\"\" width=\"251\" height=\"223\" \/><\/h3>\n<h3 style=\"text-align: left\"><span style=\"font-size: 16px\"><span style=\"color: #99b814\">Ils nous ont r\u00e9cemment rejoints :<\/span><\/span><\/h3>\n<p><span style=\"color: #99b814\">\u00a0<\/span><\/p>\n<p style=\"text-align: left\"><span style=\"font-size: 12px\"><span style=\"font-family: verdana,geneva,sans-serif\"><span style=\"background-color: transparent;color: #000000;text-indent: -132.26px\">Guillaume LEMALLIER (PSPV SDIS 50), <\/span><\/span><\/span><\/p>\n<p style=\"text-align: left\"><span style=\"font-size: 12px\"><span style=\"font-family: verdana,geneva,sans-serif\"><span style=\"background-color: transparent;color: #000000;text-indent: -132.26px\">Quentin JARRIGE (PSPV SDIS 972),<\/span><\/span><\/span><\/p>\n<p style=\"text-align: left\"><span style=\"font-size: 12px\"><span style=\"font-family: verdana,geneva,sans-serif\"><span style=\"background-color: transparent;color: #000000;text-indent: -132.26px\">Nathalie TIPHENE (PSPP, SDIS 41),<\/span><\/span><\/span><\/p>\n<p style=\"text-align: left\"><span style=\"font-size: 12px\"><span style=\"font-family: verdana,geneva,sans-serif\"><span style=\"background-color: transparent;color: #000000;text-indent: -132.26px\">Agn\u00e8s GRUNDHEBER (PSPP SDIS 38), <\/span><\/span><\/span><\/p>\n<p style=\"text-align: left\"><span style=\"font-size: 12px\"><span style=\"font-family: verdana,geneva,sans-serif\"><span style=\"background-color: transparent;color: #000000;text-indent: -132.26px\">Evelyne LANDAIS (PSPP SDIS 67), <\/span><\/span><\/span><\/p>\n<p style=\"text-align: left\"><span style=\"font-size: 12px\"><span style=\"font-family: verdana,geneva,sans-serif\"><span style=\"background-color: transparent;color: #000000;text-indent: -132.26px\">Flavie COURTOIS (PSPV SDIS 57), <\/span><\/span><\/span><\/p>\n<p style=\"text-align: left\"><span style=\"font-size: 12px\"><span style=\"font-family: verdana,geneva,sans-serif\"><span style=\"background-color: transparent;color: #000000;text-indent: -132.26px\">Mich\u00e8le DELBOS (PSPV SDIS 24), <\/span><\/span><\/span><\/p>\n<p style=\"text-align: left\"><span style=\"font-size: 12px\"><span style=\"font-family: verdana,geneva,sans-serif\"><span style=\"background-color: transparent;color: #000000;text-indent: -132.26px\">Marie-Christine ENCINAS DE MUNAGORRI (PSPP SDIS 78), <\/span><\/span><\/span><\/p>\n<p style=\"text-align: left\"><span style=\"font-size: 12px\"><span style=\"font-family: verdana,geneva,sans-serif\"><span style=\"background-color: transparent;color: #000000;text-indent: -132.26px\">Agn\u00e8s DELMAS MARSALET (PSPP SDIS 24), <\/span><\/span><\/span><\/p>\n<p style=\"text-align: left\"><span style=\"font-size: 12px\"><span style=\"font-family: verdana,geneva,sans-serif\"><span style=\"background-color: transparent;color: #000000;text-indent: -132.26px\">Sophie PAINBENI (PSPV SDIS 47), <\/span><\/span><\/span><\/p>\n<p style=\"text-align: left\"><span style=\"font-size: 12px\"><span style=\"font-family: verdana,geneva,sans-serif\"><span style=\"background-color: transparent;color: #000000;text-indent: -132.26px\">Isabelle WEISS (PSPP SDIS 47), <\/span><\/span><\/span><\/p>\n<p style=\"text-align: left\"><span style=\"font-size: 12px\"><span style=\"font-family: verdana,geneva,sans-serif\"><span style=\"background-color: transparent;color: #000000;text-indent: -132.26px\">Ruth FEUZEN KEOU (PSPP SDIS 50), <\/span><\/span><\/span><\/p>\n<p style=\"text-align: left\"><span style=\"font-size: 12px\"><span style=\"font-family: verdana,geneva,sans-serif\"><span style=\"background-color: transparent;color: #000000;text-indent: -132.26px\">Karine ANCELIN (PSPP SDIS 72), <\/span><\/span><\/span><\/p>\n<p style=\"text-align: left\"><span style=\"font-size: 12px\"><span style=\"font-family: verdana,geneva,sans-serif\"><span style=\"background-color: transparent;color: #000000;text-indent: -132.26px\">Renaud DEPOIX (PSPV, SDIS 974)<\/span><\/span><\/span><\/p>\n<p id=\"docs-internal-guid-868637a2-7fff-772e-2e31-778e163e2d19\" dir=\"ltr\" style=\"background-color: transparent;color: #000000\"><span style=\"font-size: 12px\"><span style=\"font-family: verdana,geneva,sans-serif\"><span style=\"background-color: transparent;text-indent: -132.26px;text-align: justify;vertical-align: baseline\">L\u2019annuaire de<strong> tous les adh\u00e9rents ALPHASIS<\/strong> est disponible dans votre espace personnel en acc\u00e8s restreint en cliquant <a href=\"http:\/\/www.kananas.com\/monassociation2118\/2018\/04\/26\/demandez-le-mot-de-passe-a-alphasis-associationgmail-com\/\">ici<\/a>. <\/span><\/span><\/span><\/p>\n<p dir=\"ltr\" style=\"background-color: transparent;color: #000000\"><span style=\"font-size: 12px\"><span style=\"font-family: verdana,geneva,sans-serif\"><span style=\"background-color: transparent;text-indent: -132.26px;text-align: justify;vertical-align: baseline\">N\u2019oubliez pas d\u2019envoyer une photo de vous pour enrichir le trombinoscope et de signaler tout changement de votre situation professionnelle<\/span><\/span><\/span><\/p>\n<p dir=\"ltr\" style=\"background-color: transparent;color: #000000\"><span style=\"font-size: 12px\"><span style=\"font-family: verdana,geneva,sans-serif\"><span style=\"background-color: transparent;text-indent: -132.26px;text-align: justify;vertical-align: baseline\">(contact : SabineCHEMOUNI du SDIS 73\u00a0: <\/span><a style=\"background-color: transparent;text-indent: -132.26px;text-align: justify\" href=\"mailto:sabine.chemouni@laposte.net\"><span style=\"background-color: transparent;color: #0000ff;vertical-align: baseline\">sabine.chemouni@laposte.net<\/span><\/a><span style=\"background-color: transparent;text-indent: -132.26px;text-align: justify;vertical-align: baseline\">).<\/span><\/span><\/span><\/p>\n<p dir=\"ltr\" style=\"background-color: transparent;color: #000000\"><span style=\"font-size: 12px\"><span style=\"font-family: verdana,geneva,sans-serif\"><span style=\"background-color: transparent;vertical-align: baseline\">Une carte de France des adh\u00e9rents est aussi en acc\u00e8s libre en cliquant <a href=\"https:\/\/www.google.com\/maps\/d\/u\/0\/viewer?mid=1cuO807NcK7BKlJP6FCkwDUC5BqswGknv&amp;ll=48.062804995196835%2C1.0755307218749977&amp;z=6\">ici<\/a>.<\/span><\/span><\/span><\/p>\n<\/td>\n<\/tr>\n<tr>\n<td style=\"text-align: justify\">\n<h1>Flash Info<\/h1>\n<h3 style=\"color: #500050;font-family: arial, sans-serif\"><span style=\"color: #550055\"><span style=\"color: #99b814\"><span style=\"font-size: 16px\">Derni\u00e8re minute !<\/span><\/span><\/span><\/h3>\n<p style=\"color: #500050;font-family: arial, sans-serif\"><span style=\"font-size: 12px\"><span style=\"color: #000000\"><span style=\"font-family: verdana, geneva, sans-serif\"><strong>Un si\u00e8ge au sein du conseil d\u2019administration d\u2019ALPHASIS est vacant<\/strong>.\u00a0<\/span><\/span><\/span><\/p>\n<p style=\"color: #500050;font-family: arial, sans-serif;text-align: left\"><span style=\"font-size: 12px\"><strong style=\"color: #000000;font-family: verdana, geneva, sans-serif;font-size: 16px\"><img decoding=\"async\" style=\"width: 125px;height: 73px\" src=\"http:\/\/www.kananas.com\/monassociation2118\/wp-content\/uploads\/sites\/597\/2018\/09\/VOTE.jpg\" alt=\"\" \/><\/strong><\/span><\/p>\n<p style=\"color: #500050;font-family: arial, sans-serif;text-align: left\"><span style=\"font-size: 12px\"><span style=\"color: #000000\"><span style=\"font-family: verdana, geneva, sans-serif\">Une \u00e9lection partielle \u00e9lectronique sera donc tr\u00e8s prochainement organis\u00e9e. Le d\u00e9pouillement du scrutin aura lieu lors de l\u2019assembl\u00e9e g\u00e9n\u00e9rale du 15 novembre prochain \u00e0 Bordeaux. Soyez attentifs aux informations qui vous seront bient\u00f4t communiqu\u00e9es par email !<\/span><\/span><\/span><\/p>\n<hr \/>\n<p>&nbsp;<\/td>\n<\/tr>\n<\/tbody>\n<\/table>\n<\/div>\n<div>\n<table bgcolor=\"\">\n<tbody>\n<tr>\n<td>\n<table bgcolor=\"\">\n<tbody>\n<tr>\n<td>\n<div>\n<table cellpadding=\"0\" bgcolor=\"\">\n<tbody>\n<tr>\n<td>\n<h5>Connect with Us:<\/h5>\n<p><span style=\"color: #550055\"><a href=\"https:\/\/www.facebook.com\/groups\/alphasis\/\"><img decoding=\"async\" style=\"width: 100px;height: 100px\" src=\"http:\/\/www.kananas.com\/monassociation2118\/wp-content\/uploads\/sites\/597\/2018\/03\/Facebook_icon.jpg\" alt=\"\" width=\"100\" \/><\/a> \u00a0<img decoding=\"async\" style=\"width: 100px;height: 100px\" src=\"http:\/\/www.kananas.com\/monassociation2118\/wp-content\/uploads\/sites\/597\/2018\/03\/images-4.jpg\" alt=\"\" width=\"100\" \/><\/span><\/td>\n<\/tr>\n<\/tbody>\n<\/table>\n<\/div>\n<div class=\"m_8394639718372226771clear\"><span style=\"color: #550055\">\u00a0<\/span><\/div>\n<\/td>\n<\/tr>\n<\/tbody>\n<\/table>\n<\/td>\n<\/tr>\n<\/tbody>\n<\/table>\n<\/div>\n<\/td>\n<td><span style=\"color: #550055\">\u00a0<\/span><\/td>\n<\/tr>\n<\/tbody>\n<\/table>\n<p><span style=\"color: #550055\"><img loading=\"lazy\" decoding=\"async\" style=\"height: 1px!important;width: 1px!important;border-width: 0!important;padding: 0!important;margin: 0!important\" src=\"https:\/\/ci6.googleusercontent.com\/proxy\/tk661hSYyDtogeayklDCE2lQqEMWp4LW9GN89hb7m-5V9HrTfhlh2qmrFyx436BmjRfCBYV3ltU7_LV9wnkcwnTOyb-G3An4IluEN1aurupLtYGV20gf_gr_4w5ssLCKr8WlZKKQUT_b2jnhSs1O-smgdh5nncOwes8zeHfs-TRcesQNbRlEavMFKUiyHUip0SkWfJM6ZxRIspXomgrgbsr2yqAcBhf8s2pbC24MobGhlmLetcrn-mDGdu_TC_PSILDDA6iRpOsldt6wFo0PP0cTB_UVER97oLD4RTt2NdQtK1DpnjG_0TLjXtfGrDaUknId5R5J5HA0LRIY1OMiqd-s7rGvaRRkbGy-3UJq7oSZmpVVU-n56ERaCG9a_1_FdTSaGgDrYtiPiYx1mge_eRUwijneMxnY3JM9yY2EPE5OVZaxIo3o578dFHJwaS2zcAFbMLfYc82r6nv6dxeuIdi9fWS1oIC4wQWB3FKPe-zk=s0-d-e1-ft#http:\/\/link.kananas.com\/wf\/open?upn=t7wJq9vFBpX-2BXCvmwMBkBSqxZaw-2FYUdflrKTX1R-2FxPIEUJG3VfPCgsyJmL1UJ-2BC-2BRTZvOpoNsAXwNBSrRHImLaCtETff1FhLFrW8CiEvdfsGH8Ken4E7bYXaRaJ7V3Jtiy-2B7ZsuVYIqbs-2FLMNMJWO8jwGd-2FYNI9Xuw0xoo0MouoYFRxz6Ism1hs2ixsDMua0UjPeqtQW-2BlnKWTKbRbnkIcim1iCkHfmvnGODY80-2F59QwqcLIjLRm9Wgb8o-2BWlwHA10sguN-2B6sDL6emqrnVMg-2BQ-3D-3D\" alt=\"\" width=\"1\" height=\"1\" border=\"0\" \/> <\/span><\/p>\n<\/div>\n<\/td>\n<\/tr>\n<\/tbody>\n<\/table>\n<p>&nbsp;<\/p>\n<div><\/div>\n<div><\/div>\n","protected":false},"excerpt":{"rendered":"<p>&nbsp; &nbsp; \u00a0 \u00a0 \u00a0 \u00a0 \u00a0 \u00a0 La Plume verte d&rsquo;ALPHASIS Newsletter associative \u00a0\u00a0 \u00a0 \u00a0 \u00a0 \u00a0 \u00a0 \u00a0 \u00a0 \u00a0 \u00a0 \u00a0 \u00a0 \u00a0 \u00a0 \u00a0 \u00a0 \u00a0 \u00a0 \u00a0 \u00a0\u00a0 \u00a0 \u00a0 Newsletter #002 Septembre 2018&hellip; <\/p>\n","protected":false},"author":613,"featured_media":0,"comment_status":"closed","ping_status":"open","sticky":false,"template":"","format":"standard","meta":{"_crdt_document":"","footnotes":""},"categories":[30,1],"tags":[],"class_list":["post-1445","post","type-post","status-publish","format-standard","hentry","category-newsletter","category-non-classe"],"_links":{"self":[{"href":"https:\/\/www.kananas.com\/monassociation2118\/wp-json\/wp\/v2\/posts\/1445","targetHints":{"allow":["GET"]}}],"collection":[{"href":"https:\/\/www.kananas.com\/monassociation2118\/wp-json\/wp\/v2\/posts"}],"about":[{"href":"https:\/\/www.kananas.com\/monassociation2118\/wp-json\/wp\/v2\/types\/post"}],"author":[{"embeddable":true,"href":"https:\/\/www.kananas.com\/monassociation2118\/wp-json\/wp\/v2\/users\/613"}],"replies":[{"embeddable":true,"href":"https:\/\/www.kananas.com\/monassociation2118\/wp-json\/wp\/v2\/comments?post=1445"}],"version-history":[{"count":5,"href":"https:\/\/www.kananas.com\/monassociation2118\/wp-json\/wp\/v2\/posts\/1445\/revisions"}],"predecessor-version":[{"id":1451,"href":"https:\/\/www.kananas.com\/monassociation2118\/wp-json\/wp\/v2\/posts\/1445\/revisions\/1451"}],"wp:attachment":[{"href":"https:\/\/www.kananas.com\/monassociation2118\/wp-json\/wp\/v2\/media?parent=1445"}],"wp:term":[{"taxonomy":"category","embeddable":true,"href":"https:\/\/www.kananas.com\/monassociation2118\/wp-json\/wp\/v2\/categories?post=1445"},{"taxonomy":"post_tag","embeddable":true,"href":"https:\/\/www.kananas.com\/monassociation2118\/wp-json\/wp\/v2\/tags?post=1445"}],"curies":[{"name":"wp","href":"https:\/\/api.w.org\/{rel}","templated":true}]}}