{"id":2530,"date":"2019-07-02T09:05:52","date_gmt":"2019-07-02T07:05:52","guid":{"rendered":"http:\/\/www.kananas.com\/monassociation2118\/?p=2530"},"modified":"2019-07-08T22:27:52","modified_gmt":"2019-07-08T20:27:52","slug":"pyramide","status":"publish","type":"post","link":"https:\/\/www.kananas.com\/monassociation2118\/2019\/07\/02\/pyramide\/","title":{"rendered":"Enqu\u00eate sur la pyramide des \u00e2ges des pharmaciens de sapeurs-pompiers professionnels"},"content":{"rendered":"<p style=\"text-align: justify\"><strong>Objet de l\u2019enqu\u00eate<\/strong><\/p>\n<p style=\"text-align: justify\">Pr\u00e8s de 20 ans apr\u00e8s le 1<sup>er<\/sup> concours de recrutement de pharmaciens de sapeurs-pompiers professionnels (PSPP), qui a eu lieu en d\u00e9cembre 2001, il apparaissait n\u00e9cessaire de r\u00e9aliser une photographie de la d\u00e9mographie de la profession dans sa composante professionnelle.<\/p>\n<p style=\"text-align: justify\">Les ann\u00e9es passant, cette enqu\u00eate a \u00e9galement pour finalit\u00e9 d\u2019\u00e9valuer le nombre de cons\u0153urs et de confr\u00e8res de 55 ans et plus envisageant une prochaine cessation d\u2019activit\u00e9.<\/p>\n<p><strong>Nombre de r\u00e9ponses<\/strong><\/p>\n<p style=\"text-align: justify\"><strong>81 r\u00e9ponses<\/strong> ont \u00e9t\u00e9 enregistr\u00e9es durant le mois de juin 2019, offrant ainsi une bonne repr\u00e9sentativit\u00e9 des donn\u00e9es recueillies. La profession s\u2019est donc fortement impliqu\u00e9e et mobilis\u00e9e pour r\u00e9pondre \u00e0 cette enqu\u00eate. <strong>75 r\u00e9ponses <\/strong>sont conformes aux crit\u00e8res de l\u2019enqu\u00eate et donc exploitables.<\/p>\n<p><strong>Statut des pharmaciens (hors SPV)<\/strong><\/p>\n<p><img loading=\"lazy\" decoding=\"async\" class=\"alignnone size-full wp-image-2534\" src=\"http:\/\/www.kananas.com\/monassociation2118\/wp-content\/uploads\/sites\/597\/2019\/07\/Sans-titre-1.png\" alt=\"\" width=\"607\" height=\"347\" srcset=\"https:\/\/www.kananas.com\/monassociation2118\/wp-content\/uploads\/sites\/597\/2019\/07\/Sans-titre-1.png 607w, https:\/\/www.kananas.com\/monassociation2118\/wp-content\/uploads\/sites\/597\/2019\/07\/Sans-titre-1-300x171.png 300w\" sizes=\"auto, (max-width: 607px) 100vw, 607px\" \/><\/p>\n<p>&nbsp;<\/p>\n<ul style=\"list-style-type: circle\">\n<li style=\"text-align: justify\"><strong>63<\/strong> sont <strong>PSPP<\/strong> \u2192 soit <strong>84 %<\/strong> des r\u00e9ponses analys\u00e9es.<\/li>\n<li style=\"text-align: justify\"><strong>11<\/strong> pharmaciens sont <strong>contractuels<\/strong> \u2192 soit <strong>14,66 %<\/strong> des r\u00e9ponses analys\u00e9es.<\/li>\n<li style=\"text-align: justify\"><strong>Autre<\/strong>\u00a0: <strong>1<\/strong> pharmacien est en <strong>d\u00e9tachement<\/strong> d\u2019un \u00e9tablissement priv\u00e9 d\u2019int\u00e9r\u00eat collectif \u2192 soit <strong>1,34 %<\/strong> des r\u00e9ponses analys\u00e9es.<\/li>\n<\/ul>\n<p style=\"text-align: justify\">La grande majorit\u00e9 exerce sous statut professionnel. Cependant, l\u2019enqu\u00eate fait apparaitre un nombre non n\u00e9gligeable de cons\u0153urs et confr\u00e8res exer\u00e7ant sous un statut pr\u00e9caire de contractuel. Il est souhaitable de professionnaliser ces pharmaciens au plus vite en leur permettant d\u2019acc\u00e9der au concours de PSPP.<\/p>\n<p><strong>Emplois occup\u00e9s<\/strong><\/p>\n<p style=\"text-align: justify\">Il s\u2019agit des emplois occup\u00e9s par les PSPP, les contractuels et le pharmacien en d\u00e9tachement.<\/p>\n<p style=\"text-align: justify\">\u00a0<img loading=\"lazy\" decoding=\"async\" class=\"alignnone size-full wp-image-2536\" src=\"http:\/\/www.kananas.com\/monassociation2118\/wp-content\/uploads\/sites\/597\/2019\/07\/Sans-titre-3.png\" alt=\"\" width=\"647\" height=\"378\" srcset=\"https:\/\/www.kananas.com\/monassociation2118\/wp-content\/uploads\/sites\/597\/2019\/07\/Sans-titre-3.png 647w, https:\/\/www.kananas.com\/monassociation2118\/wp-content\/uploads\/sites\/597\/2019\/07\/Sans-titre-3-300x175.png 300w\" sizes=\"auto, (max-width: 647px) 100vw, 647px\" \/><\/p>\n<ul style=\"list-style-type: disc\">\n<li style=\"text-align: justify\"><strong>5<\/strong> pharmaciens occupent la fonction unique de <strong>pharmacien-chef<\/strong> \u2192 soit <strong>6,67 %<\/strong> des r\u00e9ponses analys\u00e9es.<\/li>\n<li style=\"text-align: justify\"><strong>34<\/strong> pharmaciens occupent la seule fonction de <strong>pharmacien-g\u00e9rant<\/strong> \u2192 soit <strong>45,33 %<\/strong> des r\u00e9ponses analys\u00e9es.<\/li>\n<li style=\"text-align: justify\"><strong>28<\/strong> pharmaciens cumulent les fonctions de <strong>pharmacien-chef et g\u00e9rant PUI<\/strong> \u2192 soit <strong>37,33 %<\/strong> des r\u00e9ponses analys\u00e9es.<\/li>\n<li style=\"text-align: justify\"><strong>6<\/strong> pharmaciens exercent la fonction de <strong>pharmacien-adjoint<\/strong> \u2192 soit <strong>8 %<\/strong> des r\u00e9ponses analys\u00e9es.<\/li>\n<\/ul>\n<p style=\"text-align: justify\">On s\u2019aper\u00e7oit que les deux principales fonctions exerc\u00e9es par la population de pharmaciens \u00e9tudi\u00e9e correspondent\u00a0\u00e0 :<\/p>\n<p style=\"text-align: justify\">&#8211; la fonction de <strong>pharmacien-g\u00e9rant<\/strong> <strong>(45,33 %)<\/strong>\u00a0;<\/p>\n<p style=\"text-align: justify\">&#8211; la double fonction de <strong>pharmacien-chef et g\u00e9rant PUI<\/strong> <strong>(37,33 %)<\/strong>.<\/p>\n<p><strong>R\u00e9partition des effectifs par tranche d\u2019\u00e2ge<\/strong><\/p>\n<p style=\"text-align: justify\">Il s\u2019agit des emplois occup\u00e9s par les PSPP et assimil\u00e9s pour le besoin de l\u2019enqu\u00eate (contractuels, d\u00e9tachement).<\/p>\n<p><img loading=\"lazy\" decoding=\"async\" class=\"alignnone size-full wp-image-2537\" src=\"http:\/\/www.kananas.com\/monassociation2118\/wp-content\/uploads\/sites\/597\/2019\/07\/Sans-titre-4.png\" alt=\"\" width=\"651\" height=\"382\" srcset=\"https:\/\/www.kananas.com\/monassociation2118\/wp-content\/uploads\/sites\/597\/2019\/07\/Sans-titre-4.png 651w, https:\/\/www.kananas.com\/monassociation2118\/wp-content\/uploads\/sites\/597\/2019\/07\/Sans-titre-4-300x176.png 300w\" sizes=\"auto, (max-width: 651px) 100vw, 651px\" \/><\/p>\n<p style=\"text-align: justify\">Hormis la tranche d\u2019\u00e2ge des 25-34 ans peu repr\u00e9sent\u00e9e (<strong>3 PSPP<\/strong>), la r\u00e9partition des effectifs est homog\u00e8ne\u00a0:<\/p>\n<ul style=\"text-align: justify\">\n<li><strong>20 PSPP<\/strong> sont \u00e2g\u00e9s de <strong>35 \u00e0 44 ans<\/strong>;<\/li>\n<li><strong>27 PSPP<\/strong> sont \u00e2g\u00e9s de <strong>45 \u00e0 54 ans<\/strong>;<\/li>\n<li><strong>25 PSPP<\/strong> sont \u00e2g\u00e9s de <strong>55 et plus<\/strong>.<\/li>\n<\/ul>\n<p style=\"text-align: justify\">Le pharmacien de sapeurs-pompiers professionnel le plus jeune est \u00e2g\u00e9 de <strong>30 ans<\/strong> et le plus \u00e2g\u00e9 de <strong>62 ans<\/strong>.<\/p>\n<p><strong>R\u00e9partition selon le sexe<\/strong><\/p>\n<p><img loading=\"lazy\" decoding=\"async\" class=\"alignnone size-full wp-image-2538\" src=\"http:\/\/www.kananas.com\/monassociation2118\/wp-content\/uploads\/sites\/597\/2019\/07\/Sans-titre-5.png\" alt=\"\" width=\"656\" height=\"352\" srcset=\"https:\/\/www.kananas.com\/monassociation2118\/wp-content\/uploads\/sites\/597\/2019\/07\/Sans-titre-5.png 656w, https:\/\/www.kananas.com\/monassociation2118\/wp-content\/uploads\/sites\/597\/2019\/07\/Sans-titre-5-300x161.png 300w\" sizes=\"auto, (max-width: 656px) 100vw, 656px\" \/><\/p>\n<p style=\"text-align: justify\"><strong>55 femmes<\/strong> sont PSPP soit <strong>73 %<\/strong> de l\u2019effectif pour <strong>20 hommes<\/strong> soit <strong>27 %<\/strong>.<\/p>\n<p style=\"text-align: justify\">Ces chiffres confirment ceux de l\u2019Ordre national des pharmaciens, puisque les femmes repr\u00e9sentent 67 % de l\u2019ensemble de la profession pharmaceutique et les hommes 33 % selon les chiffres 2018 (Source : site internet <a href=\"http:\/\/www.ordre.pharmacien.fr\">www.ordre.pharmacien.fr<\/a>).<\/p>\n<p><strong>Cessation d\u2019activit\u00e9 des 55 ans et plus<\/strong><\/p>\n<p><img loading=\"lazy\" decoding=\"async\" class=\"alignnone size-full wp-image-2539\" src=\"http:\/\/www.kananas.com\/monassociation2118\/wp-content\/uploads\/sites\/597\/2019\/07\/Sans-titre-6.png\" alt=\"\" width=\"648\" height=\"381\" srcset=\"https:\/\/www.kananas.com\/monassociation2118\/wp-content\/uploads\/sites\/597\/2019\/07\/Sans-titre-6.png 648w, https:\/\/www.kananas.com\/monassociation2118\/wp-content\/uploads\/sites\/597\/2019\/07\/Sans-titre-6-300x176.png 300w\" sizes=\"auto, (max-width: 648px) 100vw, 648px\" \/><\/p>\n<p style=\"text-align: justify\"><strong>25 PSPP<\/strong> sont \u00e2g\u00e9s de 55 ans ou plus soit <strong>33 %<\/strong> sur un total de 75 r\u00e9ponses exploitables.<\/p>\n<p style=\"text-align: justify\">Parmi ces 25 pharmaciens\u00a0:<\/p>\n<p style=\"text-align: justify\">&#8211; 2 cessations d\u2019activit\u00e9 sont souhait\u00e9es par les int\u00e9ress\u00e9s d\u00e8s que possible\u00a0;<\/p>\n<p style=\"text-align: justify\">&#8211; <strong>15 cessations d\u2019activit\u00e9 sont pr\u00e9vues dans les 5 ans \u00e0 venir (2020 \u00e0 2024)\u00a0;<\/strong><\/p>\n<p style=\"text-align: justify\">&#8211; 5 cessations d\u2019activit\u00e9 sont programm\u00e9es au-del\u00e0 des 5 prochaines ann\u00e9es\u00a0;<\/p>\n<p style=\"text-align: justify\">&#8211; 1 PSPP ne sait pas quand il cessera son activit\u00e9\u00a0;<\/p>\n<p style=\"text-align: justify\">&#8211; 1 PSPP n\u2019envisage pas de cessation d\u2019activit\u00e9\u00a0;<\/p>\n<p style=\"text-align: justify\">&#8211; 1 PSPP ne donne pas de r\u00e9ponse.<\/p>\n<p style=\"text-align: justify\">Un nombre non n\u00e9gligeable de cessation d\u2019activit\u00e9 aura lieu dans les prochaines ann\u00e9es. Faire connaitre notre beau m\u00e9tier de pharmacien de sapeurs-pompiers est un enjeu fort afin de recruter de jeunes cons\u0153urs et confr\u00e8res motiv\u00e9s.<\/p>\n<p><strong>Conclusion<\/strong><\/p>\n<p style=\"text-align: justify\">Cette enqu\u00eate apporte un \u00e9clairage int\u00e9ressant de la d\u00e9mographie des PSPP \u00e0 l\u2019instant T, tout en permettant de se projeter dans l\u2019avenir afin de d\u00e9finir les besoins en renouvellement de personnel pour les prochaines ann\u00e9es.<\/p>\n<p style=\"text-align: justify\">Il serait souhaitable de renouveler ce type d\u2019enqu\u00eate \u00e0 intervalle r\u00e9gulier afin de pouvoir suivre l\u2019\u00e9volution d\u00e9mographique de notre profession.<\/p>\n<p style=\"text-align: justify\">Pharmacien Lieutenant-Colonel Karim BARBOUCHE<\/p>\n<p style=\"text-align: justify\">\n","protected":false},"excerpt":{"rendered":"<p>Objet de l\u2019enqu\u00eate Pr\u00e8s de 20 ans apr\u00e8s le 1er concours de recrutement de pharmaciens de sapeurs-pompiers professionnels (PSPP), qui a eu lieu en d\u00e9cembre 2001, il apparaissait n\u00e9cessaire de r\u00e9aliser une photographie de la d\u00e9mographie de la profession dans&hellip; <\/p>\n","protected":false},"author":613,"featured_media":2532,"comment_status":"open","ping_status":"open","sticky":false,"template":"","format":"standard","meta":{"_crdt_document":"","footnotes":""},"categories":[3,1,25,26],"tags":[],"class_list":["post-2530","post","type-post","status-publish","format-standard","has-post-thumbnail","hentry","category-article-hp","category-non-classe","category-publication","category-tous-les-articles"],"_links":{"self":[{"href":"https:\/\/www.kananas.com\/monassociation2118\/wp-json\/wp\/v2\/posts\/2530","targetHints":{"allow":["GET"]}}],"collection":[{"href":"https:\/\/www.kananas.com\/monassociation2118\/wp-json\/wp\/v2\/posts"}],"about":[{"href":"https:\/\/www.kananas.com\/monassociation2118\/wp-json\/wp\/v2\/types\/post"}],"author":[{"embeddable":true,"href":"https:\/\/www.kananas.com\/monassociation2118\/wp-json\/wp\/v2\/users\/613"}],"replies":[{"embeddable":true,"href":"https:\/\/www.kananas.com\/monassociation2118\/wp-json\/wp\/v2\/comments?post=2530"}],"version-history":[{"count":4,"href":"https:\/\/www.kananas.com\/monassociation2118\/wp-json\/wp\/v2\/posts\/2530\/revisions"}],"predecessor-version":[{"id":2542,"href":"https:\/\/www.kananas.com\/monassociation2118\/wp-json\/wp\/v2\/posts\/2530\/revisions\/2542"}],"wp:featuredmedia":[{"embeddable":true,"href":"https:\/\/www.kananas.com\/monassociation2118\/wp-json\/wp\/v2\/media\/2532"}],"wp:attachment":[{"href":"https:\/\/www.kananas.com\/monassociation2118\/wp-json\/wp\/v2\/media?parent=2530"}],"wp:term":[{"taxonomy":"category","embeddable":true,"href":"https:\/\/www.kananas.com\/monassociation2118\/wp-json\/wp\/v2\/categories?post=2530"},{"taxonomy":"post_tag","embeddable":true,"href":"https:\/\/www.kananas.com\/monassociation2118\/wp-json\/wp\/v2\/tags?post=2530"}],"curies":[{"name":"wp","href":"https:\/\/api.w.org\/{rel}","templated":true}]}}