{"id":2565,"date":"2019-08-10T10:29:48","date_gmt":"2019-08-10T08:29:48","guid":{"rendered":"http:\/\/www.kananas.com\/monassociation2118\/?p=2565"},"modified":"2019-08-14T10:27:52","modified_gmt":"2019-08-14T08:27:52","slug":"guillaume-bonnel-pharmacien-lieutenant-au-sdis-de-seine-et-marne","status":"publish","type":"post","link":"https:\/\/www.kananas.com\/monassociation2118\/2019\/08\/10\/guillaume-bonnel-pharmacien-lieutenant-au-sdis-de-seine-et-marne\/","title":{"rendered":"Guillaume BONNEL, pharmacien lieutenant au SDIS de Seine et Marne"},"content":{"rendered":"<p style=\"text-align: justify\"><strong><em><img loading=\"lazy\" decoding=\"async\" class=\"wp-image-2575 alignleft\" src=\"http:\/\/www.kananas.com\/monassociation2118\/wp-content\/uploads\/sites\/597\/2019\/08\/BONNEL-Guillaume-SDIS77.jpg\" alt=\"\" width=\"288\" height=\"344\" srcset=\"https:\/\/www.kananas.com\/monassociation2118\/wp-content\/uploads\/sites\/597\/2019\/08\/BONNEL-Guillaume-SDIS77.jpg 1857w, https:\/\/www.kananas.com\/monassociation2118\/wp-content\/uploads\/sites\/597\/2019\/08\/BONNEL-Guillaume-SDIS77-251x300.jpg 251w, https:\/\/www.kananas.com\/monassociation2118\/wp-content\/uploads\/sites\/597\/2019\/08\/BONNEL-Guillaume-SDIS77-768x917.jpg 768w, https:\/\/www.kananas.com\/monassociation2118\/wp-content\/uploads\/sites\/597\/2019\/08\/BONNEL-Guillaume-SDIS77-858x1024.jpg 858w\" sizes=\"auto, (max-width: 288px) 100vw, 288px\" \/>Les \u00e9tudiants et internes en pharmacie b\u00e9n\u00e9ficient d\u00e9sormais d\u2019un statut chez les sapeurs-pompiers<\/em><\/strong><strong><em>, puisqu\u2019ils peuvent \u00eatre engag\u00e9s avant l\u2019obtention du dipl\u00f4me de docteur en pharmacie. Guillaume Bonnel, lieutenant chez les pharmaciens sapeurs pompiers du SDIS de Seine et Marne, nous livre son parcours.<\/em><\/strong><\/p>\n<p style=\"text-align: justify\"><strong>Son parcours <\/strong><\/p>\n<p style=\"text-align: justify\">Guillaume Bonnel d\u00e9marre ses \u00e9tudes par une 1<sup>\u00e8re<\/sup> ann\u00e9e de PACES \u00e0 Cr\u00e9teil, \u00e0 l\u2019issue de laquelle il choisit d\u00e9lib\u00e9r\u00e9ment le m\u00e9tier de pharmacien, puis il entre en 2<sup>\u00e8me<\/sup> ann\u00e9e, \u00e0 la fac de pharmacie de Ch\u00e2tenay-Malabry. Apr\u00e8s avoir entendu parl\u00e9 du m\u00e9tier de pharmacien chez les sapeurs-pompiers, il se rapproche de la Brigade des sapeurs pompiers de Paris afin d\u2019obtenir plus d\u2019informations sur le cursus et, c\u2019est sur leur conseil, qu\u2019il contacte le SDIS de Seine et Marne. Invit\u00e9 par la pharmacienne cheffe de la PUI, il participe \u00e0 un \u00e9change enrichissant. \u00ab\u00a0<em>C\u2019\u00e9tait une v\u00e9ritable discussion, elle m\u2019a pr\u00e9sent\u00e9 le d\u00e9partement, les diff\u00e9rents parcours<\/em>. <em>A l\u2019issue de notre rencontre, elle m\u2019a inform\u00e9 de sa recherche en volontaires. Nous \u00e9tions en juillet 2016. Je me suis accord\u00e9 un temps de r\u00e9flexion avant de signer un contrat fin 2016<\/em>. <em>J\u2019\u00e9tais alors \u00e9tudiant en 3<sup>\u00e8me<\/sup> ann\u00e9e de pharmacie, il a fallu trouver un accord avec la fac. Ce ne fut pas sans mal\u00bb, <\/em>pr\u00e9cise Guillaume Bonnel<em>.<\/em> Arriv\u00e9 au choix de l\u2019externat de pharmacie, il choisi l\u2019h\u00f4pital d\u2019instruction des arm\u00e9es Percy \u00e0 Clamart. Tr\u00e8s conciliant sur cette vocation, ils lui ont accord\u00e9 un jour par semaine chez les pompiers, en accord avec la fac et le pharmacien chef. Guillaume Bonnel va ensuite suivre une ann\u00e9e d\u2019alternance pour effectuer un master en affaires r\u00e9glementaires des industries de sant\u00e9. La pharmacienne responsable du laboratoire, membre de l\u2019EPRUS (Etablissement de Pr\u00e9paration et de R\u00e9ponse aux Urgences Sanitaires) comprenait tr\u00e8s bien son engagement. <em>\u00ab\u00a0Mon alternance \u00e0 pr\u00e9sent termin\u00e9e, j\u2019ai pris 6 mois de pause pour r\u00e9diger une th\u00e8se sur la prise en charge des br\u00fbl\u00e9s, avec la pharmacienne en chef St\u00e9phanie Chaubet comme directrice de th\u00e8se\u00a0\u00bb.<\/em><\/p>\n<p style=\"text-align: justify\"><strong>Naissance d\u2019une motivation<\/strong><\/p>\n<p style=\"text-align: justify\">En 2<sup>\u00e8me<\/sup> ann\u00e9e de pharmacie, \u00e9tant alors membre de la corpo (une association \u00e9tudiante), Guillaume Bonnel participe \u00e0 une assembl\u00e9e g\u00e9n\u00e9rale \u00e0 Lyon qui r\u00e9unit les \u00e9tudiants membres des corpo de toutes les facs de pharmacie de France. Lors de cette assembl\u00e9e g\u00e9n\u00e9rale, un \u00e9tudiant pharmacien de l\u2019\u00e9cole de sant\u00e9 des arm\u00e9es de Bron pr\u00e9sente le m\u00e9tier de pharmacien militaire. \u00ab\u00a0<em>J\u2019ai trouv\u00e9 cela vraiment int\u00e9ressant<\/em> <em>mais je me suis rendu compte que la passerelle entre le m\u00e9tier de pharmacien civil et celui de pharmacien militaire n\u2019\u00e9tait pas possible\u00a0; \u00e0 la fin de sa pr\u00e9sentation, il \u00e9voque le m\u00e9tier de pharmacien de sapeurs-pompiers.<\/em> <em>A ce moment, \u00e7a a \u00e9t\u00e9 le d\u00e9clic<\/em>\u00a0\u00bb, affirme t-il.<\/p>\n<p style=\"text-align: justify\"><strong>Ses fonctions<\/strong><\/p>\n<p style=\"text-align: justify\">Quand Guillaume Bonnel int\u00e8gre les sapeurs-pompiers en 2016, aucun grade ni statut n\u2019existent pour les \u00e9tudiants en pharmacie. \u00ab\u00a0<em>J\u2019ai \u00e9t\u00e9 nomm\u00e9 Expert SSSM, un statut qui englobe toutes les qualifications m\u00e9dicales particuli\u00e8res. Pendant 3 ans j\u2019ai eu ce statut jusqu\u2019\u00e0 ce que je sois nomm\u00e9 pharmacien lieutenant en novembre dernier\u00bb, <\/em>nous confie t-il.<\/p>\n<p style=\"text-align: justify\"><strong>Ses partenaires du SDIS<\/strong><\/p>\n<p style=\"text-align: justify\">Pour Guillaume Bonnel, ses vrais tuteurs sont les pharmaciens qui lui apprennent le cot\u00e9 pharmaceutique, la gestion d\u2019une pharmacie, puis les logisticiens et les PATS (le personnel administratif, technique ou sp\u00e9cialis\u00e9) qui assurent l\u2019approvisionnement du mat\u00e9riels SUAP pour les casernes. Quant aux techniciens bio-m\u00e9dicaux, (anciens de la BSPP), ce sont les sp\u00e9cialistes du mat\u00e9riel \u00e9lectronique, et du mat\u00e9riel de secours comme les d\u00e9fibrillateurs, les \u00e9chographes<em>. \u00ab\u00a0Chacun a une qualification et un parcours atypiques. Pour moi, en tant qu\u2019apprenti, c\u2019est vraiment b\u00e9n\u00e9fique, l\u2019un m\u2019apprend la gestion de la pharmacie, comment tenir une PUI ; l\u2019autre me transmet plut\u00f4t des missions sur le fonctionnement au sein du d\u00e9partement.<\/em> <em>Plus que des coll\u00e8gues ce sont des amis, ce sont des gens qui m\u2019ont appris beaucoup pendant mes \u00e9tudes, c\u2019est gr\u00e2ce \u00e0 eux que j\u2019ai valid\u00e9 mes mati\u00e8res<\/em>\u00a0\u00bb, compl\u00e8te t-il.<\/p>\n<p style=\"text-align: justify\"><strong>Une participation marquante<\/strong><\/p>\n<p style=\"text-align: justify\">La pharmacienne cheffe et le pharmacien g\u00e9rant avaient pour consigne de cr\u00e9er une base d\u2019h\u00e9licopt\u00e8re, \u00e0 Melun pour d\u00e9localiser l\u2019h\u00e9licopt\u00e8re de la s\u00e9curit\u00e9 civile alors bas\u00e9 \u00e0 Issy les Moulineaux. L\u2019h\u00e9licopt\u00e8re m\u00e9dicalis\u00e9 est un moyen d\u2019acheminer les victimes des zones de la grande couronne jusqu\u2019aux centres hospitaliers parisiens. \u00ab\u00a0<em>J\u2019ai pu participer l\u2019an dernier, une r\u00e9serve d\u2019approche cons\u00e9quente devait \u00eatre cr\u00e9\u00e9e ; ce fut un travail consid\u00e9rable. M\u00eame si malheureusement aujourd\u2019hui la base a \u00e9t\u00e9 repris par le SAMU, la cr\u00e9ation en elle-m\u00eame de la PUI a \u00e9t\u00e9 r\u00e9alis\u00e9e par l\u2019\u00e9quipe de la PUI du SDIS 77, c\u2019\u00e9tait pouvoir cr\u00e9er quelque chose en partant de rien \u00bb, <\/em>annonce fi\u00e8rement Guillaume Bonnel<em>. <\/em>Cette ann\u00e9e, la pharmacienne cheffe lui a confi\u00e9 comme mission de l\u2019aider dans la mise en place des man\u0153uvres pour ce qui est des risques attentats avec le risque NRBC (Nucl\u00e9aire ,Radiologique, Biologique, Chimique).<\/p>\n<p style=\"text-align: justify\"><strong>La richesse de la fonction<\/strong><\/p>\n<p><img loading=\"lazy\" decoding=\"async\" class=\"alignnone size-full wp-image-2566\" src=\"http:\/\/www.kananas.com\/monassociation2118\/wp-content\/uploads\/sites\/597\/2018\/12\/Grades-aspirants.png\" alt=\"\" width=\"401\" height=\"196\" srcset=\"https:\/\/www.kananas.com\/monassociation2118\/wp-content\/uploads\/sites\/597\/2018\/12\/Grades-aspirants.png 401w, https:\/\/www.kananas.com\/monassociation2118\/wp-content\/uploads\/sites\/597\/2018\/12\/Grades-aspirants-300x147.png 300w\" sizes=\"auto, (max-width: 401px) 100vw, 401px\" \/><\/p>\n<p style=\"text-align: justify\">Pour Guillaume Bonnel, le SDIS est une coupure avec le quotidien, un endroit o\u00f9 l\u2019on a plaisir d\u2019aller. Il affirme avoir choisi cette fonction\u00a0 aussi bien pour la diversit\u00e9 des missions que pour l\u2019ambiance que r\u00e8gne au sein du SDIS.\u00ab\u00a0<em>La PUI c\u2019est un petit cocon o\u00f9 l\u2019on commence par un moment de d\u00e9tente puis chacun vogue \u00e0 ses missions. C\u2019est un endroit o\u00f9 l\u2019on est content de donner de son temps, le SDIS nous apprend tellement gr\u00e2ce \u00e0 ses \u00e9changes, c\u2019est chaque fois un plaisir\u00bb, <\/em>pr\u00e9cise t-il.<\/p>\n<p style=\"text-align: justify\"><strong>Ses projets<\/strong><\/p>\n<p style=\"text-align: justify\">La pr\u00e9occupation premi\u00e8re de Guillaume Bonnel est tout d\u2019abord de passer la th\u00e8se \u00ab\u00a0<em>Ce sera le moyen de faire \u00e9voluer mon statut et ne plus \u00eatre le b\u00e9b\u00e9 pharmacien\u00a0\u00bb. La validation de mon dipl\u00f4me me permettra d\u2019assurer v\u00e9ritablement les missions confi\u00e9es au pharmacien comme la d\u00e9livrance des stup\u00e9fiants<\/em>, <em>c\u2019est ce qui me tient \u00e0 c\u0153ur<\/em>.<em> Jusqu\u2019\u00e0 pr\u00e9sent, j\u2019ai exerc\u00e9 la fonction de pharmacien lieutenant sous la protection de mes tuteurs, qui depuis 4 ann\u00e9es me font confiance\u00a0\u00bb, <\/em>conclut-il.<\/p>\n<p>&nbsp;<\/p>\n<p style=\"text-align: justify\"><em><strong>Texte :<\/strong> Anne LEBLON, r\u00e9dactrice<\/em><\/p>\n<p style=\"text-align: justify\"><em>.<\/em><\/p>\n<p style=\"text-align: justify\">\n","protected":false},"excerpt":{"rendered":"<p>Les \u00e9tudiants et internes en pharmacie b\u00e9n\u00e9ficient d\u00e9sormais d\u2019un statut chez les sapeurs-pompiers, puisqu\u2019ils peuvent \u00eatre engag\u00e9s avant l\u2019obtention du dipl\u00f4me de docteur en pharmacie. Guillaume Bonnel, lieutenant chez les pharmaciens sapeurs pompiers du SDIS de Seine et Marne, nous&hellip; <\/p>\n","protected":false},"author":613,"featured_media":2575,"comment_status":"closed","ping_status":"open","sticky":false,"template":"","format":"standard","meta":{"_crdt_document":"","footnotes":""},"categories":[3,1,81,25,26],"tags":[],"class_list":["post-2565","post","type-post","status-publish","format-standard","has-post-thumbnail","hentry","category-article-hp","category-non-classe","category-portraits","category-publication","category-tous-les-articles"],"_links":{"self":[{"href":"https:\/\/www.kananas.com\/monassociation2118\/wp-json\/wp\/v2\/posts\/2565","targetHints":{"allow":["GET"]}}],"collection":[{"href":"https:\/\/www.kananas.com\/monassociation2118\/wp-json\/wp\/v2\/posts"}],"about":[{"href":"https:\/\/www.kananas.com\/monassociation2118\/wp-json\/wp\/v2\/types\/post"}],"author":[{"embeddable":true,"href":"https:\/\/www.kananas.com\/monassociation2118\/wp-json\/wp\/v2\/users\/613"}],"replies":[{"embeddable":true,"href":"https:\/\/www.kananas.com\/monassociation2118\/wp-json\/wp\/v2\/comments?post=2565"}],"version-history":[{"count":2,"href":"https:\/\/www.kananas.com\/monassociation2118\/wp-json\/wp\/v2\/posts\/2565\/revisions"}],"predecessor-version":[{"id":2577,"href":"https:\/\/www.kananas.com\/monassociation2118\/wp-json\/wp\/v2\/posts\/2565\/revisions\/2577"}],"wp:featuredmedia":[{"embeddable":true,"href":"https:\/\/www.kananas.com\/monassociation2118\/wp-json\/wp\/v2\/media\/2575"}],"wp:attachment":[{"href":"https:\/\/www.kananas.com\/monassociation2118\/wp-json\/wp\/v2\/media?parent=2565"}],"wp:term":[{"taxonomy":"category","embeddable":true,"href":"https:\/\/www.kananas.com\/monassociation2118\/wp-json\/wp\/v2\/categories?post=2565"},{"taxonomy":"post_tag","embeddable":true,"href":"https:\/\/www.kananas.com\/monassociation2118\/wp-json\/wp\/v2\/tags?post=2565"}],"curies":[{"name":"wp","href":"https:\/\/api.w.org\/{rel}","templated":true}]}}