{"id":2593,"date":"2019-08-15T15:22:41","date_gmt":"2019-08-15T13:22:41","guid":{"rendered":"http:\/\/www.kananas.com\/monassociation2118\/?p=2593"},"modified":"2019-08-15T15:23:33","modified_gmt":"2019-08-15T13:23:33","slug":"newsletter-5","status":"publish","type":"post","link":"https:\/\/www.kananas.com\/monassociation2118\/2019\/08\/15\/newsletter-5\/","title":{"rendered":"Newsletter #5 &#8211; Ao\u00fbt 2019"},"content":{"rendered":"<p>&nbsp;<\/p>\n<div class=\"m_8394639718372226771content\">\n<table style=\"height: 280px\">\n<tbody>\n<tr style=\"height: 199px\">\n<td style=\"width: 130.25px;height: 199px\"><span style=\"color: #550055\"><img decoding=\"async\" style=\"width: 120px;height: 96px\" src=\"http:\/\/www.kananas.com\/monassociation2118\/wp-content\/uploads\/sites\/597\/2018\/04\/RCccQTGLWHbw669XDkNk58GYVZ8-1.png\" alt=\"\" width=\"120\" \/> \u00a0 \u00a0 \u00a0 \u00a0 \u00a0<\/span><\/td>\n<td style=\"width: 345.25px;height: 199px\">\n<h1 style=\"margin: 0px;padding: 0px;border: 0px;text-align: center;color: #1b1e1f;line-height: 42px;font-family: Ubuntu,sans-serif;font-size: 36px;font-weight: normal;vertical-align: baseline\"><span style=\"font-family: tahoma,geneva,sans-serif\"><span style=\"color: #99b814\"><span style=\"font-size: 28px\"><strong>La Plume verte<br \/>\nd&rsquo;ALPHASIS<\/strong><\/span><\/span><\/span><\/h1>\n<p>&nbsp;<\/p>\n<h2 id=\"m_8394639718372226771site-description\" style=\"margin: 5px 0px 0px;padding: 0px;border: 0px;color: #999999;line-height: 30px;font-family: helvetica, sans-serif;font-weight: 200;vertical-align: baseline;max-width: 480px;font-size: 28px !important;text-align: center\"><span style=\"color: #550055\"><span style=\"font-size: 18pt\">Newsletter associative<\/span> \u00a0\u00a0 <\/span><\/h2>\n<\/td>\n<td style=\"width: 195.25px;height: 199px\" align=\"right\">\n<h6 class=\"m_8394639718372226771collapse\">\u00a0 \u00a0 \u00a0 \u00a0 \u00a0 \u00a0 \u00a0 \u00a0 \u00a0 \u00a0 \u00a0 \u00a0 \u00a0 \u00a0 \u00a0 \u00a0 \u00a0 \u00a0 \u00a0\u00a0 <a href=\"http:\/\/www.kananas.com\/monassociation2118\/\"><span style=\"color: #550055\"><img decoding=\"async\" class=\"aligncenter\" style=\"width: 158px;height: 158px;float: right\" src=\"http:\/\/www.kananas.com\/monassociation2118\/wp-content\/uploads\/sites\/597\/2018\/03\/favicon.png\" width=\"120\" \/><\/span><\/a><\/h6>\n<\/td>\n<\/tr>\n<tr style=\"height: 10px\">\n<td style=\"width: 130.25px;height: 10px\"><span style=\"color: #550055\">\u00a0<\/span><\/td>\n<td style=\"width: 345.25px;height: 10px\"><span style=\"color: #550055\">\u00a0<\/span><\/td>\n<td style=\"text-align: right;width: 195.25px;height: 10px\"><span style=\"font-size: 14px;font-family: helvetica, arial, sans-serif\"><span style=\"color: #550055\"><span style=\"float: none;background-color: transparent;color: #222222;font-style: normal;font-variant: normal;font-weight: 400;letter-spacing: normal;text-align: left;text-decoration: none;text-indent: 0px\">Newsletter #005\u00a0Ao\u00fbt\u00a0<\/span>2019<\/span><\/span><\/td>\n<\/tr>\n<\/tbody>\n<\/table>\n<\/div>\n<table class=\"m_8394639718372226771body-wrap\" style=\"height: 3200px\">\n<tbody>\n<tr>\n<td class=\"m_8394639718372226771container\" style=\"width: 763.409px\" align=\"\" bgcolor=\"#ffffff\">\n<div class=\"m_8394639718372226771content\">\n<div class=\"m_8394639718372226771content\">\n<hr \/>\n<h1><strong><span style=\"font-size: 22px\">Universit\u00e9s d\u2019ALPHASIS 2019<\/span><\/strong><\/h1>\n<p><strong><span style=\"font-size: 14pt\"><span style=\"color: #99b814\">Save the date !<\/span><\/span><\/strong><\/p>\n<p><span style=\"font-size: 16px\">Les prochaines Universit\u00e9s 2019 auront lieu \u00e0 Besan\u00e7on le <strong>14 novembre d\u00e8s 13H30 jusqu\u2019au 15 novembre 15H \u00e0 la Chambre de Commerce et d\u2019Industrie de Besan\u00e7on<\/strong>.<br \/>\nElles sont organis\u00e9es cette ann\u00e9e par nos coll\u00e8gues m\u00e9decins de l\u2019<strong>ANAMNESIS<\/strong>.<br \/>\nDe par la situation g\u00e9ographique, le fil rouge de ces rencontres sera la <strong>transfrontalit\u00e9<\/strong>.<br \/>\nNous accueillerons des conf\u00e9renciers de nationalit\u00e9 <em>belge<\/em>, <em>luxembourgeoise<\/em> et <em>suisse<\/em> dont des pharmaciens exer\u00e7ant au sein des sapeurs-pompiers. <\/span><\/p>\n<p><span style=\"font-size: 16px\">Les th\u00e9matiques abord\u00e9es au cours de notre journ\u00e9e confraternelle du jeudi seront : \u00a0<img decoding=\"async\" style=\"width: 200px;height: 291px;float: left;margin: 10px 20px\" src=\"http:\/\/www.kananas.com\/monassociation2118\/wp-content\/uploads\/sites\/597\/2019\/08\/Affiche-2019.jpg\" alt=\"\" \/><\/span><\/p>\n<ul>\n<li><span style=\"font-size: 16px\"><strong>Environnement et risque infectieux : Quid des VSAV ?<\/strong><em> (C\u00e9line BOUVIER-SLEKOVEC) \u00a0<\/em><\/span><\/li>\n<li><span style=\"font-size: 16px\"><strong>Pharmacie clinique au sein d\u2019un SIS : exemple du BMPM<\/strong> <em>(Patrick DESBROSSES &amp;\u00a0Jean- Louis GAST\u00c9) \u00a0<\/em><\/span><\/li>\n<li><span style=\"font-size: 16px\"><strong>Pr\u00e9sentation d\u2019un outil visant \u00e0 caract\u00e9riser le risque biologique par les primo-intervenants<\/strong> <em>(St\u00e9phane GALY &amp; Diane BORSELLI) <\/em><\/span><\/li>\n<li><span style=\"font-size: 16px\"><strong>Actualit\u00e9s r\u00e9glementaires et f\u00e9d\u00e9rales impactant les PUI de SDIS <\/strong><em>(St\u00e9phane LAFOND &amp;\u00a0V\u00e9ronique SOUBELET) <\/em><\/span><\/li>\n<\/ul>\n<p><span style=\"font-size: 16px\">Il sera propos\u00e9 le jeudi soir la visite du mus\u00e9e des Beaux-Arts et d&rsquo;arch\u00e9ologie de Besan\u00e7on avant de d\u00eener avec nos coll\u00e8gues m\u00e9decins et v\u00e9t\u00e9rinaires.<\/span><\/p>\n<p><span style=\"font-size: 16px\">Le vendredi matin sera consacr\u00e9 \u00e0 une s\u00e9rie d&rsquo;inteventions visant \u00e0 pr\u00e9senter l&rsquo;organisation des secours \u00e0 travers l&rsquo;Europe, dont le r\u00f4le des pharmaciens.<\/span><\/p>\n<p><span style=\"color: #ff0000\"><span style=\"font-size: 16px\"><strong>A noter que notre assembl\u00e9e g\u00e9n\u00e9rale se tiendra exceptionnellement vendredi 15 novembre de 13H30 \u00e0 15H<\/strong>. <\/span><\/span><span style=\"font-size: 16px\"><span style=\"font-size: 16px\">Nous en profiterons pour remettre le Prix ALPHASIS 2019.<\/span><\/span><\/p>\n<p><span style=\"font-size: 16px\"><strong>Tous les d\u00e9tails de cette manifestation associative vous seront communiqu\u00e9s \u00e0 la rentr\u00e9e<\/strong>. Le formulaire d\u2019inscription est disponible <a href=\"http:\/\/www.kananas.com\/monassociation2118\/2019\/01\/22\/universites2019\/\">sur ce lien<\/a>.<\/span><\/p>\n<\/div>\n<\/div>\n<\/td>\n<\/tr>\n<tr>\n<td style=\"width: 763.409px\">\n<hr \/>\n<h1><strong><span style=\"font-size: 22px\">\u00c9lections partielles au Conseil d\u2019administration ALPHASIS<\/span><\/strong><\/h1>\n<p>&nbsp;<\/p>\n<h3><img decoding=\"async\" style=\"font-weight: 400;font-size: 16px;width: 200px;height: 137px;float: left;margin-left: 10px;margin-right: 10px\" src=\"http:\/\/www.kananas.com\/monassociation2118\/wp-content\/uploads\/sites\/597\/2019\/08\/votecomputer.jpg\" alt=\"\" \/><\/h3>\n<div><\/div>\n<div><\/div>\n<div><span style=\"font-size: 16px\">En vue de notre future assembl\u00e9e g\u00e9n\u00e9rale, nous proc\u00e9derons \u00e0 une \u00e9lection partielle afin de pourvoir \u00e0 <\/span><span style=\"font-size: 16px\">trois postes de membre du Conseil d\u2019administration en remplacement de trois confr\u00e8res appel\u00e9s \u00e0 d\u2019autres fonctions et activit\u00e9s (Emmanuelle ALAVOINE, C\u00e9line FONDER et Denis PILLETTE).<\/span><\/div>\n<div><\/div>\n<p><span style=\"font-size: 16px\">Les pharmaciens pompiers professionnels, volontaires et militaires \u00e0 jour de leur cotisation peuvent candidater pour \u00eatre membres du CA . <\/span><\/p>\n<p><span style=\"font-size: 16px\">Les modalit\u00e9s de ce scrutin vous seront d\u00e9taill\u00e9es d\u00e8s la rentr\u00e9e !<\/span><\/td>\n<\/tr>\n<tr>\n<td style=\"width: 763.409px\">\n<hr \/>\n<h1><strong><span style=\"font-size: 22px\">Prix ALPHASIS 2019 : d\u00e9p\u00f4t des candidatures jusqu\u2019au 15 septembre 2019<\/span><\/strong><\/h1>\n<p>&nbsp;<\/p>\n<p><img decoding=\"async\" style=\"width: 200px;height: 267px;float: left;margin: 10px 20px\" src=\"http:\/\/www.kananas.com\/monassociation2118\/wp-content\/uploads\/sites\/597\/2019\/03\/Trophee-2019.jpg\" alt=\"\" \/><\/p>\n<p><span style=\"font-size: 16px\">Le prix ALPHASIS est un prix annuel destin\u00e9 \u00e0 mettre \u00e0 l\u2019honneur et r\u00e9compenser un pharmacien de sapeurs- pompiers professionnel, volontaire ou militaire : <\/span><\/p>\n<ul>\n<li><span style=\"font-size: 16px\">s\u2019\u00e9tant particuli\u00e8rement distingu\u00e9 au cours d\u2019une mission fonctionnelle, op\u00e9rationnelle ou formative, <\/span><\/li>\n<li><span style=\"font-size: 16px\">ou ayant fait preuve d\u2019engagement particulier dans le rayonnement de la pharmacie d\u2019un SIS ou dans la valorisation de la fonction de pharmacien de sapeurs-pompiers. <\/span><\/li>\n<\/ul>\n<p><span style=\"font-size: 16px\">Rentrent \u00e9galement dans le champ d\u2019action de ce Prix les expertises dans un domaine particulier ou les travaux de recherche, les \u00e9tudes ou les publications en lien avec les missions du pharmacien de sapeurs-pompiers. <\/span><\/p>\n<p><span style=\"font-size: 16px\">Important : les actions r\u00e9compens\u00e9es pour l\u2019obtention du Prix 2019 sont celles r\u00e9alis\u00e9es au cours de l\u2019ann\u00e9e civile 2018. <\/span><\/p>\n<p><span style=\"font-size: 16px\">L\u2019an pass\u00e9, c\u2019est notre confr\u00e8re <strong>Laurent TEMPELHOFF<\/strong> (SDIS 971) qui fut laur\u00e9at du Prix 2018 gr\u00e2ce \u00e0 son implication extraordinaire dans la temp\u00eate IRMA en septembre 2017 (<a href=\"https:\/\/drive.google.com\/file\/d\/1MkZwMdp7hkgOKj0Xzi__izrsbQasrRax\/view\">pr\u00e9sentation consultable ici<\/a>). <\/span><\/p>\n<p><span style=\"font-size: 16px\">Pour plus d\u2019informations, rendez-vous sur le site internet ALPHASIS ou consultez le r\u00e8glement 2019 en suivant <a href=\"https:\/\/drive.google.com\/file\/d\/1OV7n_aI8kRUxxkb4hJszwcV3Y4W6Lw_o\/view\">ce lien<\/a>.\u00a0<\/span><\/p>\n<p>&nbsp;<\/p>\n<p><span style=\"font-size: 16px\">N\u2019h\u00e9sitez pas \u00e0 d\u00e9poser un dossier de candidature pour vous-m\u00eame ou l\u2019un de vos confr\u00e8res ! <strong>La date limite de d\u00e9p\u00f4t des candidatures est fix\u00e9e au 15 septembre 2019.<\/strong><\/span><\/td>\n<\/tr>\n<tr>\n<td style=\"width: 763.409px\">\n<h1><strong><span style=\"font-size: 22px\">Formations dipl\u00f4mantes int\u00e9ressant le pharmacien de sapeurs-pompiers\u00a0<\/span><\/strong><\/h1>\n<p>&nbsp;<\/p>\n<p><img decoding=\"async\" style=\"width: 200px;height: 172px;margin-left: 10px;margin-right: 10px;float: left\" src=\"http:\/\/www.kananas.com\/monassociation2118\/wp-content\/uploads\/sites\/597\/2019\/08\/Fotolia_1248309_XS.jpg\" alt=\"\" \/><\/p>\n<p><span style=\"font-size: 16px\">Vous trouverez sur le site d\u2019ALPHASIS une <\/span><a style=\"font-size: 16px\" href=\"http:\/\/www.kananas.com\/monassociation2118\/formations\/\">liste des formations dipl\u00f4mantes<\/a><span style=\"font-size: 16px\"> adapt\u00e9es pour le pharmacien de sapeurs-pompiers dans les domaines de :<\/span><\/p>\n<ul>\n<li><span style=\"font-size: 16px\">L\u2019hygi\u00e8ne <\/span><\/li>\n<li><span style=\"font-size: 16px\">Le NRBC <\/span><\/li>\n<li><span style=\"font-size: 16px\">La toxicologie m\u00e9dicale <\/span><\/li>\n<li><span style=\"font-size: 16px\">La m\u00e9decine de catastrophe <\/span><\/li>\n<\/ul>\n<p><strong><span style=\"font-size: 16px\">N\u2019h\u00e9sitez pas \u00e0 nous faire remonter d\u2019autres formations dont vous auriez connaissance afin d\u2019enrichir le catalogue !<\/span><\/strong><\/td>\n<\/tr>\n<tr>\n<td style=\"width: 763.409px\">\n<hr \/>\n<h1><span style=\"font-size: 18pt;font-family: helvetica, arial, sans-serif\"><strong><span style=\"font-size: 22px\">Portraits d\u2019Adh\u00e9rent<\/span><\/strong><br \/>\n<img decoding=\"async\" style=\"width: 200px;height: 166px;float: left\" src=\"http:\/\/www.kananas.com\/monassociation2118\/wp-content\/uploads\/sites\/597\/2019\/08\/people-icon-man-portrait-icon-cartoon-vector.jpg\" alt=\"\" \/><\/span><\/h1>\n<p><span style=\"font-size: 16px\">Retrouvez ce mois-ci l&rsquo;interview de <a href=\"http:\/\/www.kananas.com\/monassociation2118\/2019\/07\/24\/galy\/\">St\u00e9phane GALY<\/a>, pharmacien encadrant \u00e0 l&rsquo;ENSOSP d\u00e9filant le 14 juillet 2019 sur les Champs-\u00c9lys\u00e9es ainsi que celle de <a href=\"http:\/\/www.kananas.com\/monassociation2118\/2019\/08\/10\/guillaume-bonnel-pharmacien-lieutenant-au-sdis-de-seine-et-marne\/\">Guillaume BONNEL<\/a>, pharmacien lieutenant au SDIS 77.<\/span><\/td>\n<\/tr>\n<tr>\n<td style=\"width: 763.409px\">\n<hr \/>\n<h1 class=\"m_-8772075040504746310MsoPlainText\"><strong><span style=\"font-size: 22px\"><span style=\"font-family: helvetica, arial, sans-serif\">Ils nous ont rejoints, bienvenue !<\/span><\/span><\/strong><\/h1>\n<ul>\n<li class=\"m_-8772075040504746310MsoPlainText\"><span style=\"font-size: 16px\">BURTIN Herv\u00e9 SDIS 89 PHARMACIEN VOLONTAIRE <\/span><\/li>\n<li class=\"m_-8772075040504746310MsoPlainText\"><span style=\"font-size: 16px\">ZELL-VAILLANT Philippe SDIS 77 PHARMACIEN PROFESSIONNEL <\/span><\/li>\n<li class=\"m_-8772075040504746310MsoPlainText\"><span style=\"font-size: 16px\">MORTEL Nicolas SDIS 13 PREPARATEUR CONTRACTUEL <\/span><\/li>\n<li class=\"m_-8772075040504746310MsoPlainText\"><span style=\"font-size: 16px\">GHYS Wilfrid SDIS 15 PHARMACIEN CONTRACTUEL <\/span><\/li>\n<li class=\"m_-8772075040504746310MsoPlainText\"><span style=\"font-size: 16px\">VAUCOIS H\u00e9l\u00e8ne SIDS 08 PHARMACIEN PROFESSIONNEL <\/span><\/li>\n<li class=\"m_-8772075040504746310MsoPlainText\"><span style=\"font-size: 16px\">DOUCET Mireille SDIS 06 PREPARATEUR CONTRACTUEL <\/span><\/li>\n<li class=\"m_-8772075040504746310MsoPlainText\"><span style=\"font-size: 16px\">BERTRAND Jessica SDIS 82 PHARMACIEN VOLONTAIRE <\/span><\/li>\n<li class=\"m_-8772075040504746310MsoPlainText\"><span style=\"font-size: 16px\">PICARD Alexandra SDIS 30 PHARMACIEN PROFESSIONNEL <\/span><\/li>\n<li class=\"m_-8772075040504746310MsoPlainText\"><span style=\"font-size: 16px\">LOPEZ Jean-Michel SDIS 12 PHARMACIEN VOLONTAIRE <\/span><\/li>\n<li class=\"m_-8772075040504746310MsoPlainText\"><span style=\"font-size: 16px\">FOUCAULT C\u00e9cile SDIS 03 PHARMACIEN CONTRACTUEL <\/span><\/li>\n<li class=\"m_-8772075040504746310MsoPlainText\"><span style=\"font-size: 16px\">GUYOT Antoine SDIS 53 PHARMACIEN VOLONTAIRE <\/span><\/li>\n<li class=\"m_-8772075040504746310MsoPlainText\"><span style=\"font-size: 16px\">PASCUITO Marion SDIS 84 PREPARATEUR CONTRACTUEL <\/span><\/li>\n<li class=\"m_-8772075040504746310MsoPlainText\"><span style=\"font-size: 16px\">ROMANINI Patricia SDIS 29 PHARMACIEN CONTRACTUEL <\/span><\/li>\n<li class=\"m_-8772075040504746310MsoPlainText\"><span style=\"font-size: 16px\">DENIS Roland SDIS 16 PHARMACIEN VOLONTAIRE<\/span><\/li>\n<\/ul>\n<p class=\"m_-8772075040504746310MsoPlainText\"><span style=\"font-size: 16px\"><span style=\"font-size: 16px\">L&rsquo;annuaire complet des alphasiens <a href=\"http:\/\/www.kananas.com\/monassociation2118\/2018\/04\/26\/demandez-le-mot-de-passe-a-alphasis-associationgmail-com\/\">est consultable ici<\/a> muni du mot de passe.<\/span><\/span><\/p>\n<\/td>\n<\/tr>\n<tr>\n<td style=\"width: 763.409px\">\n<hr \/>\n<h1><strong><span style=\"font-size: 22px\"><span style=\"color: #ff0000\">Derni\u00e8re Minute !<\/span><\/span><\/strong><\/h1>\n<p><span style=\"font-size: 16px\">Le recours et les courriers interassociatifs contre les modalit\u00e9s du concours de pharmacien de sapeurs- pompiers semblent avoir en partie port\u00e9s ses fruits : <\/span><\/p>\n<ul>\n<li><span style=\"font-size: 16px\">Nous avons obtenu la promesse d\u2019un futur concours 2020 sans obligation de d\u00e9tention du D.E.S. pour les pharmaciens n\u00e9anmoins autoris\u00e9s \u00e0 exercer en PUI.\u00a0<\/span><\/li>\n<li><span style=\"font-size: 16px\">Certains confr\u00e8res contractuels ont appris qu\u2019ils allaient \u00eatre int\u00e9gr\u00e9s prochainement au cadre d\u2019emploi des pharmaciens de sapeurs-pompiers professionnels sous r\u00e9serve de suivre la formation \u00e0 l\u2019ENSOSP. <\/span><\/li>\n<\/ul>\n<p><span style=\"font-size: 16px\">Malheureusement, d\u2019autres confr\u00e8res ont re\u00e7u des refus d&rsquo;admissibilit\u00e9 pour le concours 2019 de PSPP. <strong>Merci de nous faire parvenir vos refus et acceptations si cela n\u2019est pas d\u00e9j\u00e0 fait afin d&rsquo;avoir des \u00e9l\u00e9ments pour notre prochain rendez-vous \u00e0 la DG.<\/strong><\/span><\/td>\n<\/tr>\n<\/tbody>\n<\/table>\n<div>\n<table style=\"height: 201px\" bgcolor=\"\">\n<tbody>\n<tr style=\"height: 201px\">\n<td style=\"height: 201px;width: 598.969px\">\n<hr \/>\n<h1><strong><span style=\"font-size: 22px\"><span style=\"font-family: helvetica, arial, sans-serif\">Restons en contact :<\/span><\/span><\/strong><\/h1>\n<p><span style=\"color: #550055\"><a href=\"https:\/\/www.facebook.com\/groups\/alphasis\/\"><img decoding=\"async\" style=\"width: 100px;height: 100px\" src=\"http:\/\/www.kananas.com\/monassociation2118\/wp-content\/uploads\/sites\/597\/2018\/03\/Facebook_icon.jpg\" alt=\"\" width=\"100\" \/><\/a> \u00a0<img decoding=\"async\" style=\"width: 100px;height: 100px\" src=\"http:\/\/www.kananas.com\/monassociation2118\/wp-content\/uploads\/sites\/597\/2018\/03\/images-4.jpg\" alt=\"\" width=\"100\" \/><\/span><\/td>\n<\/tr>\n<\/tbody>\n<\/table>\n<\/div>\n<p><span style=\"color: #550055\"><img loading=\"lazy\" decoding=\"async\" style=\"height: 1px!important;width: 1px!important;border-width: 0!important;padding: 0!important;margin: 0!important\" src=\"https:\/\/ci6.googleusercontent.com\/proxy\/tk661hSYyDtogeayklDCE2lQqEMWp4LW9GN89hb7m-5V9HrTfhlh2qmrFyx436BmjRfCBYV3ltU7_LV9wnkcwnTOyb-G3An4IluEN1aurupLtYGV20gf_gr_4w5ssLCKr8WlZKKQUT_b2jnhSs1O-smgdh5nncOwes8zeHfs-TRcesQNbRlEavMFKUiyHUip0SkWfJM6ZxRIspXomgrgbsr2yqAcBhf8s2pbC24MobGhlmLetcrn-mDGdu_TC_PSILDDA6iRpOsldt6wFo0PP0cTB_UVER97oLD4RTt2NdQtK1DpnjG_0TLjXtfGrDaUknId5R5J5HA0LRIY1OMiqd-s7rGvaRRkbGy-3UJq7oSZmpVVU-n56ERaCG9a_1_FdTSaGgDrYtiPiYx1mge_eRUwijneMxnY3JM9yY2EPE5OVZaxIo3o578dFHJwaS2zcAFbMLfYc82r6nv6dxeuIdi9fWS1oIC4wQWB3FKPe-zk=s0-d-e1-ft#http:\/\/link.kananas.com\/wf\/open?upn=t7wJq9vFBpX-2BXCvmwMBkBSqxZaw-2FYUdflrKTX1R-2FxPIEUJG3VfPCgsyJmL1UJ-2BC-2BRTZvOpoNsAXwNBSrRHImLaCtETff1FhLFrW8CiEvdfsGH8Ken4E7bYXaRaJ7V3Jtiy-2B7ZsuVYIqbs-2FLMNMJWO8jwGd-2FYNI9Xuw0xoo0MouoYFRxz6Ism1hs2ixsDMua0UjPeqtQW-2BlnKWTKbRbnkIcim1iCkHfmvnGODY80-2F59QwqcLIjLRm9Wgb8o-2BWlwHA10sguN-2B6sDL6emqrnVMg-2BQ-3D-3D\" alt=\"\" width=\"1\" height=\"1\" border=\"0\" \/> <\/span><\/p>\n<div><\/div>\n","protected":false},"excerpt":{"rendered":"<p>&nbsp; \u00a0 \u00a0 \u00a0 \u00a0 \u00a0 La Plume verte d&rsquo;ALPHASIS &nbsp; Newsletter associative \u00a0\u00a0 \u00a0 \u00a0 \u00a0 \u00a0 \u00a0 \u00a0 \u00a0 \u00a0 \u00a0 \u00a0 \u00a0 \u00a0 \u00a0 \u00a0 \u00a0 \u00a0 \u00a0 \u00a0 \u00a0\u00a0 \u00a0 \u00a0 Newsletter #005\u00a0Ao\u00fbt\u00a02019 Universit\u00e9s d\u2019ALPHASIS 2019&hellip; <\/p>\n","protected":false},"author":613,"featured_media":0,"comment_status":"closed","ping_status":"open","sticky":false,"template":"","format":"standard","meta":{"_crdt_document":"","footnotes":""},"categories":[30,1],"tags":[],"class_list":["post-2593","post","type-post","status-publish","format-standard","hentry","category-newsletter","category-non-classe"],"_links":{"self":[{"href":"https:\/\/www.kananas.com\/monassociation2118\/wp-json\/wp\/v2\/posts\/2593","targetHints":{"allow":["GET"]}}],"collection":[{"href":"https:\/\/www.kananas.com\/monassociation2118\/wp-json\/wp\/v2\/posts"}],"about":[{"href":"https:\/\/www.kananas.com\/monassociation2118\/wp-json\/wp\/v2\/types\/post"}],"author":[{"embeddable":true,"href":"https:\/\/www.kananas.com\/monassociation2118\/wp-json\/wp\/v2\/users\/613"}],"replies":[{"embeddable":true,"href":"https:\/\/www.kananas.com\/monassociation2118\/wp-json\/wp\/v2\/comments?post=2593"}],"version-history":[{"count":5,"href":"https:\/\/www.kananas.com\/monassociation2118\/wp-json\/wp\/v2\/posts\/2593\/revisions"}],"predecessor-version":[{"id":2598,"href":"https:\/\/www.kananas.com\/monassociation2118\/wp-json\/wp\/v2\/posts\/2593\/revisions\/2598"}],"wp:attachment":[{"href":"https:\/\/www.kananas.com\/monassociation2118\/wp-json\/wp\/v2\/media?parent=2593"}],"wp:term":[{"taxonomy":"category","embeddable":true,"href":"https:\/\/www.kananas.com\/monassociation2118\/wp-json\/wp\/v2\/categories?post=2593"},{"taxonomy":"post_tag","embeddable":true,"href":"https:\/\/www.kananas.com\/monassociation2118\/wp-json\/wp\/v2\/tags?post=2593"}],"curies":[{"name":"wp","href":"https:\/\/api.w.org\/{rel}","templated":true}]}}