{"id":3117,"date":"2020-05-09T21:53:48","date_gmt":"2020-05-09T19:53:48","guid":{"rendered":"http:\/\/www.kananas.com\/monassociation2118\/?p=3117"},"modified":"2020-05-09T22:41:30","modified_gmt":"2020-05-09T20:41:30","slug":"newsletter7","status":"publish","type":"post","link":"https:\/\/www.kananas.com\/monassociation2118\/2020\/05\/09\/newsletter7\/","title":{"rendered":"Newsletter #7 &#8211; Mai 2020"},"content":{"rendered":"<p>&nbsp;<\/p>\n<div class=\"m_8394639718372226771content\">\n<table style=\"height: 280px\">\n<tbody>\n<tr style=\"height: 199px\">\n<td style=\"width: 130.25px;height: 199px\"><span style=\"color: #550055\" data-darkreader-inline-color=\"\"><img decoding=\"async\" style=\"width: 120px;height: 96px;margin: 10px\" src=\"http:\/\/www.kananas.com\/monassociation2118\/wp-content\/uploads\/sites\/597\/2018\/04\/RCccQTGLWHbw669XDkNk58GYVZ8-1.png\" alt=\"\" \/> \u00a0 \u00a0 \u00a0 \u00a0 \u00a0<\/span><\/td>\n<td style=\"width: 345.25px;height: 199px\">\n<h1 style=\"margin: 0px;padding: 0px;border: 0px;text-align: center;color: #1b1e1f;line-height: 42px;font-family: Ubuntu, sans-serif;font-size: 36px;font-weight: normal;vertical-align: baseline\" data-darkreader-inline-border-bottom=\"\" data-darkreader-inline-border-left=\"\" data-darkreader-inline-border-right=\"\" data-darkreader-inline-border-top=\"\" data-darkreader-inline-color=\"\"><span style=\"font-family: tahoma,geneva,sans-serif\"><span style=\"color: #99b814\" data-darkreader-inline-color=\"\"><span style=\"font-size: 28px\"><strong>La plume verte<br \/>\nd&rsquo;ALPHASIS<\/strong><\/span><\/span><\/span><\/h1>\n<p>&nbsp;<\/p>\n<h2 id=\"m_8394639718372226771site-description\" style=\"margin: 5px 0px 0px;padding: 0px;border: 0px;color: #999999;line-height: 30px;font-family: helvetica, sans-serif;font-weight: 200;vertical-align: baseline;max-width: 480px;text-align: center;font-size: 28px !important\" data-darkreader-inline-border-bottom=\"\" data-darkreader-inline-border-left=\"\" data-darkreader-inline-border-right=\"\" data-darkreader-inline-border-top=\"\" data-darkreader-inline-color=\"\"><span style=\"color: #550055\" data-darkreader-inline-color=\"\"><span style=\"font-size: 18pt\">Newsletter associative<\/span> \u00a0\u00a0 <\/span><\/h2>\n<\/td>\n<td style=\"width: 195.25px;height: 199px\" align=\"right\">\n<h6 class=\"m_8394639718372226771collapse\">\u00a0 \u00a0 \u00a0 \u00a0 \u00a0 \u00a0 \u00a0 \u00a0 \u00a0 \u00a0 \u00a0 \u00a0 \u00a0 \u00a0 \u00a0 \u00a0 \u00a0 \u00a0 \u00a0<a href=\"http:\/\/www.kananas.com\/monassociation2118\/\"><span style=\"color: #550055\" data-darkreader-inline-color=\"\"><img decoding=\"async\" class=\"aligncenter\" style=\"width: 158px;height: 158px;margin: 10px\" src=\"http:\/\/www.kananas.com\/monassociation2118\/wp-content\/uploads\/sites\/597\/2018\/03\/favicon.png\" \/><\/span><\/a><\/h6>\n<\/td>\n<\/tr>\n<tr style=\"height: 10px\">\n<td style=\"width: 130.25px;height: 10px\"><span style=\"color: #550055\" data-darkreader-inline-color=\"\">\u00a0<\/span><\/td>\n<td style=\"width: 345.25px;height: 10px\"><span style=\"color: #550055\" data-darkreader-inline-color=\"\">\u00a0<\/span><\/td>\n<td style=\"text-align: right;width: 195.25px;height: 10px\"><span style=\"font-size: 14px;font-family: helvetica, arial, sans-serif\"><span style=\"color: #550055\" data-darkreader-inline-color=\"\"><span style=\"float: none;background-color: transparent;color: #222222;font-style: normal;font-variant: normal;font-weight: 400;letter-spacing: normal;text-align: left;text-decoration: none;text-indent: 0px\" data-darkreader-inline-bgcolor=\"\" data-darkreader-inline-color=\"\">Newsletter #007\u00a0mai\u00a0<\/span>2020<\/span><\/span><\/td>\n<\/tr>\n<\/tbody>\n<\/table>\n<\/div>\n<p>&nbsp;<\/p>\n<table class=\"m_8394639718372226771body-wrap\" style=\"height: 3200px\">\n<tbody>\n<tr>\n<td class=\"m_8394639718372226771container\" style=\"width: 763.409px\" align=\"\" bgcolor=\"#ffffff\" data-darkreader-inline-bgcolor=\"\">\n<div class=\"m_8394639718372226771content\">\n<div class=\"m_8394639718372226771content\">\n<h1><span style=\"font-size: 22px\"><span style=\"font-family: arial,helvetica,sans-serif\">En pleine crise sanitaire COVID-19<\/span><\/span><\/h1>\n<p><span style=\"font-family: arial,helvetica,sans-serif\"><span style=\"font-size: 16px\">La crise sanitaire du <strong>Covid-19<\/strong> cr\u00e9e une situation in\u00e9dite au niveau national et mondial mais elle g\u00e9n\u00e8re \u00e9galement une actualit\u00e9 particuli\u00e8rement soutenue pour les pharmacies des SIS en ce sens que ces services sont au c\u0153ur des activit\u00e9s de leurs \u00e9tablissements.<\/span><\/span><\/p>\n<p><span style=\"font-family: arial,helvetica,sans-serif\"><span style=\"font-size: 16px\">Les pharmaciens de sapeurs-pompiers sont plus que jamais sollicit\u00e9s :\u00a0<\/span><\/span><\/p>\n<ul>\n<li><span style=\"font-size: 16px;font-family: arial, helvetica, sans-serif\">Des avis techniques aupr\u00e8s des Autorit\u00e9s et des Directions sur des sujets d\u2019\u00e9quipements et de s\u00e9curit\u00e9 des agents, de nettoyage et d\u00e9sinfection aux simples renseignements aupr\u00e8s des CIS.<\/span><\/li>\n<li><span style=\"font-size: 16px;font-family: arial, helvetica, sans-serif\">De l\u2019anticipation et du dimensionnement des r\u00e9assorts d\u2019\u00e9quipements de protection contre le risque infectieux \u00e0 leur mise \u00e0 disposition aupr\u00e8s de chaque CIS selon des process r\u00e9invent\u00e9s et adapt\u00e9s au contexte.<\/span><\/li>\n<li><span style=\"font-size: 16px;font-family: arial, helvetica, sans-serif\">De la veille documentaire des publications nationales, \u00e0 la r\u00e9daction des documents op\u00e9rationnels, ou \u00e0 la relecture \u00e9clair\u00e9e des fiches techniques au sein des SDIS.<\/span><\/li>\n<li><span style=\"font-size: 16px;font-family: arial, helvetica, sans-serif\">Du suivi des r\u00e9approvisionnements dans un contexte de tension nationale, \u00e0 la coordination des produits issus des dons de l\u2019Etat ou des particuliers.<\/span><\/li>\n<\/ul>\n<ul>\n<li><span style=\"font-size: 16px;font-family: arial, helvetica, sans-serif\">Du r\u00e9assort des produits op\u00e9rationnels du quotidien \u00e0 la rationalisation des produits sp\u00e9cifiques mis \u00e0 disposition. <\/span><\/li>\n<\/ul>\n<p><span style=\"font-size: 16px;font-family: arial, helvetica, sans-serif\">Cette crise sanitaire impacte fortement l\u2019activit\u00e9 des pharmacies de SDIS. Elle met en lumi\u00e8re notre savoir-faire en termes de capacit\u00e9 de r\u00e9ponse sanitaire au service des sapeurs-pompiers des CIS.<\/span><\/p>\n<p><span style=\"font-size: 16px;font-family: arial, helvetica, sans-serif\">Elle repousse \u00e9galement les limites d\u2019adaptation des PUI, jusqu\u2019\u00e0 parfois fragiliser les pharmacies lorsque celles-ci sont d\u00e9bord\u00e9es par la multiplicit\u00e9 des demandes, l\u2019\u00e9loignement g\u00e9ographique des entit\u00e9s, le tout parfois sous-tendu par des moyens limit\u00e9s.<\/span><\/p>\n<p><span style=\"font-size: 16px;font-family: arial, helvetica, sans-serif\">ALPHASIS fait la promotion de certaines actions sp\u00e9cifiques mise en \u0153uvre par quelques pharmacies de SDIS, en cette p\u00e9riode de COVID. N\u2019h\u00e9sitez pas \u00e0 nous transmettre toute forme d\u2019action d\u00e9clin\u00e9e au sein de votre d\u00e9partement pour qu\u2019ALPHASIS en soit le relais aupr\u00e8s des adh\u00e9rents. La fabrication de la solution hydro-alcoolique est un exemple de mise en \u0153uvre de comp\u00e9tences des pharmaciens pour pallier une p\u00e9nurie nationale. <\/span><\/p>\n<p><span style=\"font-size: 16px;font-family: arial, helvetica, sans-serif\">Par ailleurs, si vous rencontrez une situation d\u00e9licate dans ce contexte de crise, et que vous avez besoin d\u2019aide sur quelques sujets, prenez contact avec le CA d\u2019ALPAHSIS ou avec la cellule d\u2019\u00e9coute et de soutien (Christine ADAMY n\u00b0 06 63 16 87 96).<\/span><\/p>\n<p><span style=\"font-size: 16px;font-family: arial, helvetica, sans-serif\"><img decoding=\"async\" style=\"width: 350px;height: 232px\" src=\"http:\/\/www.kananas.com\/monassociation2118\/wp-content\/uploads\/sites\/597\/2020\/05\/SHA-5.jpg\" alt=\"\" \/>\u00a0<img decoding=\"async\" class=\"\" style=\"width: 349px;height: 237px\" src=\"http:\/\/www.kananas.com\/monassociation2118\/wp-content\/uploads\/sites\/597\/2020\/05\/SHA-4.jpg\" alt=\"\" \/>\u00a0<img decoding=\"async\" class=\"\" style=\"width: 349px;height: 231px\" src=\"http:\/\/www.kananas.com\/monassociation2118\/wp-content\/uploads\/sites\/597\/2020\/05\/SHA-3.jpg\" alt=\"\" \/>\u00a0<\/span><img decoding=\"async\" class=\"\" style=\"font-family: arial, helvetica, sans-serif;font-size: 16px;height: 235px;width: 350px\" src=\"http:\/\/www.kananas.com\/monassociation2118\/wp-content\/uploads\/sites\/597\/2020\/05\/SHA-2.jpg\" alt=\"\" \/><span style=\"font-family: arial, helvetica, sans-serif;font-size: 16px\">\u00a0<\/span><img decoding=\"async\" style=\"font-family: arial, helvetica, sans-serif;font-size: 16px;width: 350px;height: 232px\" src=\"http:\/\/www.kananas.com\/monassociation2118\/wp-content\/uploads\/sites\/597\/2020\/05\/SHA-1.jpg\" alt=\"\" \/><span style=\"font-family: arial, helvetica, sans-serif;font-size: 16px\">\u00a0<\/span><img decoding=\"async\" style=\"font-family: arial, helvetica, sans-serif;font-size: 16px;width: 350px;height: 232px\" src=\"http:\/\/www.kananas.com\/monassociation2118\/wp-content\/uploads\/sites\/597\/2020\/05\/masques-chirurgicaux-scaled.jpg\" alt=\"\" \/><img decoding=\"async\" style=\"width: 350px;height: 232px\" src=\"http:\/\/www.kananas.com\/monassociation2118\/wp-content\/uploads\/sites\/597\/2020\/05\/kit-risque-infectieux.jpg\" alt=\"\" \/>\u00a0<img decoding=\"async\" style=\"width: 350px;height: 232px\" src=\"http:\/\/www.kananas.com\/monassociation2118\/wp-content\/uploads\/sites\/597\/2020\/05\/anticipation-des-stocks-scaled.jpg\" alt=\"\" \/><img decoding=\"async\" style=\"font-family: arial, helvetica, sans-serif;font-size: 16px;width: 189px;height: 232px\" src=\"http:\/\/www.kananas.com\/monassociation2118\/wp-content\/uploads\/sites\/597\/2020\/05\/pr\u00e9pa-materiel-sanitaire-scaled.jpg\" alt=\"\" \/><\/p>\n<p>&nbsp;<\/p>\n<\/div>\n<\/div>\n<\/td>\n<\/tr>\n<tr>\n<td class=\"m_8394639718372226771container\" style=\"width: 763.409px\" align=\"\" bgcolor=\"#ffffff\" data-darkreader-inline-bgcolor=\"\">\n<h1>Documents relatifs au COVID-19<\/h1>\n<div><span style=\"font-family: arial,helvetica,sans-serif\"><span style=\"font-size: 16px\">Les documents utiles aux pharmaciens sur le COVID-19 ont \u00e9t\u00e9 recens\u00e9s : ils sont propos\u00e9s dans<\/span><\/span><\/div>\n<div><span style=\"font-family: arial,helvetica,sans-serif\"><span style=\"font-size: 16px\">l\u2019onglet \u00a0\u00bb COVID19 \u00ab\u00a0disponible en ligne sur le site internet dans la partie \u00ab <a href=\"http:\/\/www.kananas.com\/monassociation2118\/ressources-documentaires\/\" target=\"_blank\" rel=\"noopener noreferrer\">Ressources documentaires<\/a> \u00bb.<\/span><\/span><\/div>\n<div><\/div>\n<div><span style=\"font-family: arial,helvetica,sans-serif\"><span style=\"font-size: 16px\">Nous vous conseillons \u00e9galement cette <a href=\"https:\/\/www.youtube.com\/watch?v=OCvDDlBD7yk\" target=\"_blank\" rel=\"noopener noreferrer\">s\u00e9ance exceptionnelle de l\u2019Acad\u00e9mie des Sciences<\/a> qui fait le point sur le<\/span><\/span><strong><span style=\"font-family: arial,helvetica,sans-serif\"><span style=\"font-size: 16px\"> SARS-Cov2.<\/span><\/span><\/strong><\/div>\n<p>&nbsp;<\/p>\n<div><\/div>\n<\/td>\n<\/tr>\n<tr>\n<td class=\"m_8394639718372226771container\" style=\"width: 763.409px\" align=\"\" bgcolor=\"#ffffff\" data-darkreader-inline-bgcolor=\"\">\n<h1>Journ\u00e9es Universitaires d\u2019ALPHASIS<\/h1>\n<div style=\"text-align: justify\"><span style=\"font-family: arial,helvetica,sans-serif\"><span style=\"font-size: 16px\">Il est, \u00e0 l\u2019heure actuelle, impossible de garantir la tenue des Journ\u00e9es Universitaires 2020. Cependant,<\/span><\/span><\/div>\n<div style=\"text-align: justify\"><span style=\"font-family: arial,helvetica,sans-serif\"><span style=\"font-size: 16px\">le conseil d\u2019administration d\u2019ALPHASIS pr\u00e9pare ce RDV pour l\u2019automne et vous tiendra inform\u00e9s des<\/span><\/span><\/div>\n<div style=\"text-align: justify\"><span style=\"font-family: arial,helvetica,sans-serif\"><span style=\"font-size: 16px\">modalit\u00e9s d\u2019organisation d\u00e8s que possible.<\/span><\/span><\/div>\n<p>&nbsp;<\/p>\n<div><\/div>\n<div><\/div>\n<\/td>\n<\/tr>\n<tr>\n<td style=\"width: 763.409px\">\n<h1>Portait d\u2019adh\u00e9rent<\/h1>\n<div>\n<p><img decoding=\"async\" style=\"font-family: arial, helvetica, sans-serif;font-size: 16px;width: 165px;height: 200px;float: left\" src=\"http:\/\/www.kananas.com\/monassociation2118\/wp-content\/uploads\/sites\/597\/2020\/04\/valenti-maullet.jpg\" alt=\"\" \/><\/p>\n<div><\/div>\n<div><\/div>\n<div><span style=\"font-family: arial,helvetica,sans-serif\"><span style=\"font-size: 16px\">Ce mois-ci, d\u00e9couvrez le <a href=\"http:\/\/www.kananas.com\/monassociation2118\/2020\/04\/03\/valentin-maulet-aspirant-pharmacien-du-sdis-des-yvelines\/\">portrait de Valentin Maulet<\/a>, aspirant pharmacien du SDIS des Yvelines.<\/span><\/span><\/div>\n<p>&nbsp;<\/p>\n<div><\/div>\n<div><\/div>\n<\/div>\n<div><\/div>\n<div><\/div>\n<\/td>\n<\/tr>\n<tr>\n<td style=\"width: 763.409px\">\n<hr \/>\n<h1>Prix ALPHASIS<\/h1>\n<h2><span style=\"font-size: 22px\"><span style=\"color: #99b814\"><span style=\"font-family: arial,helvetica,sans-serif\">Les candidatures sont ouvertes!<\/span><\/span><\/span><\/h2>\n<div><span style=\"font-family: arial,helvetica,sans-serif\"><span style=\"font-size: 16px\">Le prix ALPHASIS est un prix annuel destin\u00e9 \u00e0 mettre \u00e0 l\u2019honneur et r\u00e9compenser un pharmacien de<\/span><\/span><\/div>\n<div><span style=\"font-family: arial,helvetica,sans-serif\"><span style=\"font-size: 16px\">sapeurs-pompiers professionnel, volontaire ou militaire :<\/span><\/span><\/div>\n<div><\/div>\n<ul>\n<li><span style=\"font-family: arial,helvetica,sans-serif\"><span style=\"font-size: 16px\">\u00a0s\u2019\u00e9tant particuli\u00e8rement distingu\u00e9 au cours d\u2019une mission fonctionnelle, op\u00e9rationnelle ou\u00a0formative,<\/span><\/span><\/li>\n<\/ul>\n<ul>\n<li><span style=\"font-family: arial,helvetica,sans-serif\"><span style=\"font-size: 16px\">\u00a0ou ayant fait preuve d\u2019engagement particulier dans le rayonnement de la pharmacie d\u2019un SIS ou dans la valorisation de la fonction de pharmacien de sapeurs-pompiers.<\/span><\/span><\/li>\n<\/ul>\n<div><span style=\"font-family: arial,helvetica,sans-serif\"><span style=\"font-size: 16px\">Rentrent \u00e9galement dans le champ d\u2019action de ce Prix les expertises dans un domaine particulier ou<\/span><\/span><\/div>\n<div><span style=\"font-family: arial,helvetica,sans-serif\"><span style=\"font-size: 16px\">les travaux de recherche, les \u00e9tudes ou les publications en lien avec les missions du pharmacien de<\/span><\/span><\/div>\n<div><span style=\"font-family: arial,helvetica,sans-serif\"><span style=\"font-size: 16px\">sapeurs-pompiers.<\/span><\/span><\/div>\n<div><\/div>\n<div><span style=\"font-family: arial,helvetica,sans-serif\"><span style=\"font-size: 16px\"><u>Important <\/u>:<\/span><\/span><\/div>\n<div><span style=\"font-family: arial,helvetica,sans-serif\"><span style=\"font-size: 16px\">les actions r\u00e9compens\u00e9es pour l\u2019obtention du Prix 2020 sont celles r\u00e9alis\u00e9es au cours de l\u2019ann\u00e9e<\/span><\/span><\/div>\n<div><span style=\"font-family: arial,helvetica,sans-serif\"><span style=\"font-size: 16px\">civile 2019.<\/span><\/span><\/div>\n<div><\/div>\n<div><span style=\"font-family: arial,helvetica,sans-serif\"><span style=\"font-size: 16px\">Le prix ALPHASIS 2019\u00a0a \u00e9t\u00e9 remis ex-aequo aux pharmaciens <strong>Remy VEXLARD<\/strong> (PSPP SDIS 51)<\/span><\/span><\/div>\n<div><span style=\"font-family: arial,helvetica,sans-serif\"><span style=\"font-size: 16px\">et <strong>Nicolas VOILLIOT<\/strong> (PSPP SDIS 89) pour leur implication dans le NRBCe.<\/span><\/span><\/div>\n<div><\/div>\n<div><img decoding=\"async\" style=\"width: 600px;height: 400px\" src=\"http:\/\/www.kananas.com\/monassociation2118\/wp-content\/uploads\/sites\/597\/2020\/05\/prix-alphasis-2019.jpg\" alt=\"\" \/><\/div>\n<div><span style=\"font-family: arial,helvetica,sans-serif\"><span style=\"font-size: 16px\">Deux types de candidatures sont possibles :<\/span><\/span><\/div>\n<ul>\n<li><span style=\"font-family: arial,helvetica,sans-serif\"><span style=\"font-size: 16px\">Par le pharmacien candidat lui-m\u00eame<\/span><\/span><\/li>\n<li><span style=\"font-family: arial,helvetica,sans-serif\"><span style=\"font-size: 16px\">Par tout autre pharmacien de sapeurs-pompiers qui souhaite mettre \u00e0 l\u2019honneur son\u00a0confr\u00e8re, quel que soit son statut et son d\u00e9partement d\u2019exercice, y compris les membres du Conseil d\u2019administration d\u2019ALPHASIS \u00e0 condition de ne pas faire partie du jury du Prix.<\/span><\/span><\/li>\n<\/ul>\n<p><span style=\"font-family: arial,helvetica,sans-serif\"><span style=\"font-size: 16px\">\u200bPour plus d\u2019informations, rendez-vous sur le site internet ALPHASIS ou consultez le r\u00e8glement en\u00a0<\/span><\/span><span style=\"font-size: 16px;font-family: arial, helvetica, sans-serif\">suivant <\/span><a style=\"font-size: 16px;font-family: arial, helvetica, sans-serif\" href=\"https:\/\/drive.google.com\/file\/d\/1OV7n_aI8kRUxxkb4hJszwcV3Y4W6Lw_o\/view\" target=\"_blank\" rel=\"noopener noreferrer\">ce lien<\/a><span style=\"font-size: 16px;font-family: arial, helvetica, sans-serif\">.<\/span><\/p>\n<div><span style=\"font-family: arial,helvetica,sans-serif\"><span style=\"font-size: 16px\">N\u2019h\u00e9sitez pas \u00e0 d\u00e9poser un dossier de candidature pour vous-m\u00eame ou l\u2019un de vos confr\u00e8res !<\/span><\/span><\/div>\n<div><\/div>\n<div><\/div>\n<\/td>\n<\/tr>\n<tr>\n<td style=\"width: 763.409px\">\n<h1>Ils nous ont rejoints<\/h1>\n<div><span style=\"font-family: arial,helvetica,sans-serif\"><span style=\"font-size: 16px\">SLEKOVEC C\u00e9line SDIS 25 , PSPV<\/span><\/span><\/div>\n<p><img decoding=\"async\" class=\"alignright\" style=\"font-family: arial, helvetica, sans-serif;font-size: 16px;width: 277px;height: 161px;float: right;border-width: 1px;border-style: solid;border-radius: 5px;margin-left: 10px;margin-right: 10px\" src=\"http:\/\/www.kananas.com\/monassociation2118\/wp-content\/uploads\/sites\/597\/2019\/03\/equipe-EDC-300x176.png\" alt=\"\" \/><\/p>\n<div>\n<p><span style=\"font-family: arial,helvetica,sans-serif\"><span style=\"font-size: 16px\">LE DEVENDEC SDIS 51, Etudiant<\/span><\/span><\/p>\n<p><span style=\"font-size: 16px\">LE STRAT Fanny SDIS 34, PSPV<\/span><\/p>\n<\/div>\n<div>\n<p><span style=\"font-size: 16px\">LOUSSERT Laurent SDIS 78, PSPV<\/span><\/p>\n<\/div>\n<div>\n<p><span style=\"font-size: 16px\">MAUREL Pierre SDIS 12, PSPV<\/span><\/p>\n<\/div>\n<div>\n<p><span style=\"font-size: 16px\">GRANDIN Aude SDIS 35, PSPV<\/span><\/p>\n<\/div>\n<div>\n<p><span style=\"font-size: 16px\">PASTOR Patrick SDIS 34, PSPV<\/span><\/p>\n<\/div>\n<div>\n<p><span style=\"font-size: 16px\">LOPEZ Francesc SDIS34, PSPV<\/span><\/p>\n<\/div>\n<div>\n<p><span style=\"font-size: 16px\">NGUYEN Hoang SDIS 77, PSPV<\/span><\/p>\n<\/div>\n<div>\n<p><span style=\"font-size: 16px\">STROBEL Solange SDIS 67, PSPV<\/span><\/p>\n<p><span style=\"font-size: 16px\">BLANVILLAIN Elodie SDIS 63, Contractuelle<\/span><\/p>\n<\/div>\n<div><\/div>\n<p><span style=\"font-family: arial,helvetica,sans-serif\"><span style=\"color: #666666;font-size: 16px;text-align: justify\">L\u2019annuaire complet des alphasiens\u00a0<\/span><a style=\"border: 0px;font-family: Helvetica, sans-serif;font-size: 16px;margin: 0px;padding: 0px;vertical-align: baseline;color: #99b814;text-align: justify\" href=\"http:\/\/www.kananas.com\/monassociation2118\/2018\/04\/26\/demandez-le-mot-de-passe-a-alphasis-associationgmail-com\/\">est consultable ici<\/a><span style=\"color: #666666;font-size: 16px;text-align: justify\">\u00a0muni du mot de passe<\/span><\/span><\/p>\n<p>&nbsp;<\/td>\n<\/tr>\n<\/tbody>\n<\/table>\n<div>\n<table style=\"height: 201px\" bgcolor=\"\">\n<tbody>\n<tr style=\"height: 201px\">\n<td style=\"height: 201px;width: 598.969px\">\n<h1><span style=\"font-family: arial,helvetica,sans-serif\"><span style=\"font-size: 22px\">Restons en contact :<\/span><\/span><\/h1>\n<p><span style=\"color: #550055\" data-darkreader-inline-color=\"\"><a href=\"https:\/\/www.facebook.com\/groups\/alphasis\/\"><img decoding=\"async\" style=\"width: 100px;height: 100px\" src=\"http:\/\/www.kananas.com\/monassociation2118\/wp-content\/uploads\/sites\/597\/2018\/03\/Facebook_icon.jpg\" alt=\"\" width=\"100\" \/><\/a> \u00a0<a href=\"https:\/\/twitter.com\/alphasispsp?lang=fr\" target=\"_blank\" rel=\"noopener noreferrer\"><img decoding=\"async\" style=\"width: 100px;height: 100px\" src=\"http:\/\/www.kananas.com\/monassociation2118\/wp-content\/uploads\/sites\/597\/2018\/03\/images-4.jpg\" alt=\"\" width=\"100\" \/><\/a><\/span><\/td>\n<\/tr>\n<\/tbody>\n<\/table>\n<\/div>\n<p>&nbsp;<\/p>\n","protected":false},"excerpt":{"rendered":"<p>&nbsp; \u00a0 \u00a0 \u00a0 \u00a0 \u00a0 La plume verte d&rsquo;ALPHASIS &nbsp; Newsletter associative \u00a0\u00a0 \u00a0 \u00a0 \u00a0 \u00a0 \u00a0 \u00a0 \u00a0 \u00a0 \u00a0 \u00a0 \u00a0 \u00a0 \u00a0 \u00a0 \u00a0 \u00a0 \u00a0 \u00a0 \u00a0 \u00a0 \u00a0 Newsletter #007\u00a0mai\u00a02020 &nbsp; En pleine&hellip; <\/p>\n","protected":false},"author":811,"featured_media":0,"comment_status":"closed","ping_status":"open","sticky":false,"template":"","format":"standard","meta":{"_crdt_document":"","footnotes":""},"categories":[30],"tags":[],"class_list":["post-3117","post","type-post","status-publish","format-standard","hentry","category-newsletter"],"_links":{"self":[{"href":"https:\/\/www.kananas.com\/monassociation2118\/wp-json\/wp\/v2\/posts\/3117","targetHints":{"allow":["GET"]}}],"collection":[{"href":"https:\/\/www.kananas.com\/monassociation2118\/wp-json\/wp\/v2\/posts"}],"about":[{"href":"https:\/\/www.kananas.com\/monassociation2118\/wp-json\/wp\/v2\/types\/post"}],"author":[{"embeddable":true,"href":"https:\/\/www.kananas.com\/monassociation2118\/wp-json\/wp\/v2\/users\/811"}],"replies":[{"embeddable":true,"href":"https:\/\/www.kananas.com\/monassociation2118\/wp-json\/wp\/v2\/comments?post=3117"}],"version-history":[{"count":15,"href":"https:\/\/www.kananas.com\/monassociation2118\/wp-json\/wp\/v2\/posts\/3117\/revisions"}],"predecessor-version":[{"id":3119,"href":"https:\/\/www.kananas.com\/monassociation2118\/wp-json\/wp\/v2\/posts\/3117\/revisions\/3119"}],"wp:attachment":[{"href":"https:\/\/www.kananas.com\/monassociation2118\/wp-json\/wp\/v2\/media?parent=3117"}],"wp:term":[{"taxonomy":"category","embeddable":true,"href":"https:\/\/www.kananas.com\/monassociation2118\/wp-json\/wp\/v2\/categories?post=3117"},{"taxonomy":"post_tag","embeddable":true,"href":"https:\/\/www.kananas.com\/monassociation2118\/wp-json\/wp\/v2\/tags?post=3117"}],"curies":[{"name":"wp","href":"https:\/\/api.w.org\/{rel}","templated":true}]}}