{"id":3536,"date":"2021-02-28T15:18:08","date_gmt":"2021-02-28T14:18:08","guid":{"rendered":"http:\/\/www.kananas.com\/monassociation2118\/?p=3536"},"modified":"2021-03-01T21:16:13","modified_gmt":"2021-03-01T20:16:13","slug":"derunes","status":"publish","type":"post","link":"https:\/\/www.kananas.com\/monassociation2118\/2021\/02\/28\/derunes\/","title":{"rendered":"Portrait d&rsquo;adh\u00e9rent : Karine DERUNES, PSPP au SDIS 56"},"content":{"rendered":"<p>&nbsp;<\/p>\n<p><img loading=\"lazy\" decoding=\"async\" class=\"alignnone size-full wp-image-3537\" src=\"http:\/\/www.kananas.com\/monassociation2118\/wp-content\/uploads\/sites\/597\/2021\/02\/kderunesbalanced.jpg\" alt=\"\" width=\"795\" height=\"530\" srcset=\"https:\/\/www.kananas.com\/monassociation2118\/wp-content\/uploads\/sites\/597\/2021\/02\/kderunesbalanced.jpg 795w, https:\/\/www.kananas.com\/monassociation2118\/wp-content\/uploads\/sites\/597\/2021\/02\/kderunesbalanced-300x200.jpg 300w, https:\/\/www.kananas.com\/monassociation2118\/wp-content\/uploads\/sites\/597\/2021\/02\/kderunesbalanced-768x512.jpg 768w\" sizes=\"auto, (max-width: 795px) 100vw, 795px\" \/><\/p>\n<p><strong>Karine Derunes, pharmacienne professionnelle au sein du SDIS de Vannes s\u2019est rendue sur les territoires insulaires morbihannais pour mener une campagne de vaccination contre la COVID-19. Elle nous livre une exp\u00e9rience in\u00e9dite et enrichissante.<\/strong><\/p>\n<h3>Son parcours<\/h3>\n<p>Apr\u00e8s des \u00e9tudes de pharmacie \u00e0 Rennes, en 2003, Karine Derunes s\u2019envole quelques mois vers la Guyane pour exercer en officine. De retour, elle se rend tr\u00e8s vite compte qu\u2019elle souhaite pratiquer son m\u00e9tier de pharmacienne diff\u00e9remment.<br \/>\nAu cours d\u2019une formation de secouriste, durant son cursus universitaire, elle entend parler des pharmaciens officiant chez les sapeurs-pompiers. Elle se renseigne, puis une opportunit\u00e9 s\u2019offre \u00e0 elle \u00e0 St Brieux, o\u00f9 elle devient pharmacienne de sapeurs-pompiers professionnels en charge de la g\u00e9rance de la PUI (Pharmacie \u00e0 Usage Int\u00e9rieur).<\/p>\n<p>Apr\u00e8s 15 ann\u00e9es pass\u00e9es \u00e0 St Brieux, Karine Derunes souhaite donner un nouveau tournant \u00e0 sa carri\u00e8re, sans s\u2019\u00e9loigner de ses origines bretonnes. Un d\u00e9part en retraite laisse un poste vacant \u00e0 Vannes, ce qui lui permet de rebondir. Elle s\u2019installe dans le Morbihan en 2018 o\u00f9 les t\u00e2ches sont nouvelles et multiples (cr\u00e9ation de locaux, organisation du congr\u00e8s national des sapeurs-pompiers,\u2026). Puis arrive 2020 et la pand\u00e9mie qui met les SDIS \u00e0 pied d\u2019\u0153uvre.<\/p>\n<p>&nbsp;<\/p>\n<h3>Une campagne de vaccination \u00e0 destination des \u00eeles bretonnes<\/h3>\n<p>Pour \u00e9viter un long trajet aux iliens vers le continent, l\u2019Agence R\u00e9gionale de Sant\u00e9 de Bretagne et la Pr\u00e9fecture du Morbihan d\u00e9ploient une campagne de vaccination sp\u00e9cifique envers ces \u00eeles d\u00e9pourvues de structures pharmaceutiques et offrant un service m\u00e9dical limit\u00e9 ; une action rendue possible gr\u00e2ce \u00e0 l\u2019investissement du service de sant\u00e9 de secours m\u00e9dical du SDIS 56. L\u2019\u00eele d\u2019Arz, situ\u00e9e dans le golfe du Morbihan, fut la premi\u00e8re, le 26 janvier dernier, \u00e0 recevoir la visite de 4 pompiers du p\u00f4le sant\u00e9 du SDIS du Morbihan. Accompagn\u00e9e d\u2019un m\u00e9decin et de deux infirmi\u00e8res, Karine Derunes monte \u00e0 bord de la navette maritime pour rejoindre l\u2019\u00eele afin d\u2019assurer la 1\u00e8re injection aux personnes prioritaires.<br \/>\nLa campagne de vaccination se poursuit sur l\u2019\u00eele de Ho\u00ebdic en Dragon 56, l\u2019h\u00e9licopt\u00e8re, familier des sapeurs-pompiers qui ont l\u2019habitude de travailler avec lui en \u00e9t\u00e9. L\u2019unit\u00e9 rejoint enfin, l\u2019\u00eele d\u2019Houat, au large de Quiberon, o\u00f9 elle est alors achemin\u00e9e par voie maritime gr\u00e2ce \u00e0 la collaboration du service de sauvetage en mer ; ce jour l\u00e0, les al\u00e9as m\u00e9t\u00e9orologiques bloquent au sol l\u2019h\u00e9licopt\u00e8re de la s\u00e9curit\u00e9 civile.<\/p>\n<p>&nbsp;<\/p>\n<h3>La place du pharmacien dans l\u2019organisation de cette mission<br \/>\nUn travail en amont<\/h3>\n<p>\u00ab<em> Le pharmacien est tr\u00e8s \u00e9troitement associ\u00e9 au m\u00e9decin-chef sur la partie dimensionnement de ces missions<\/em> \u00bb, nous confie Karine Derunes. Tandis que le m\u00e9decin est plut\u00f4t dans l\u2019organisation strat\u00e9gique de toutes les missions en lien avec la pr\u00e9fecture et l\u2019ARS, le r\u00f4le du pharmacien r\u00e9side plut\u00f4t dans l\u2019organisation pratique des choses. En amont, il pr\u00e9pare l\u2019ensemble du mat\u00e9riel n\u00e9cessaire, les dispositifs m\u00e9dicaux, le mat\u00e9riel d\u2019hygi\u00e8ne, anticipe la collecte de d\u00e9chets infectieux, teste le mat\u00e9riel afin d\u2019acheminer les vaccins dans des conditions optimales.<\/p>\n<p>&nbsp;<\/p>\n<h3>Le jour \u00ab J \u00bb<\/h3>\n<p>Apr\u00e8s avoir re\u00e7u les doses vaccinales congel\u00e9es, le centre hospitalier de Vannes assure la d\u00e9cong\u00e9lation et approvisionne les antennes du d\u00e9partement dont fait partie le SDIS 56.<br \/>\n\u00ab <em>Il s\u2019agit d\u2019observer la plus grande attention \u00e0 cette denr\u00e9e rare lors du transport, nous avons \u00e0 charge de la conserver \u00e0 temp\u00e9rature r\u00e9frig\u00e9r\u00e9e entre 2 et 8 degr\u00e9s, il faut \u00eatre attentif sur la dur\u00e9e de la mission<\/em> \u00bb, pr\u00e9cise Karine Derunes. Le transport s\u2019effectue en pochettes isothermes munies de pains de glace, et \u00e9quip\u00e9es de traceurs permettant d\u2019assurer la temp\u00e9rature ad\u00e9quate au cours du trajet.<br \/>\nA son arriv\u00e9e, sur place, l\u2019\u00e9quipe v\u00e9rifie la conformit\u00e9 des installations pour accueillir le pr\u00e9cieux produit. Ensuite le pharmacien se positionne en fil conducteur aupr\u00e8s des infirmiers.<br \/>\nEn effet, la reconstitution du vaccin n\u00e9cessite de respecter certaines \u00e9tapes ; il partage quelques astuces pour optimiser le nombre de doses requises.<br \/>\nTout est pr\u00eat pour accueillir les patients ! Pour les personnes qui ne peuvent se d\u00e9placer jusqu\u2019au locaux mis \u00e0 disposition, l\u2019\u00e9quipe m\u00e9dicale d\u00e9tache un bin\u00f4me qui se rend \u00e0 domicile<\/p>\n<p>.<\/p>\n<h3>Une v\u00e9ritable exp\u00e9rience humaine au del\u00e0 de la campagne de vaccination<\/h3>\n<p>Pr\u00e9parer un dispositif sanitaire en urgence fait partie de l\u2019ADN des sapeurs pompiers ;<br \/>\n\u00ab<em> c\u2019est notre c\u0153ur de m\u00e9tier<\/em> \u00bb, comme le dit Karine Derunes.<br \/>\nL\u2019objectif ici \u00e9tait de monter un centre de vaccination \u00e9ph\u00e9m\u00e8re, cr\u00e9er une brigade mobile compos\u00e9e de m\u00e9decins, d\u2019infirmiers, de pharmaciens, de secouristes (lorsque cela \u00e9tait n\u00e9cessaire), ainsi qu\u2019une assistance administrative afin d\u2019assurer la mission le plus rapidement possible sur les diff\u00e9rentes \u00eeles.\u00ab <em>Habituellement le pharmacien est plut\u00f4t en base arri\u00e8re, nous ne sommes pas forc\u00e9ment sur les op\u00e9rations ; mais l\u00e0 ce vaccin demandait vraiment notre pr\u00e9sence, tant sur le conseil technique que sur la qualit\u00e9 et la s\u00e9curit\u00e9 globale de l\u2019utilisation du m\u00e9dicament<\/em> \u00bb, ajoute Karine Derunes.<br \/>\nLa collaboration et l\u2019interaction des diff\u00e9rents acteurs a donn\u00e9 \u00e0 l\u2019op\u00e9ration, une dimension encore plus humaine. \u00ab<em> Nous avons tiss\u00e9 des liens privil\u00e9gi\u00e9s avec la pharmacie hospitali\u00e8re de Vannes et c\u2019est aussi important pour l\u2019anticipation et pour la bonne fluidit\u00e9 de livraison des vaccins<\/em> \u00bb, pr\u00e9cise Karine Derunes.<br \/>\nLa mobilisation des maires des villes fut une aide pr\u00e9cieuse : \u00ab <em>nous leur avons soumis notre cahier des charges afin de pr\u00e9parer au mieux les locaux pour accueillir les centres de vaccination et ainsi permettre une prise en charge rapide \u00e0 notre arriv\u00e9e\u2026. Nous d\u00e9couvrons, alors une autonomie et une certaine d\u00e9brouillardise propre aux iliens, une organisation imm\u00e9diate se met en place<\/em> \u00bb. S\u2019\u00e9tonne Karine Derunes.<br \/>\nQuant \u00e0 la population insulaire, elle leur a r\u00e9serv\u00e9 le meilleur accueil :<br \/>\n\u00ab<em> les gens sont venus au centre de vaccination avec le sourire, \u00e9galement contents de se voir apr\u00e8s un isolement forc\u00e9 d\u00fb aux mesures sanitaires. Et puis le geste de Genevi\u00e8ve qui a tenu \u00e0 nous offrir une tarte aux pommes en guise de remerciement. L\u00e0, on se dit qu\u2019on a fait quelque chose d\u2019important pour eux ; \u00e7a apporte ce petit plus qui donne envie d\u2019en faire plus<\/em> \u00bb, conclut Karine Derunes.<\/p>\n<p><em>Texte : Anne LEBLON, journaliste pour ALPHASIS (annegauthier.leblon@free.fr)<\/em><\/p>\n<p>&nbsp;<\/p>\n<p>&nbsp;<\/p>\n[image_carousel source=\u00a0\u00bbmedia: 3547,3561,3560,3559,3558,3557,3556,3555,3554,3553,3552,3551,3550,3549,3548,3546,3545,3537&Prime; limit=\u00a0\u00bb30&Prime; slides_style=\u00a0\u00bbdefault\u00a0\u00bb controls_style=\u00a0\u00bbdark\u00a0\u00bb crop=\u00a0\u00bb4:3&Prime; columns=\u00a0\u00bb1&Prime; adaptive=\u00a0\u00bbyes\u00a0\u00bb spacing=\u00a0\u00bbyes\u00a0\u00bb align=\u00a0\u00bbnone\u00a0\u00bb max_width=\u00a0\u00bbnone\u00a0\u00bb captions=\u00a0\u00bbno\u00a0\u00bb arrows=\u00a0\u00bbyes\u00a0\u00bb dots=\u00a0\u00bbyes\u00a0\u00bb link=\u00a0\u00bbnone\u00a0\u00bb target=\u00a0\u00bbblank\u00a0\u00bb autoplay=\u00a0\u00bb5&Prime; speed=\u00a0\u00bbmedium\u00a0\u00bb image_size=\u00a0\u00bblarge\u00a0\u00bb outline=\u00a0\u00bbyes\u00a0\u00bb random=\u00a0\u00bbno\u00a0\u00bb]\n","protected":false},"excerpt":{"rendered":"<p>&nbsp; Karine Derunes, pharmacienne professionnelle au sein du SDIS de Vannes s\u2019est rendue sur les territoires insulaires morbihannais pour mener une campagne de vaccination contre la COVID-19. Elle nous livre une exp\u00e9rience in\u00e9dite et enrichissante. Son parcours Apr\u00e8s des \u00e9tudes&hellip; <\/p>\n","protected":false},"author":811,"featured_media":3537,"comment_status":"closed","ping_status":"open","sticky":false,"template":"","format":"standard","meta":{"_crdt_document":"","footnotes":""},"categories":[4,3,1,81,25,26],"tags":[],"class_list":["post-3536","post","type-post","status-publish","format-standard","has-post-thumbnail","hentry","category-article-du-slider","category-article-hp","category-non-classe","category-portraits","category-publication","category-tous-les-articles"],"_links":{"self":[{"href":"https:\/\/www.kananas.com\/monassociation2118\/wp-json\/wp\/v2\/posts\/3536","targetHints":{"allow":["GET"]}}],"collection":[{"href":"https:\/\/www.kananas.com\/monassociation2118\/wp-json\/wp\/v2\/posts"}],"about":[{"href":"https:\/\/www.kananas.com\/monassociation2118\/wp-json\/wp\/v2\/types\/post"}],"author":[{"embeddable":true,"href":"https:\/\/www.kananas.com\/monassociation2118\/wp-json\/wp\/v2\/users\/811"}],"replies":[{"embeddable":true,"href":"https:\/\/www.kananas.com\/monassociation2118\/wp-json\/wp\/v2\/comments?post=3536"}],"version-history":[{"count":9,"href":"https:\/\/www.kananas.com\/monassociation2118\/wp-json\/wp\/v2\/posts\/3536\/revisions"}],"predecessor-version":[{"id":3544,"href":"https:\/\/www.kananas.com\/monassociation2118\/wp-json\/wp\/v2\/posts\/3536\/revisions\/3544"}],"wp:featuredmedia":[{"embeddable":true,"href":"https:\/\/www.kananas.com\/monassociation2118\/wp-json\/wp\/v2\/media\/3537"}],"wp:attachment":[{"href":"https:\/\/www.kananas.com\/monassociation2118\/wp-json\/wp\/v2\/media?parent=3536"}],"wp:term":[{"taxonomy":"category","embeddable":true,"href":"https:\/\/www.kananas.com\/monassociation2118\/wp-json\/wp\/v2\/categories?post=3536"},{"taxonomy":"post_tag","embeddable":true,"href":"https:\/\/www.kananas.com\/monassociation2118\/wp-json\/wp\/v2\/tags?post=3536"}],"curies":[{"name":"wp","href":"https:\/\/api.w.org\/{rel}","templated":true}]}}