{"id":1563,"date":"2017-01-13T11:12:37","date_gmt":"2017-01-13T10:12:37","guid":{"rendered":"http:\/\/www.kananas.com\/myassociation962\/?p=1563"},"modified":"2017-10-27T21:45:00","modified_gmt":"2017-10-27T19:45:00","slug":"lassociation-caravane-a-recu-concorde","status":"publish","type":"post","link":"https:\/\/www.kananas.com\/myassociation962\/lassociation-caravane-a-recu-concorde\/","title":{"rendered":"L\u2019association La Caravane a re\u00e7u Concorde"},"content":{"rendered":"<p style=\"text-align: justify\">En d\u00e9cembre 2016, la pr\u00e9sidente de l\u2019Association \u00ab La Caravane \u00bb, Anne-Marie Dusseaux, la direction Suzanne Thibaut et Eric Bertherat et l\u2019ensemble du personnel ont \u00e9t\u00e9 heureux d\u2019accueillir, \u00e0 leur tour, lors d\u2019un d\u00e9jeuner d\u00e9tente, le pr\u00e9sident de l\u2019Association Concorde Monsieur Junqua, les membres du CA, la directrice g\u00e9n\u00e9rale Florence Mazerat, son directeur adjoint Yann Chatelin et les salari\u00e9s des diff\u00e9rentes structures et services de l\u2019Association d\u2019Education et de Protection Concorde. En effet, marquer un nouveau temps de pause festif avant le 01 janvier 2017 (la 1 \u00e8re rencontre avait eu lieu lors d\u2019un tr\u00e8s sympathique barbecue organis\u00e9 sur le foyer Aristide Briand) et faire que les salari\u00e9s de chacune des associations se rencontrent autour d\u2019un repas convivial (mais cette fois-ci au sein du foyer La Caravane \u00e0 Villemomble) \u00e9tait de nouveau au programme. Ainsi, le mardi 06 d\u00e9cembre, et ce, juste apr\u00e8s que les enfants soient partis \u00e0 l\u2019\u00e9cole \u00e0 8h20, c\u2019est sur les paroles de la chanson de Zouk Machine : \u00ab Netway\u00e9, balay\u00e9, astik\u00e9, kaz la toujou penpan \u00bb que toute l\u2019\u00e9quipe de la Caravane est pass\u00e9e \u00e0 l\u2019action pour installer les tables, pr\u00e9parer le bar, r\u00e9aliser les d\u00e9corations et r\u00e9ceptionner le buffet afin d\u2019accueillir \u00e0 partir de midi les salari\u00e9s de Concorde. Midi, la sonnette du portail s\u2019est mise \u00e0 retentir et ce, jusqu\u2019\u00e0 13h30, les salari\u00e9s de Concorde arrivaient de plus en plus nombreux, tous souriants, les bras charg\u00e9s de cadeaux : vin, fleurs, chocolats et sapin de no\u00ebl f\u00e9\u00e9rique (confectionn\u00e9 en tulle rose&#8230; G\u00e9nial, effet garanti ! !) ont aussi \u00e9gay\u00e9 ce repas convivial et permis de le poursuivre dans la joie et la bonne humeur. De plus, sur la dur\u00e9e de cette rencontre, par petits groupes et avec les personnels de la Caravane, les salari\u00e9s de Concorde ont pu visiter<br \/>\nles locaux sur les 2 pavillons dans lesquels sont accueillis les 28 jeunes de 6 ans \u00e0 18 ans. Ainsi, vous tous qui avez r\u00e9pondu pr\u00e9sents \u00e0 notre invitation, nous tenions \u00e0 vous dire un grand merci pour avoir particip\u00e9 de bon c\u0153ur et avoir ainsi contribu\u00e9 \u00e0 la r\u00e9ussite de cette rencontre.<\/p>\n<p style=\"text-align: right\"><strong>Suzanne Thibaut et Eric Bertherat &#8211; Directeurs de la CARAVANE<\/strong><\/p>\n","protected":false},"excerpt":{"rendered":"<p>En d\u00e9cembre 2016, la pr\u00e9sidente de l\u2019Association \u00ab La Caravane \u00bb, Anne-Marie Dusseaux, la direction Suzanne Thibaut et Eric Bertherat<\/p>\n","protected":false},"author":288,"featured_media":3321,"comment_status":"closed","ping_status":"closed","sticky":false,"template":"","format":"standard","meta":{"colormag_page_container_layout":"default_layout","colormag_page_sidebar_layout":"default_layout","_crdt_document":"","footnotes":""},"categories":[22,5],"tags":[],"class_list":["post-1563","post","type-post","status-publish","format-standard","has-post-thumbnail","hentry","category-la-lettre-n67","category-vie-de-lassociation"],"_links":{"self":[{"href":"https:\/\/www.kananas.com\/myassociation962\/wp-json\/wp\/v2\/posts\/1563","targetHints":{"allow":["GET"]}}],"collection":[{"href":"https:\/\/www.kananas.com\/myassociation962\/wp-json\/wp\/v2\/posts"}],"about":[{"href":"https:\/\/www.kananas.com\/myassociation962\/wp-json\/wp\/v2\/types\/post"}],"author":[{"embeddable":true,"href":"https:\/\/www.kananas.com\/myassociation962\/wp-json\/wp\/v2\/users\/288"}],"replies":[{"embeddable":true,"href":"https:\/\/www.kananas.com\/myassociation962\/wp-json\/wp\/v2\/comments?post=1563"}],"version-history":[{"count":4,"href":"https:\/\/www.kananas.com\/myassociation962\/wp-json\/wp\/v2\/posts\/1563\/revisions"}],"predecessor-version":[{"id":2379,"href":"https:\/\/www.kananas.com\/myassociation962\/wp-json\/wp\/v2\/posts\/1563\/revisions\/2379"}],"wp:featuredmedia":[{"embeddable":true,"href":"https:\/\/www.kananas.com\/myassociation962\/wp-json\/wp\/v2\/media\/3321"}],"wp:attachment":[{"href":"https:\/\/www.kananas.com\/myassociation962\/wp-json\/wp\/v2\/media?parent=1563"}],"wp:term":[{"taxonomy":"category","embeddable":true,"href":"https:\/\/www.kananas.com\/myassociation962\/wp-json\/wp\/v2\/categories?post=1563"},{"taxonomy":"post_tag","embeddable":true,"href":"https:\/\/www.kananas.com\/myassociation962\/wp-json\/wp\/v2\/tags?post=1563"}],"curies":[{"name":"wp","href":"https:\/\/api.w.org\/{rel}","templated":true}]}}