{"id":2182,"date":"2017-01-18T10:44:54","date_gmt":"2017-01-18T09:44:54","guid":{"rendered":"http:\/\/www.kananas.com\/myassociation962\/?p=2182"},"modified":"2017-10-25T19:42:42","modified_gmt":"2017-10-25T17:42:42","slug":"au-forum-des-metiers","status":"publish","type":"post","link":"https:\/\/www.kananas.com\/myassociation962\/au-forum-des-metiers\/","title":{"rendered":"Au forum des m\u00e9tiers"},"content":{"rendered":"<p style=\"text-align: justify\">Une fois encore, l\u2019association Concorde a particip\u00e9 au forum des m\u00e9tiers du coll\u00e8ge Jean Jaur\u00e8s de Montfermeil, le samedi 21 janvier dernier. Une \u00e9ducatrice sp\u00e9cialis\u00e9e du module Chevreul ainsi qu\u2019une \u00e9ducatrice stagiaire en formation se sont rendues dans l\u2019\u00e9tablissement afin de partager avec les \u00e9l\u00e8ves de quatri\u00e8me et de troisi\u00e8me le quotidien de la fonction d\u2019un \u00e9ducateur sp\u00e9cialis\u00e9 au sein d\u2019une MECS (Maison d\u2019Enfants \u00e0 Caract\u00e8re Social). La plupart des coll\u00e9giens ne connaissaient pas le m\u00e9tier, mais ils y ont port\u00e9 beaucoup d\u2019int\u00e9r\u00eat et ont pos\u00e9 des questions. Certains m\u00eame disaient que c\u2019est un m\u00e9tier qui pourrait les attirer. Peut-\u00eatre avons-nous rencontr\u00e9 de futurs \u00e9ducateurs sp\u00e9cialis\u00e9s !!<\/p>\n<p style=\"text-align: right\"><strong>Juliette Friszman &#8211; Educatrice sp\u00e9cialis\u00e9e stagiaire en formation<\/strong><\/p>\n","protected":false},"excerpt":{"rendered":"<p>Une fois encore, l\u2019association Concorde a particip\u00e9 au forum des m\u00e9tiers du coll\u00e8ge Jean Jaur\u00e8s de Montfermeil, le samedi 21<\/p>\n","protected":false},"author":288,"featured_media":3213,"comment_status":"closed","ping_status":"closed","sticky":false,"template":"","format":"standard","meta":{"colormag_page_container_layout":"default_layout","colormag_page_sidebar_layout":"default_layout","_crdt_document":"","footnotes":""},"categories":[22,5],"tags":[],"class_list":["post-2182","post","type-post","status-publish","format-standard","has-post-thumbnail","hentry","category-la-lettre-n67","category-vie-de-lassociation"],"_links":{"self":[{"href":"https:\/\/www.kananas.com\/myassociation962\/wp-json\/wp\/v2\/posts\/2182","targetHints":{"allow":["GET"]}}],"collection":[{"href":"https:\/\/www.kananas.com\/myassociation962\/wp-json\/wp\/v2\/posts"}],"about":[{"href":"https:\/\/www.kananas.com\/myassociation962\/wp-json\/wp\/v2\/types\/post"}],"author":[{"embeddable":true,"href":"https:\/\/www.kananas.com\/myassociation962\/wp-json\/wp\/v2\/users\/288"}],"replies":[{"embeddable":true,"href":"https:\/\/www.kananas.com\/myassociation962\/wp-json\/wp\/v2\/comments?post=2182"}],"version-history":[{"count":2,"href":"https:\/\/www.kananas.com\/myassociation962\/wp-json\/wp\/v2\/posts\/2182\/revisions"}],"predecessor-version":[{"id":3148,"href":"https:\/\/www.kananas.com\/myassociation962\/wp-json\/wp\/v2\/posts\/2182\/revisions\/3148"}],"wp:featuredmedia":[{"embeddable":true,"href":"https:\/\/www.kananas.com\/myassociation962\/wp-json\/wp\/v2\/media\/3213"}],"wp:attachment":[{"href":"https:\/\/www.kananas.com\/myassociation962\/wp-json\/wp\/v2\/media?parent=2182"}],"wp:term":[{"taxonomy":"category","embeddable":true,"href":"https:\/\/www.kananas.com\/myassociation962\/wp-json\/wp\/v2\/categories?post=2182"},{"taxonomy":"post_tag","embeddable":true,"href":"https:\/\/www.kananas.com\/myassociation962\/wp-json\/wp\/v2\/tags?post=2182"}],"curies":[{"name":"wp","href":"https:\/\/api.w.org\/{rel}","templated":true}]}}