{"id":2185,"date":"2017-01-18T10:48:21","date_gmt":"2017-01-18T09:48:21","guid":{"rendered":"http:\/\/www.kananas.com\/myassociation962\/?p=2185"},"modified":"2017-10-18T22:38:10","modified_gmt":"2017-10-18T20:38:10","slug":"marche-de-noel-de-montfermeil","status":"publish","type":"post","link":"https:\/\/www.kananas.com\/myassociation962\/marche-de-noel-de-montfermeil\/","title":{"rendered":"March\u00e9 de No\u00ebl de Montfermeil"},"content":{"rendered":"<p style=\"text-align: justify\">Depuis maintenant plusieurs ann\u00e9es, l\u2019Association dispose d\u2019un stand sur le march\u00e9 de No\u00ebl et des arts d\u00e9coratifs. Les maisons Marie-Foilaine Desolneux de Coubron, Aristide Briand et Sainte-Clothilde de Gagny, Chevreul de Montfermeil, ainsi que le dispositif METADAP ont uni leurs efforts pour, avec les jeunes, imaginer, cr\u00e9er et construire des objets d\u00e9coratifs destin\u00e9s \u00e0 la vente. Pour la seconde ann\u00e9e, nous avons distribu\u00e9 la production du fameux \u00ab Montfermiel \u00bb et nous en remercions la municipalit\u00e9 et ses abeilles ! Les recettes li\u00e9es \u00e0 cette manifestation seront utilis\u00e9es pour mettre en place une activit\u00e9 commune regroupant l\u2019ensemble des jeunes cr\u00e9ateurs ! En effet, l\u2019objectif de cette collaboration \u00e9tait, outre notre pr\u00e9sence comme acteurs de la vie communale, d\u2019utiliser les b\u00e9n\u00e9fices recueillis pour organiser un moment festif inter-structures afin de favoriser la rencontre et l\u2019\u00e9change entre nos jeunes.<br \/>\nEnfin, nous avons r\u00e9pondu \u00e0 l\u2019appel de la commune qui nous a sollicit\u00e9s pour tenir un stand de vente de cr\u00eapes et de gaufres. Ainsi, durant tout le week-end, \u00e9ducateurs et jeunes se sont essay\u00e9s avec succ\u00e8s au tournage de cr\u00eapes \u00e0 la mode bretonne ! Bilan : fatigant pour le poignet mais succulent pour les consommateurs !<\/p>\n<p style=\"text-align: right\"><strong>\u00a9 Service Communication &#8211; Ville de Montfermeil, <\/strong><\/p>\n<p style=\"text-align: right\"><strong>Sandrine Baillergeant &#8211; Cadre technique<\/strong><\/p>\n","protected":false},"excerpt":{"rendered":"<p>Depuis maintenant plusieurs ann\u00e9es, l\u2019Association dispose d\u2019un stand sur le march\u00e9 de No\u00ebl et des arts d\u00e9coratifs. Les maisons Marie-Foilaine<\/p>\n","protected":false},"author":288,"featured_media":2674,"comment_status":"closed","ping_status":"closed","sticky":false,"template":"","format":"standard","meta":{"colormag_page_container_layout":"default_layout","colormag_page_sidebar_layout":"default_layout","_crdt_document":"","footnotes":""},"categories":[22,4],"tags":[],"class_list":["post-2185","post","type-post","status-publish","format-standard","has-post-thumbnail","hentry","category-la-lettre-n67","category-vie-des-maisons"],"_links":{"self":[{"href":"https:\/\/www.kananas.com\/myassociation962\/wp-json\/wp\/v2\/posts\/2185","targetHints":{"allow":["GET"]}}],"collection":[{"href":"https:\/\/www.kananas.com\/myassociation962\/wp-json\/wp\/v2\/posts"}],"about":[{"href":"https:\/\/www.kananas.com\/myassociation962\/wp-json\/wp\/v2\/types\/post"}],"author":[{"embeddable":true,"href":"https:\/\/www.kananas.com\/myassociation962\/wp-json\/wp\/v2\/users\/288"}],"replies":[{"embeddable":true,"href":"https:\/\/www.kananas.com\/myassociation962\/wp-json\/wp\/v2\/comments?post=2185"}],"version-history":[{"count":4,"href":"https:\/\/www.kananas.com\/myassociation962\/wp-json\/wp\/v2\/posts\/2185\/revisions"}],"predecessor-version":[{"id":2241,"href":"https:\/\/www.kananas.com\/myassociation962\/wp-json\/wp\/v2\/posts\/2185\/revisions\/2241"}],"wp:featuredmedia":[{"embeddable":true,"href":"https:\/\/www.kananas.com\/myassociation962\/wp-json\/wp\/v2\/media\/2674"}],"wp:attachment":[{"href":"https:\/\/www.kananas.com\/myassociation962\/wp-json\/wp\/v2\/media?parent=2185"}],"wp:term":[{"taxonomy":"category","embeddable":true,"href":"https:\/\/www.kananas.com\/myassociation962\/wp-json\/wp\/v2\/categories?post=2185"},{"taxonomy":"post_tag","embeddable":true,"href":"https:\/\/www.kananas.com\/myassociation962\/wp-json\/wp\/v2\/tags?post=2185"}],"curies":[{"name":"wp","href":"https:\/\/api.w.org\/{rel}","templated":true}]}}