{"id":2201,"date":"2017-01-18T11:37:42","date_gmt":"2017-01-18T10:37:42","guid":{"rendered":"http:\/\/www.kananas.com\/myassociation962\/?p=2201"},"modified":"2017-10-18T21:25:04","modified_gmt":"2017-10-18T19:25:04","slug":"noel-metadap","status":"publish","type":"post","link":"https:\/\/www.kananas.com\/myassociation962\/noel-metadap\/","title":{"rendered":"No\u00ebl METADAP"},"content":{"rendered":"<p style=\"text-align: justify\">Note festive et in\u00e9dite pour le METADAP avec un No\u00ebl organis\u00e9 le 21 d\u00e9cembre 2016 dans la maison de Gagny. A l&rsquo;exception de deux, tous les jeunes \u00e9taient pr\u00e9sents&#8230;<br \/>\nLes associations Concorde et METABOLE se sont r\u00e9unies autour d&rsquo;un ap\u00e9ritif dinatoire copieux et go\u00fbteux. Dans une ambiance musicale, l&rsquo;ensemble des invit\u00e9s a pu profiter de la magie et de la vid\u00e9o ! La distribution des cadeaux de No\u00ebl et des chocolats est venue \u00e9gailler joyeusement la soir\u00e9e&#8230; Le METADAP ne serait pas ce qu&rsquo;il est sans une animation mouvement\u00e9e dans les derni\u00e8res minutes de ce beau temps de partage&#8230; mais malgr\u00e9 tout, la f\u00eate reste une r\u00e9ussite pour tous !!! Un grand Merci \u00e0 chacun pour sa pr\u00e9sence et sa participation ! Et \u00e0 l&rsquo;ann\u00e9e prochaine !<\/p>\n<p style=\"text-align: right\"><strong>L\u2019\u00e9quipe METADAP<\/strong><\/p>\n","protected":false},"excerpt":{"rendered":"<p>Note festive et in\u00e9dite pour le METADAP avec un No\u00ebl organis\u00e9 le 21 d\u00e9cembre 2016 dans la maison de Gagny.<\/p>\n","protected":false},"author":288,"featured_media":2669,"comment_status":"closed","ping_status":"closed","sticky":false,"template":"","format":"standard","meta":{"colormag_page_container_layout":"default_layout","colormag_page_sidebar_layout":"default_layout","_crdt_document":"","footnotes":""},"categories":[22,4],"tags":[],"class_list":["post-2201","post","type-post","status-publish","format-standard","has-post-thumbnail","hentry","category-la-lettre-n67","category-vie-des-maisons"],"_links":{"self":[{"href":"https:\/\/www.kananas.com\/myassociation962\/wp-json\/wp\/v2\/posts\/2201","targetHints":{"allow":["GET"]}}],"collection":[{"href":"https:\/\/www.kananas.com\/myassociation962\/wp-json\/wp\/v2\/posts"}],"about":[{"href":"https:\/\/www.kananas.com\/myassociation962\/wp-json\/wp\/v2\/types\/post"}],"author":[{"embeddable":true,"href":"https:\/\/www.kananas.com\/myassociation962\/wp-json\/wp\/v2\/users\/288"}],"replies":[{"embeddable":true,"href":"https:\/\/www.kananas.com\/myassociation962\/wp-json\/wp\/v2\/comments?post=2201"}],"version-history":[{"count":3,"href":"https:\/\/www.kananas.com\/myassociation962\/wp-json\/wp\/v2\/posts\/2201\/revisions"}],"predecessor-version":[{"id":2433,"href":"https:\/\/www.kananas.com\/myassociation962\/wp-json\/wp\/v2\/posts\/2201\/revisions\/2433"}],"wp:featuredmedia":[{"embeddable":true,"href":"https:\/\/www.kananas.com\/myassociation962\/wp-json\/wp\/v2\/media\/2669"}],"wp:attachment":[{"href":"https:\/\/www.kananas.com\/myassociation962\/wp-json\/wp\/v2\/media?parent=2201"}],"wp:term":[{"taxonomy":"category","embeddable":true,"href":"https:\/\/www.kananas.com\/myassociation962\/wp-json\/wp\/v2\/categories?post=2201"},{"taxonomy":"post_tag","embeddable":true,"href":"https:\/\/www.kananas.com\/myassociation962\/wp-json\/wp\/v2\/tags?post=2201"}],"curies":[{"name":"wp","href":"https:\/\/api.w.org\/{rel}","templated":true}]}}