{"id":2205,"date":"2016-12-29T11:38:46","date_gmt":"2016-12-29T10:38:46","guid":{"rendered":"http:\/\/www.kananas.com\/myassociation962\/?p=2205"},"modified":"2018-03-07T09:12:00","modified_gmt":"2018-03-07T08:12:00","slug":"reveillon-31-decembre-haut-couleurs-de-marie-foilaine-desolneux","status":"publish","type":"post","link":"https:\/\/www.kananas.com\/myassociation962\/reveillon-31-decembre-haut-couleurs-de-marie-foilaine-desolneux\/","title":{"rendered":"Un r\u00e9veillon du 31 d\u00e9cembre haut en couleurs pour ceux de Marie-Foilaine Desolneux"},"content":{"rendered":"<p style=\"text-align: justify\">A pr\u00e8s que chacun se soit mis sur son trente et un, nous avons pass\u00e9 la soir\u00e9e dans un restaurant, avec un menu am\u00e9lior\u00e9 et un peu de musique. Puis nous sommes rentr\u00e9s au foyer o\u00f9 l\u2019on a fait divers jeux, un cache-cache zombie. Malgr\u00e9 la verticalit\u00e9 du groupe, tous ont particip\u00e9 et ont pris plaisir \u00e0 badigeonner de peinture, leurs \u00e9ducateurs pr\u00e9sents. La f\u00eate a battu son plein jusqu\u2019\u00e0 3 heures du matin. Alors, les \u00e9ducateurs et les jeunes sont all\u00e9s prendre un repos bien m\u00e9rit\u00e9 apr\u00e8s ce passage festif \u00e0 la nouvelle ann\u00e9e. Malgr\u00e9 le climat social actuel nous avons su nous adapter et proposer un temps fort et convivial dans la maison avec l\u2019ensemble des jeunes pr\u00e9sents.<\/p>\n<p style=\"text-align: right\"><strong>B\u00e9atrice Bouras &#8211; Educatrice<\/strong><\/p>\n","protected":false},"excerpt":{"rendered":"<p>A pr\u00e8s que chacun se soit mis sur son trente et un, nous avons pass\u00e9 la soir\u00e9e dans un restaurant,<\/p>\n","protected":false},"author":288,"featured_media":3908,"comment_status":"closed","ping_status":"closed","sticky":false,"template":"","format":"standard","meta":{"colormag_page_container_layout":"default_layout","colormag_page_sidebar_layout":"default_layout","_crdt_document":"","footnotes":""},"categories":[22,4],"tags":[],"class_list":["post-2205","post","type-post","status-publish","format-standard","has-post-thumbnail","hentry","category-la-lettre-n67","category-vie-des-maisons"],"_links":{"self":[{"href":"https:\/\/www.kananas.com\/myassociation962\/wp-json\/wp\/v2\/posts\/2205","targetHints":{"allow":["GET"]}}],"collection":[{"href":"https:\/\/www.kananas.com\/myassociation962\/wp-json\/wp\/v2\/posts"}],"about":[{"href":"https:\/\/www.kananas.com\/myassociation962\/wp-json\/wp\/v2\/types\/post"}],"author":[{"embeddable":true,"href":"https:\/\/www.kananas.com\/myassociation962\/wp-json\/wp\/v2\/users\/288"}],"replies":[{"embeddable":true,"href":"https:\/\/www.kananas.com\/myassociation962\/wp-json\/wp\/v2\/comments?post=2205"}],"version-history":[{"count":2,"href":"https:\/\/www.kananas.com\/myassociation962\/wp-json\/wp\/v2\/posts\/2205\/revisions"}],"predecessor-version":[{"id":3318,"href":"https:\/\/www.kananas.com\/myassociation962\/wp-json\/wp\/v2\/posts\/2205\/revisions\/3318"}],"wp:featuredmedia":[{"embeddable":true,"href":"https:\/\/www.kananas.com\/myassociation962\/wp-json\/wp\/v2\/media\/3908"}],"wp:attachment":[{"href":"https:\/\/www.kananas.com\/myassociation962\/wp-json\/wp\/v2\/media?parent=2205"}],"wp:term":[{"taxonomy":"category","embeddable":true,"href":"https:\/\/www.kananas.com\/myassociation962\/wp-json\/wp\/v2\/categories?post=2205"},{"taxonomy":"post_tag","embeddable":true,"href":"https:\/\/www.kananas.com\/myassociation962\/wp-json\/wp\/v2\/tags?post=2205"}],"curies":[{"name":"wp","href":"https:\/\/api.w.org\/{rel}","templated":true}]}}