{"id":2208,"date":"2016-12-28T11:53:00","date_gmt":"2016-12-28T10:53:00","guid":{"rendered":"http:\/\/www.kananas.com\/myassociation962\/?p=2208"},"modified":"2017-11-01T12:50:03","modified_gmt":"2017-11-01T11:50:03","slug":"fin-dannee-relais-ados","status":"publish","type":"post","link":"https:\/\/www.kananas.com\/myassociation962\/fin-dannee-relais-ados\/","title":{"rendered":"Fin d\u2019ann\u00e9e au \u00ab Relais Ados \u00bb"},"content":{"rendered":"<p>Un an tout juste apr\u00e8s son ouverture, le 22 d\u00e9cembre 2015, le \u00ab Relais \u00bb Ados a f\u00eat\u00e9 No\u00ebl en pr\u00e9sence de l\u2019\u00e9quipe du SAG, Florence Mazerat et Yann Chatelin. Le diner a \u00e9t\u00e9 concoct\u00e9 par Baya, notre maitresse de maison, second\u00e9e par les cinq \u00ab lutines \u00bb accueillies. La M\u00e8re Noel, sp\u00e9cialement venue \u00e0 cet effet, a distribu\u00e9 de somptueux cadeaux \u00e0 ces jeunes filles tr\u00e8s sages&#8230;<\/p>\n<p style=\"text-align: right\"><strong>Emilie Plantin \u2013 Coordinatrice<\/strong><\/p>\n","protected":false},"excerpt":{"rendered":"<p>Un an tout juste apr\u00e8s son ouverture, le 22 d\u00e9cembre 2015, le \u00ab Relais \u00bb Ados a f\u00eat\u00e9 No\u00ebl en<\/p>\n","protected":false},"author":288,"featured_media":3461,"comment_status":"closed","ping_status":"closed","sticky":false,"template":"","format":"standard","meta":{"colormag_page_container_layout":"default_layout","colormag_page_sidebar_layout":"default_layout","_crdt_document":"","footnotes":""},"categories":[22,5],"tags":[103],"class_list":["post-2208","post","type-post","status-publish","format-standard","has-post-thumbnail","hentry","category-la-lettre-n67","category-vie-de-lassociation","tag-emilie-plantin"],"_links":{"self":[{"href":"https:\/\/www.kananas.com\/myassociation962\/wp-json\/wp\/v2\/posts\/2208","targetHints":{"allow":["GET"]}}],"collection":[{"href":"https:\/\/www.kananas.com\/myassociation962\/wp-json\/wp\/v2\/posts"}],"about":[{"href":"https:\/\/www.kananas.com\/myassociation962\/wp-json\/wp\/v2\/types\/post"}],"author":[{"embeddable":true,"href":"https:\/\/www.kananas.com\/myassociation962\/wp-json\/wp\/v2\/users\/288"}],"replies":[{"embeddable":true,"href":"https:\/\/www.kananas.com\/myassociation962\/wp-json\/wp\/v2\/comments?post=2208"}],"version-history":[{"count":3,"href":"https:\/\/www.kananas.com\/myassociation962\/wp-json\/wp\/v2\/posts\/2208\/revisions"}],"predecessor-version":[{"id":2239,"href":"https:\/\/www.kananas.com\/myassociation962\/wp-json\/wp\/v2\/posts\/2208\/revisions\/2239"}],"wp:featuredmedia":[{"embeddable":true,"href":"https:\/\/www.kananas.com\/myassociation962\/wp-json\/wp\/v2\/media\/3461"}],"wp:attachment":[{"href":"https:\/\/www.kananas.com\/myassociation962\/wp-json\/wp\/v2\/media?parent=2208"}],"wp:term":[{"taxonomy":"category","embeddable":true,"href":"https:\/\/www.kananas.com\/myassociation962\/wp-json\/wp\/v2\/categories?post=2208"},{"taxonomy":"post_tag","embeddable":true,"href":"https:\/\/www.kananas.com\/myassociation962\/wp-json\/wp\/v2\/tags?post=2208"}],"curies":[{"name":"wp","href":"https:\/\/api.w.org\/{rel}","templated":true}]}}