{"id":2709,"date":"2015-01-10T18:24:55","date_gmt":"2015-01-10T17:24:55","guid":{"rendered":"http:\/\/www.kananas.com\/myassociation962\/?p=2709"},"modified":"2017-10-29T22:35:57","modified_gmt":"2017-10-29T21:35:57","slug":"droits-de-lenfant","status":"publish","type":"post","link":"https:\/\/www.kananas.com\/myassociation962\/droits-de-lenfant\/","title":{"rendered":"POUR LES DROITS DE L\u2019ENFANT"},"content":{"rendered":"<p style=\"text-align: justify\">Au mois de juin 2015, les Jeunes Ambassadeurs des Droits de l\u2019Enfant sont intervenus deux journ\u00e9es au sein des ateliers scolaires. Apr\u00e8s avoir pr\u00e9sent\u00e9 leurs droits aux jeunes participants, ils ont organis\u00e9 un jeu collectif o\u00f9 chacun \u00e9tait un droit. Ensuite, les jeunes ont r\u00e9alis\u00e9 des affiches \u00e0 l\u2019aide de pochoirs dans l\u2019esprit de TAGS. Celles-ci ont \u00e9t\u00e9 envoy\u00e9es au Canada o\u00f9 se d\u00e9roulait un concours autour d\u2019un colloque sur les droits de l\u2019enfant.<\/p>\n<p style=\"text-align: right\"><strong>Carol Spence \u2013 Intervenante scolaire<\/strong><\/p>\n","protected":false},"excerpt":{"rendered":"<p>Au mois de juin 2015, les Jeunes Ambassadeurs des Droits de l\u2019Enfant sont intervenus deux journ\u00e9es au sein des ateliers<\/p>\n","protected":false},"author":288,"featured_media":3281,"comment_status":"closed","ping_status":"closed","sticky":false,"template":"","format":"standard","meta":{"colormag_page_container_layout":"default_layout","colormag_page_sidebar_layout":"default_layout","_crdt_document":"","footnotes":""},"categories":[27,4],"tags":[101],"class_list":["post-2709","post","type-post","status-publish","format-standard","has-post-thumbnail","hentry","category-la-lettre-n64","category-vie-des-maisons","tag-carol-spence"],"_links":{"self":[{"href":"https:\/\/www.kananas.com\/myassociation962\/wp-json\/wp\/v2\/posts\/2709","targetHints":{"allow":["GET"]}}],"collection":[{"href":"https:\/\/www.kananas.com\/myassociation962\/wp-json\/wp\/v2\/posts"}],"about":[{"href":"https:\/\/www.kananas.com\/myassociation962\/wp-json\/wp\/v2\/types\/post"}],"author":[{"embeddable":true,"href":"https:\/\/www.kananas.com\/myassociation962\/wp-json\/wp\/v2\/users\/288"}],"replies":[{"embeddable":true,"href":"https:\/\/www.kananas.com\/myassociation962\/wp-json\/wp\/v2\/comments?post=2709"}],"version-history":[{"count":3,"href":"https:\/\/www.kananas.com\/myassociation962\/wp-json\/wp\/v2\/posts\/2709\/revisions"}],"predecessor-version":[{"id":3390,"href":"https:\/\/www.kananas.com\/myassociation962\/wp-json\/wp\/v2\/posts\/2709\/revisions\/3390"}],"wp:featuredmedia":[{"embeddable":true,"href":"https:\/\/www.kananas.com\/myassociation962\/wp-json\/wp\/v2\/media\/3281"}],"wp:attachment":[{"href":"https:\/\/www.kananas.com\/myassociation962\/wp-json\/wp\/v2\/media?parent=2709"}],"wp:term":[{"taxonomy":"category","embeddable":true,"href":"https:\/\/www.kananas.com\/myassociation962\/wp-json\/wp\/v2\/categories?post=2709"},{"taxonomy":"post_tag","embeddable":true,"href":"https:\/\/www.kananas.com\/myassociation962\/wp-json\/wp\/v2\/tags?post=2709"}],"curies":[{"name":"wp","href":"https:\/\/api.w.org\/{rel}","templated":true}]}}