{"id":2727,"date":"2015-01-10T18:10:45","date_gmt":"2015-01-10T17:10:45","guid":{"rendered":"http:\/\/www.kananas.com\/myassociation962\/?p=2727"},"modified":"2018-02-28T17:46:50","modified_gmt":"2018-02-28T16:46:50","slug":"en-belgique","status":"publish","type":"post","link":"https:\/\/www.kananas.com\/myassociation962\/en-belgique\/","title":{"rendered":"En Belgique&#8230;"},"content":{"rendered":"<p style=\"text-align: justify\">Deux \u00e9ducateurs, cinq jeunes (un d\u00e9sistement de derni\u00e8re minute a r\u00e9duit le groupe), immerg\u00e9s dans le plat pays de Jacques Brel. Voyage de six jours qui fut l&rsquo;occasion d&rsquo;arpenter la capitale belge, de se baigner dans l&rsquo;eau bien fraiche d&rsquo;Ostende ou bien encore de d\u00e9couvrir Gand et ses quais m\u00e9di\u00e9vaux. L\u2019alternance de moments de fl\u00e2neries et de d\u00e9gustations, accompagn\u00e9s de plaintes (qui dit d\u00e9couverte d&rsquo;un pays \u00e9tranger dit longues heures de marche), a provoqu\u00e9 la curiosit\u00e9 de chacun, variable selon ses affinit\u00e9s et son go\u00fbt pour l&rsquo;inconnu. Si les estaminets s\u00e9duisirent le plus grand nombre, le mus\u00e9um d&rsquo;histoire naturelle passionna les deux jeunes filles du groupe. L&rsquo;architecture bruxelloise parvint presque \u00e0 captiver un public sensible aux effluves de gaufres et d\u00e9couvrant la symbolique franc-ma\u00e7onnique.<br \/>\nIl faut noter que la m\u00e9t\u00e9o belge \u00e9tait avec nous, puisque quelques rayons de soleil transper\u00e7aient les d\u00e9licats rideaux de pluie familiers au joyeux quotidien des Belges. Ces derniers ont d&rsquo;ailleurs fait preuve une fois de plus de leur bonhomie et de leur gentillesse, \u00e0 commencer par notre h\u00f4te charmante et tr\u00e8s accueillante. S\u00e9jour donc de courte dur\u00e9e mais parfaitement adapt\u00e9 pour la d\u00e9couverte de ce voisin de la France qui trouva de quoi charmer ses visiteurs.<\/p>\n<p style=\"text-align: right\">Denis Baron \/ Daphn\u00e9e Lorenzoni &#8211; Educateurs<\/p>\n","protected":false},"excerpt":{"rendered":"<p>Deux \u00e9ducateurs, cinq jeunes (un d\u00e9sistement de derni\u00e8re minute a r\u00e9duit le groupe), immerg\u00e9s dans le plat pays de Jacques<\/p>\n","protected":false},"author":288,"featured_media":3845,"comment_status":"closed","ping_status":"closed","sticky":false,"template":"","format":"standard","meta":{"colormag_page_container_layout":"default_layout","colormag_page_sidebar_layout":"default_layout","_crdt_document":"","footnotes":""},"categories":[27,4],"tags":[97,71],"class_list":["post-2727","post","type-post","status-publish","format-standard","has-post-thumbnail","hentry","category-la-lettre-n64","category-vie-des-maisons","tag-daphnee-lorenzoni","tag-denis-baron"],"_links":{"self":[{"href":"https:\/\/www.kananas.com\/myassociation962\/wp-json\/wp\/v2\/posts\/2727","targetHints":{"allow":["GET"]}}],"collection":[{"href":"https:\/\/www.kananas.com\/myassociation962\/wp-json\/wp\/v2\/posts"}],"about":[{"href":"https:\/\/www.kananas.com\/myassociation962\/wp-json\/wp\/v2\/types\/post"}],"author":[{"embeddable":true,"href":"https:\/\/www.kananas.com\/myassociation962\/wp-json\/wp\/v2\/users\/288"}],"replies":[{"embeddable":true,"href":"https:\/\/www.kananas.com\/myassociation962\/wp-json\/wp\/v2\/comments?post=2727"}],"version-history":[{"count":2,"href":"https:\/\/www.kananas.com\/myassociation962\/wp-json\/wp\/v2\/posts\/2727\/revisions"}],"predecessor-version":[{"id":3289,"href":"https:\/\/www.kananas.com\/myassociation962\/wp-json\/wp\/v2\/posts\/2727\/revisions\/3289"}],"wp:featuredmedia":[{"embeddable":true,"href":"https:\/\/www.kananas.com\/myassociation962\/wp-json\/wp\/v2\/media\/3845"}],"wp:attachment":[{"href":"https:\/\/www.kananas.com\/myassociation962\/wp-json\/wp\/v2\/media?parent=2727"}],"wp:term":[{"taxonomy":"category","embeddable":true,"href":"https:\/\/www.kananas.com\/myassociation962\/wp-json\/wp\/v2\/categories?post=2727"},{"taxonomy":"post_tag","embeddable":true,"href":"https:\/\/www.kananas.com\/myassociation962\/wp-json\/wp\/v2\/tags?post=2727"}],"curies":[{"name":"wp","href":"https:\/\/api.w.org\/{rel}","templated":true}]}}