{"id":2735,"date":"2015-01-10T17:55:25","date_gmt":"2015-01-10T16:55:25","guid":{"rendered":"http:\/\/www.kananas.com\/myassociation962\/?p=2735"},"modified":"2018-03-08T11:19:30","modified_gmt":"2018-03-08T10:19:30","slug":"dame-aux-camelias-lumiere","status":"publish","type":"post","link":"https:\/\/www.kananas.com\/myassociation962\/dame-aux-camelias-lumiere\/","title":{"rendered":"La Dame aux Cam\u00e9lias au Son et Lumi\u00e8re"},"content":{"rendered":"<p style=\"text-align: justify\">Les jeunes ont d\u00e9couvert avec enthousiasme, en tant que figurants, l\u2019histoire de Marguerite. Cette fois, ils ont troqu\u00e9 leurs guenilles de \u00ab mis\u00e9rables \u00bb pour des costumes de grands et vaillants soldats du Moyen-Orient. Ils se sont investis dans cette pi\u00e8ce en participant \u00e0 toutes les r\u00e9p\u00e9titions pr\u00e9vues en plus de leur emploi du temps scolaire. Gr\u00e2ce \u00e0 eux, les tableaux n\u2019en \u00e9taient que plus vivants et magnifiques. Ils attendent avec impatience la prochaine saison !<\/p>\n<p style=\"text-align: right\">Sarah Ahadri \/ Rached Masri \u2013 Educateurs<\/p>\n","protected":false},"excerpt":{"rendered":"<p>Les jeunes ont d\u00e9couvert avec enthousiasme, en tant que figurants, l\u2019histoire de Marguerite. Cette fois, ils ont troqu\u00e9 leurs guenilles<\/p>\n","protected":false},"author":288,"featured_media":3980,"comment_status":"closed","ping_status":"closed","sticky":false,"template":"","format":"standard","meta":{"colormag_page_container_layout":"default_layout","colormag_page_sidebar_layout":"default_layout","_crdt_document":"","footnotes":""},"categories":[27,4],"tags":[95,94],"class_list":["post-2735","post","type-post","status-publish","format-standard","has-post-thumbnail","hentry","category-la-lettre-n64","category-vie-des-maisons","tag-rached-masri","tag-sarah-ahadri"],"_links":{"self":[{"href":"https:\/\/www.kananas.com\/myassociation962\/wp-json\/wp\/v2\/posts\/2735","targetHints":{"allow":["GET"]}}],"collection":[{"href":"https:\/\/www.kananas.com\/myassociation962\/wp-json\/wp\/v2\/posts"}],"about":[{"href":"https:\/\/www.kananas.com\/myassociation962\/wp-json\/wp\/v2\/types\/post"}],"author":[{"embeddable":true,"href":"https:\/\/www.kananas.com\/myassociation962\/wp-json\/wp\/v2\/users\/288"}],"replies":[{"embeddable":true,"href":"https:\/\/www.kananas.com\/myassociation962\/wp-json\/wp\/v2\/comments?post=2735"}],"version-history":[{"count":2,"href":"https:\/\/www.kananas.com\/myassociation962\/wp-json\/wp\/v2\/posts\/2735\/revisions"}],"predecessor-version":[{"id":3342,"href":"https:\/\/www.kananas.com\/myassociation962\/wp-json\/wp\/v2\/posts\/2735\/revisions\/3342"}],"wp:featuredmedia":[{"embeddable":true,"href":"https:\/\/www.kananas.com\/myassociation962\/wp-json\/wp\/v2\/media\/3980"}],"wp:attachment":[{"href":"https:\/\/www.kananas.com\/myassociation962\/wp-json\/wp\/v2\/media?parent=2735"}],"wp:term":[{"taxonomy":"category","embeddable":true,"href":"https:\/\/www.kananas.com\/myassociation962\/wp-json\/wp\/v2\/categories?post=2735"},{"taxonomy":"post_tag","embeddable":true,"href":"https:\/\/www.kananas.com\/myassociation962\/wp-json\/wp\/v2\/tags?post=2735"}],"curies":[{"name":"wp","href":"https:\/\/api.w.org\/{rel}","templated":true}]}}