{"id":2799,"date":"2017-10-23T22:39:33","date_gmt":"2017-10-23T20:39:33","guid":{"rendered":"http:\/\/www.kananas.com\/myassociation962\/?p=2799"},"modified":"2017-10-30T18:25:16","modified_gmt":"2017-10-30T17:25:16","slug":"assemblee-generale-22-mai-2017","status":"publish","type":"post","link":"https:\/\/www.kananas.com\/myassociation962\/assemblee-generale-22-mai-2017\/","title":{"rendered":"Assembl\u00e9e g\u00e9n\u00e9rale du 22 Mai 2017"},"content":{"rendered":"<blockquote>\n<div style=\"text-align: center\">Offres diversifi\u00e9es, engagements tenus pour r\u00e9pondre toujours mieux aux besoins<\/div>\n<\/blockquote>\n<p style=\"text-align: justify\">Alain JUNQUA, pr\u00e9sident , dans son rapport moral, constate que l\u2019association a poursuivi son d\u00e9veloppement avec d\u00e9termination et cr\u00e9ativit\u00e9. Nous sommes tr\u00e8s en phase avec le d\u00e9partement de la Seine-Saint-Denis pour la mise en \u0153uvre de nouveaux dispositifs de prise en charge ainsi qu\u2019avec la Protection Judiciaire de la Jeunesse pour prendre notre part des politiques nationales tendant \u00e0 mieux ma\u00eetriser des ph\u00e9nom\u00e8nes actuels susceptibles de conduire \u00e0 des d\u00e9rives perturbatrices de l\u2019ordre public. Au cours de l\u2019ann\u00e9e 2016, l\u2019association a connu une suractivit\u00e9 de 106% avec un effectif moyen de 144 jeunes pr\u00e9sents simultan\u00e9ment dont une trentaine relevant de notre dispositif d\u2019accueil personnalis\u00e9 toujours tr\u00e8s sollicit\u00e9. Nous sommes en n\u00e9gociations avec le d\u00e9partement pour la prise en compte du d\u00e9ficit de ce dispositif et le n\u00e9cessaire r\u00e9ajustement du prix de journ\u00e9e. R\u00e9pondant aux attentes des services sociaux, le Relais Ados, petite structure d\u2019accueil d\u2019urgence de cinq \u00e0 six places pour des jeunes filles qui y s\u00e9journent entre trois et six mois, a ouvert ses portes en d\u00e9cembre 2015. Enfin, les ateliers de jour ont re\u00e7u une habilitation distincte. Ils sont regroup\u00e9s dans notre maison du Vieux Chemin de Coubron \u00e0 Montfermeil. Plus de quatre-vingt-dix pour cent de l\u2019activit\u00e9 de Concorde restent \u00e0 la charge du d\u00e9partement de Seine-Saint-Denis avec lequel nous entretenons d\u2019excellentes relations partenariales empreintes de confiance r\u00e9ciproque. Nous avons re\u00e7u plusieurs fois son vice-pr\u00e9sident charg\u00e9 des affaires sociales, Monsieur Molossi, qui a tenu \u00e0 nous manifester son int\u00e9r\u00eat. Au nom du Conseil d\u2019Administration et en votre nom \u00e0 tous, je tiens \u00e0 remercier Florence Mazerat, assist\u00e9e de toute son \u00e9quipe et des cadres, pour le remarquable travail accompli tout au long de l\u2019ann\u00e9e. Au-del\u00e0 de leurs qualit\u00e9s professionnelles, je veux souligner leur bonne humeur, leur convivialit\u00e9 et leur disponibilit\u00e9, et leur dire la chance et le plaisir que je ressens de travailler avec eux, de les rencontrer et de les \u00e9couter. La fusion absorption de l\u2019association La Caravane avec l\u2019association Concorde est op\u00e9rationnelle depuis le 1 janvier 2017 et s\u2019est parfaitement bien d\u00e9roul\u00e9e. Je tiens \u00e0 en remercier tout particuli\u00e8rement la direction et les personnels de La Caravane. La requ\u00eate tendant \u00e0 la reconnaissance de l\u2019utilit\u00e9 publique au b\u00e9n\u00e9fice de l\u2019association Concorde a fait l\u2019objet d\u2019un avis d\u00e9favorable du Conseil d\u2019Etat aux motifs que notre rayonnement \u00e9tait trop limit\u00e9 et que nous \u00e9tions trop d\u00e9pendants des pouvoirs publics. Nous vous proposerons une d\u00e9lib\u00e9ration portant sur la vente de notre immeuble de l\u2019avenue Delagarde pour la somme de 298 000 euros. Une promesse d\u2019achat a \u00e9t\u00e9 sign\u00e9e sur ce montant, sous la condition suspensive de l\u2019accord de l\u2019assembl\u00e9e g\u00e9n\u00e9rale.<\/p>\n","protected":false},"excerpt":{"rendered":"<p>Offres diversifi\u00e9es, engagements tenus pour r\u00e9pondre toujours mieux aux besoins Alain JUNQUA, pr\u00e9sident , dans son rapport moral, constate que<\/p>\n","protected":false},"author":288,"featured_media":3202,"comment_status":"closed","ping_status":"closed","sticky":false,"template":"","format":"standard","meta":{"colormag_page_container_layout":"default_layout","colormag_page_sidebar_layout":"default_layout","_crdt_document":"","footnotes":""},"categories":[65,5],"tags":[58],"class_list":["post-2799","post","type-post","status-publish","format-standard","has-post-thumbnail","hentry","category-la-lettre-n68","category-vie-de-lassociation","tag-alain-junqua"],"_links":{"self":[{"href":"https:\/\/www.kananas.com\/myassociation962\/wp-json\/wp\/v2\/posts\/2799","targetHints":{"allow":["GET"]}}],"collection":[{"href":"https:\/\/www.kananas.com\/myassociation962\/wp-json\/wp\/v2\/posts"}],"about":[{"href":"https:\/\/www.kananas.com\/myassociation962\/wp-json\/wp\/v2\/types\/post"}],"author":[{"embeddable":true,"href":"https:\/\/www.kananas.com\/myassociation962\/wp-json\/wp\/v2\/users\/288"}],"replies":[{"embeddable":true,"href":"https:\/\/www.kananas.com\/myassociation962\/wp-json\/wp\/v2\/comments?post=2799"}],"version-history":[{"count":5,"href":"https:\/\/www.kananas.com\/myassociation962\/wp-json\/wp\/v2\/posts\/2799\/revisions"}],"predecessor-version":[{"id":3414,"href":"https:\/\/www.kananas.com\/myassociation962\/wp-json\/wp\/v2\/posts\/2799\/revisions\/3414"}],"wp:featuredmedia":[{"embeddable":true,"href":"https:\/\/www.kananas.com\/myassociation962\/wp-json\/wp\/v2\/media\/3202"}],"wp:attachment":[{"href":"https:\/\/www.kananas.com\/myassociation962\/wp-json\/wp\/v2\/media?parent=2799"}],"wp:term":[{"taxonomy":"category","embeddable":true,"href":"https:\/\/www.kananas.com\/myassociation962\/wp-json\/wp\/v2\/categories?post=2799"},{"taxonomy":"post_tag","embeddable":true,"href":"https:\/\/www.kananas.com\/myassociation962\/wp-json\/wp\/v2\/tags?post=2799"}],"curies":[{"name":"wp","href":"https:\/\/api.w.org\/{rel}","templated":true}]}}