{"id":2850,"date":"2017-10-21T22:48:14","date_gmt":"2017-10-21T20:48:14","guid":{"rendered":"http:\/\/www.kananas.com\/myassociation962\/?p=2850"},"modified":"2017-10-29T22:10:43","modified_gmt":"2017-10-29T21:10:43","slug":"jeunes-de-maison-chevreul-exposent-musee-passager","status":"publish","type":"post","link":"https:\/\/www.kananas.com\/myassociation962\/jeunes-de-maison-chevreul-exposent-musee-passager\/","title":{"rendered":"Des jeunes de la maison Chevreul exposent au Mus\u00e9e Passager"},"content":{"rendered":"<p style=\"text-align: justify\"><img loading=\"lazy\" decoding=\"async\" class=\"alignleft wp-image-2852\" src=\"http:\/\/www.kananas.com\/myassociation962\/wp-content\/uploads\/sites\/280\/2017\/10\/Capture-du-2017-10-21-22-48-33-225x300.png\" alt=\"\" width=\"239\" height=\"319\" srcset=\"https:\/\/www.kananas.com\/myassociation962\/wp-content\/uploads\/sites\/280\/2017\/10\/Capture-du-2017-10-21-22-48-33-225x300.png 225w, https:\/\/www.kananas.com\/myassociation962\/wp-content\/uploads\/sites\/280\/2017\/10\/Capture-du-2017-10-21-22-48-33.png 343w\" sizes=\"auto, (max-width: 239px) 100vw, 239px\" \/>Depuis 2 ans, la maison Chevreul est partie prenante des initiatives culturelles men\u00e9es dans notre commune et des ateliers \u00e9ph\u00e9m\u00e8res qui prennent vie dans le cadre des Ateliers M\u00e9dicis : des artistes de diff\u00e9rentes disciplines, install\u00e9s pour six mois, construisent des projets avec des habitants. Julien Revenu, dessinateur et b\u00e9d\u00e9iste professionnel en r\u00e9sidence \u00e0 Montfermeil, a d\u00e9velopp\u00e9 un projet avec un groupe de jeunes au foyer sur le th\u00e8me de l\u2019homme-nature. Apr\u00e8s plusieurs rencontres et sorties, un nombre cons\u00e9quent de croquis de la For\u00eat de Bondy, du Parc Formig\u00e9 et des jardins en permaculture de la r\u00e9sidence des Bosquets, ont \u00e9t\u00e9 r\u00e9alis\u00e9s. L\u2019ensemble de ces productions a fait l\u2019objet d\u2019une exposition au \u00ab Mus\u00e9e Passager \u00bb, un grand mobil-home de la r\u00e9gion Ile-de-France stationn\u00e9 \u00e0 Clichy-sous-Bois. Les jeunes ont pris beaucoup de plaisir \u00e0 exprimer leurs \u00e9motions \u00e0 travers le dessin. D\u2019ores et d\u00e9j\u00e0, nous nous sommes inscrits pour accueillir le prochain artiste en r\u00e9sidence sur notre commune. D\u2019autre part, devant l\u2019enthousiasme des jeunes, nous travaillons actuellement, avec d\u2019autres associations et des habitants, sur un projet de cogestion d\u2019un terrain en friche de notre quartier appartenant \u00e0 la ville de Montfermeil, pour produire des l\u00e9gumes selon les principes de la permaculture. Mais ceci est une aventure que nous ne manquerons pas de vous relater.<\/p>\n<p style=\"text-align: right\"><strong>Sylvain Lesueur, directeur de la maison Chevreul<\/strong><\/p>\n","protected":false},"excerpt":{"rendered":"<p>Depuis 2 ans, la maison Chevreul est partie prenante des initiatives culturelles men\u00e9es dans notre commune et des ateliers \u00e9ph\u00e9m\u00e8res<\/p>\n","protected":false},"author":288,"featured_media":0,"comment_status":"closed","ping_status":"closed","sticky":false,"template":"","format":"standard","meta":{"colormag_page_container_layout":"default_layout","colormag_page_sidebar_layout":"default_layout","_crdt_document":"","footnotes":""},"categories":[3],"tags":[79],"class_list":["post-2850","post","type-post","status-publish","format-standard","hentry","category-la-lettre","tag-sylvain-lesueur"],"_links":{"self":[{"href":"https:\/\/www.kananas.com\/myassociation962\/wp-json\/wp\/v2\/posts\/2850","targetHints":{"allow":["GET"]}}],"collection":[{"href":"https:\/\/www.kananas.com\/myassociation962\/wp-json\/wp\/v2\/posts"}],"about":[{"href":"https:\/\/www.kananas.com\/myassociation962\/wp-json\/wp\/v2\/types\/post"}],"author":[{"embeddable":true,"href":"https:\/\/www.kananas.com\/myassociation962\/wp-json\/wp\/v2\/users\/288"}],"replies":[{"embeddable":true,"href":"https:\/\/www.kananas.com\/myassociation962\/wp-json\/wp\/v2\/comments?post=2850"}],"version-history":[{"count":3,"href":"https:\/\/www.kananas.com\/myassociation962\/wp-json\/wp\/v2\/posts\/2850\/revisions"}],"predecessor-version":[{"id":3017,"href":"https:\/\/www.kananas.com\/myassociation962\/wp-json\/wp\/v2\/posts\/2850\/revisions\/3017"}],"wp:attachment":[{"href":"https:\/\/www.kananas.com\/myassociation962\/wp-json\/wp\/v2\/media?parent=2850"}],"wp:term":[{"taxonomy":"category","embeddable":true,"href":"https:\/\/www.kananas.com\/myassociation962\/wp-json\/wp\/v2\/categories?post=2850"},{"taxonomy":"post_tag","embeddable":true,"href":"https:\/\/www.kananas.com\/myassociation962\/wp-json\/wp\/v2\/tags?post=2850"}],"curies":[{"name":"wp","href":"https:\/\/api.w.org\/{rel}","templated":true}]}}