{"id":2859,"date":"2017-10-19T22:00:45","date_gmt":"2017-10-19T20:00:45","guid":{"rendered":"http:\/\/www.kananas.com\/myassociation962\/?p=2859"},"modified":"2018-03-01T13:31:09","modified_gmt":"2018-03-01T12:31:09","slug":"la-bourgogne-en-peniche","status":"publish","type":"post","link":"https:\/\/www.kananas.com\/myassociation962\/la-bourgogne-en-peniche\/","title":{"rendered":"La Bourgogne en p\u00e9niche"},"content":{"rendered":"<p style=\"text-align: justify\">Navigant au jour le jour, tant\u00f4t sur la Sa\u00f4ne, tant\u00f4t sur la Seille, la vie du bateau a rythm\u00e9 notre s\u00e9jour. Entre conduite de la p\u00e9niche, passage d&rsquo;\u00e9cluses impressionnantes, amarrage contr\u00f4l\u00e9 pour la nuit, nous avons profit\u00e9, gr\u00e2ce \u00e0 un soleil radieux, de paysages paisibles et magnifiques malgr\u00e9 des temp\u00e9ratures un peu fra\u00eeches de d\u00e9but avril. Dans cet espace clos, chacun travaillait \u00e0 la vie du bateau, partageant cette exp\u00e9rience nouvelle dans le calme et la coh\u00e9sion. Les jeunes ont appr\u00e9ci\u00e9 de pouvoir man\u0153uvrer la p\u00e9niche, se relayant dans le r\u00f4le de capitaine de bord. Certains courageux auront m\u00eame tent\u00e9 de piquer une t\u00eate dans la Seille en attendant l&rsquo;ouverture de l\u2019\u00e9cluse, trouvant n\u00e9anmoins l&rsquo;eau bien froide. Entre vogue sur l&rsquo;eau et arr\u00eat pour la nuit, nous avons fait de sympathiques visites de villes et de villages. A Chalon-sur-Sa\u00f4ne, nous avons fl\u00e2n\u00e9 dans les rues en d\u00e9gustant une glace maison. Lors de nos promenades dans la nature sauvage, sans croiser \u00e2me qui vive, nous nous sommes ressourc\u00e9s, sereinement.<\/p>\n<p style=\"text-align: right\"><strong>Zo\u00e9 Berthelin, Daphn\u00e9e Lorenzoni &#8211; \u00e9ducatrices M.F. Desolneux<\/strong><\/p>\n","protected":false},"excerpt":{"rendered":"<p>Navigant au jour le jour, tant\u00f4t sur la Sa\u00f4ne, tant\u00f4t sur la Seille, la vie du bateau a rythm\u00e9 notre<\/p>\n","protected":false},"author":288,"featured_media":3839,"comment_status":"closed","ping_status":"closed","sticky":false,"template":"","format":"standard","meta":{"colormag_page_container_layout":"default_layout","colormag_page_sidebar_layout":"default_layout","_crdt_document":"","footnotes":""},"categories":[65,4],"tags":[],"class_list":["post-2859","post","type-post","status-publish","format-standard","has-post-thumbnail","hentry","category-la-lettre-n68","category-vie-des-maisons"],"_links":{"self":[{"href":"https:\/\/www.kananas.com\/myassociation962\/wp-json\/wp\/v2\/posts\/2859","targetHints":{"allow":["GET"]}}],"collection":[{"href":"https:\/\/www.kananas.com\/myassociation962\/wp-json\/wp\/v2\/posts"}],"about":[{"href":"https:\/\/www.kananas.com\/myassociation962\/wp-json\/wp\/v2\/types\/post"}],"author":[{"embeddable":true,"href":"https:\/\/www.kananas.com\/myassociation962\/wp-json\/wp\/v2\/users\/288"}],"replies":[{"embeddable":true,"href":"https:\/\/www.kananas.com\/myassociation962\/wp-json\/wp\/v2\/comments?post=2859"}],"version-history":[{"count":2,"href":"https:\/\/www.kananas.com\/myassociation962\/wp-json\/wp\/v2\/posts\/2859\/revisions"}],"predecessor-version":[{"id":3862,"href":"https:\/\/www.kananas.com\/myassociation962\/wp-json\/wp\/v2\/posts\/2859\/revisions\/3862"}],"wp:featuredmedia":[{"embeddable":true,"href":"https:\/\/www.kananas.com\/myassociation962\/wp-json\/wp\/v2\/media\/3839"}],"wp:attachment":[{"href":"https:\/\/www.kananas.com\/myassociation962\/wp-json\/wp\/v2\/media?parent=2859"}],"wp:term":[{"taxonomy":"category","embeddable":true,"href":"https:\/\/www.kananas.com\/myassociation962\/wp-json\/wp\/v2\/categories?post=2859"},{"taxonomy":"post_tag","embeddable":true,"href":"https:\/\/www.kananas.com\/myassociation962\/wp-json\/wp\/v2\/tags?post=2859"}],"curies":[{"name":"wp","href":"https:\/\/api.w.org\/{rel}","templated":true}]}}