{"id":2886,"date":"2017-10-22T10:02:53","date_gmt":"2017-10-22T08:02:53","guid":{"rendered":"http:\/\/www.kananas.com\/myassociation962\/?p=2886"},"modified":"2018-03-01T13:36:57","modified_gmt":"2018-03-01T12:36:57","slug":"savoir-nager","status":"publish","type":"post","link":"https:\/\/www.kananas.com\/myassociation962\/savoir-nager\/","title":{"rendered":"Savoir nager"},"content":{"rendered":"<p style=\"text-align: justify\">Depuis plusieurs ann\u00e9es, nous nous attachons \u00e0 ce que tous les jeunes de la maison Chevreul sachent nager ou tout au moins se d\u00e9brouiller dans un milieu aquatique afin d\u2019\u00e9viter les risques de noyade lors des s\u00e9jours \u00e9ducatifs d\u2019\u00e9t\u00e9 durant lesquels beaucoup d\u2019activit\u00e9s nautiques sont programm\u00e9es, ou lors des sorties piscine, le mercredi apr\u00e8s-midi. Cette ann\u00e9e, sept jeunes ne sachant pas nager ou pas totalement, ont pu b\u00e9n\u00e9ficier de 10 s\u00e9ances de natation encadr\u00e9es par un professionnel dipl\u00f4m\u00e9 d\u2019\u00e9tat, au centre nautique de la Plaine Oxyg\u00e8ne sur la commune du Mesnil Amelot. A l\u2019issue de ces 10 s\u00e9ances, ils ont pass\u00e9 un test de natation ; 1 a obtenu le brevet de 25m, 3 celui de 50m, 2 n\u2019ont malheureusement rien eu car 10 s\u00e9ances n\u2019ont pas \u00e9t\u00e9 suffisantes. Enfin, un jeune n\u2019a pu obtenir qu\u2019un brevet de participation active car du fait de son handicap physique, il \u00e9tait difficile pour lui de pouvoir nager en autonomie sans ceinture. N\u00e9anmoins, ce jeune sait se d\u00e9placer dans l\u2019eau tout seul avec une ceinture et il a pris conscience de la dangerosit\u00e9 du milieu aquatique. D\u00e9sormais, ils pourront pratiquer les activit\u00e9s nautiques avec beaucoup moins d\u2019appr\u00e9hension tout en gardant \u00e0 l\u2019esprit qu\u2019il faut continuer de respecter les r\u00e8gles de s\u00e9curit\u00e9 inh\u00e9rentes \u00e0 la pratique de ces activit\u00e9s.<\/p>\n<p style=\"text-align: right\"><strong>Sylvain Lesueur, directeur de la maison Chevreul<\/strong><\/p>\n","protected":false},"excerpt":{"rendered":"<p>Depuis plusieurs ann\u00e9es, nous nous attachons \u00e0 ce que tous les jeunes de la maison Chevreul sachent nager ou tout<\/p>\n","protected":false},"author":288,"featured_media":3866,"comment_status":"closed","ping_status":"closed","sticky":false,"template":"","format":"standard","meta":{"colormag_page_container_layout":"default_layout","colormag_page_sidebar_layout":"default_layout","_crdt_document":"","footnotes":""},"categories":[65,4],"tags":[79],"class_list":["post-2886","post","type-post","status-publish","format-standard","has-post-thumbnail","hentry","category-la-lettre-n68","category-vie-des-maisons","tag-sylvain-lesueur"],"_links":{"self":[{"href":"https:\/\/www.kananas.com\/myassociation962\/wp-json\/wp\/v2\/posts\/2886","targetHints":{"allow":["GET"]}}],"collection":[{"href":"https:\/\/www.kananas.com\/myassociation962\/wp-json\/wp\/v2\/posts"}],"about":[{"href":"https:\/\/www.kananas.com\/myassociation962\/wp-json\/wp\/v2\/types\/post"}],"author":[{"embeddable":true,"href":"https:\/\/www.kananas.com\/myassociation962\/wp-json\/wp\/v2\/users\/288"}],"replies":[{"embeddable":true,"href":"https:\/\/www.kananas.com\/myassociation962\/wp-json\/wp\/v2\/comments?post=2886"}],"version-history":[{"count":1,"href":"https:\/\/www.kananas.com\/myassociation962\/wp-json\/wp\/v2\/posts\/2886\/revisions"}],"predecessor-version":[{"id":2887,"href":"https:\/\/www.kananas.com\/myassociation962\/wp-json\/wp\/v2\/posts\/2886\/revisions\/2887"}],"wp:featuredmedia":[{"embeddable":true,"href":"https:\/\/www.kananas.com\/myassociation962\/wp-json\/wp\/v2\/media\/3866"}],"wp:attachment":[{"href":"https:\/\/www.kananas.com\/myassociation962\/wp-json\/wp\/v2\/media?parent=2886"}],"wp:term":[{"taxonomy":"category","embeddable":true,"href":"https:\/\/www.kananas.com\/myassociation962\/wp-json\/wp\/v2\/categories?post=2886"},{"taxonomy":"post_tag","embeddable":true,"href":"https:\/\/www.kananas.com\/myassociation962\/wp-json\/wp\/v2\/tags?post=2886"}],"curies":[{"name":"wp","href":"https:\/\/api.w.org\/{rel}","templated":true}]}}