{"id":2892,"date":"2017-10-22T10:16:00","date_gmt":"2017-10-22T08:16:00","guid":{"rendered":"http:\/\/www.kananas.com\/myassociation962\/?p=2892"},"modified":"2018-02-28T17:39:58","modified_gmt":"2018-02-28T16:39:58","slug":"2892-2","status":"publish","type":"post","link":"https:\/\/www.kananas.com\/myassociation962\/2892-2\/","title":{"rendered":"En juillet, tous \u00e0 la mer !&#8230;"},"content":{"rendered":"<p style=\"text-align: justify\"><img loading=\"lazy\" decoding=\"async\" class=\"alignright wp-image-2897\" src=\"http:\/\/www.kananas.com\/myassociation962\/wp-content\/uploads\/sites\/280\/2017\/10\/Capture-du-2017-10-22-10-18-11-200x200.png\" alt=\"\" width=\"200\" height=\"200\" \/>C\u2019est sous un temps mitig\u00e9, soleil les premi\u00e8res semaines et pluie ensuite, que quinze enfants de La Caravane ont d\u00e9but\u00e9 leurs vacances dans la joie et la bonne humeur en Charente-Maritime. Pour ces dix-neuf jours, de nombreuses activit\u00e9s avaient \u00e9t\u00e9 planifi\u00e9es : plage et mer bien s\u00fbr, une grande premi\u00e8re pour certains enfants, mais aussi balade en bateau autour de Fort Boyard (si si, le vrai Fort Boyard, celui de la t\u00e9l\u00e9 avec les tigres !) ; une belle visite de la Rochelle et de son superbe aquarium dont les m\u00e9duses, les tortues et les requins sont les stars.<\/p>\n<p>&nbsp;<\/p>\n<p style=\"text-align: justify\"><img loading=\"lazy\" decoding=\"async\" class=\"alignleft wp-image-2895\" src=\"http:\/\/www.kananas.com\/myassociation962\/wp-content\/uploads\/sites\/280\/2017\/10\/Capture-du-2017-10-22-10-16-20-200x200.png\" alt=\"\" width=\"230\" height=\"230\" \/>Les enfants ont tout particuli\u00e8rement appr\u00e9ci\u00e9 le fort de La Rochelle qu\u2019ils ont surnomm\u00e9 \u00ab le ch\u00e2teau \u00bb. La r\u00e9gion, situ\u00e9e entre mer et campagne, a beaucoup plu aux petits comme aux grands qui ne se lassaient pas de voir passer tant les tracteurs que les bateaux. C\u2019est la t\u00eate pleine de souvenirs que le groupe est rentr\u00e9 fin juillet avec l\u2019envie d\u2019y retourner une fois prochaine.<\/p>\n<p style=\"text-align: right\"><strong>L\u00e9a et Floriane \u2013 \u00e9ducatrices La Caravane<\/strong><\/p>\n","protected":false},"excerpt":{"rendered":"<p>C\u2019est sous un temps mitig\u00e9, soleil les premi\u00e8res semaines et pluie ensuite, que quinze enfants de La Caravane ont d\u00e9but\u00e9<\/p>\n","protected":false},"author":288,"featured_media":3842,"comment_status":"closed","ping_status":"closed","sticky":false,"template":"","format":"standard","meta":{"colormag_page_container_layout":"default_layout","colormag_page_sidebar_layout":"default_layout","_crdt_document":"","footnotes":""},"categories":[65,4],"tags":[],"class_list":["post-2892","post","type-post","status-publish","format-standard","has-post-thumbnail","hentry","category-la-lettre-n68","category-vie-des-maisons"],"_links":{"self":[{"href":"https:\/\/www.kananas.com\/myassociation962\/wp-json\/wp\/v2\/posts\/2892","targetHints":{"allow":["GET"]}}],"collection":[{"href":"https:\/\/www.kananas.com\/myassociation962\/wp-json\/wp\/v2\/posts"}],"about":[{"href":"https:\/\/www.kananas.com\/myassociation962\/wp-json\/wp\/v2\/types\/post"}],"author":[{"embeddable":true,"href":"https:\/\/www.kananas.com\/myassociation962\/wp-json\/wp\/v2\/users\/288"}],"replies":[{"embeddable":true,"href":"https:\/\/www.kananas.com\/myassociation962\/wp-json\/wp\/v2\/comments?post=2892"}],"version-history":[{"count":7,"href":"https:\/\/www.kananas.com\/myassociation962\/wp-json\/wp\/v2\/posts\/2892\/revisions"}],"predecessor-version":[{"id":2896,"href":"https:\/\/www.kananas.com\/myassociation962\/wp-json\/wp\/v2\/posts\/2892\/revisions\/2896"}],"wp:featuredmedia":[{"embeddable":true,"href":"https:\/\/www.kananas.com\/myassociation962\/wp-json\/wp\/v2\/media\/3842"}],"wp:attachment":[{"href":"https:\/\/www.kananas.com\/myassociation962\/wp-json\/wp\/v2\/media?parent=2892"}],"wp:term":[{"taxonomy":"category","embeddable":true,"href":"https:\/\/www.kananas.com\/myassociation962\/wp-json\/wp\/v2\/categories?post=2892"},{"taxonomy":"post_tag","embeddable":true,"href":"https:\/\/www.kananas.com\/myassociation962\/wp-json\/wp\/v2\/tags?post=2892"}],"curies":[{"name":"wp","href":"https:\/\/api.w.org\/{rel}","templated":true}]}}