{"id":2912,"date":"2017-10-22T10:34:34","date_gmt":"2017-10-22T08:34:34","guid":{"rendered":"http:\/\/www.kananas.com\/myassociation962\/?p=2912"},"modified":"2017-10-29T22:18:00","modified_gmt":"2017-10-29T21:18:00","slug":"chevreul-gorges-tarn-juillet","status":"publish","type":"post","link":"https:\/\/www.kananas.com\/myassociation962\/chevreul-gorges-tarn-juillet\/","title":{"rendered":"Chevreul : des gorges du Tarn en juillet&#8230; &#8230; \u00e0 celles du Verdon en ao\u00fbt"},"content":{"rendered":"<p>Un groupe de jeunes est parti dans les gorges du Tarn au mois de juillet. H\u00e9berg\u00e9s dans un camping au milieu de la nature, nous avons visit\u00e9 Saint-Enimie, un village m\u00e9di\u00e9val class\u00e9 parmi les plus beaux de France, et ses alentours. Au programme, de nombreuses activit\u00e9s sportives : sp\u00e9l\u00e9ologie, canyoning, cano\u00ebs et VTT. Ce s\u00e9jour fut aussi un moment de repos et d\u2019oubli de tous les petits probl\u00e8mes de l\u2019ext\u00e9rieur. Alexis Chatrian, \u00e9ducateur sportif<\/p>\n<p style=\"text-align: right\"><strong>Alexis Chatrian, \u00e9ducateur sportif<\/strong><\/p>\n<p><span style=\"font-size: 20px\"><strong><img loading=\"lazy\" decoding=\"async\" class=\"alignleft wp-image-2971\" src=\"http:\/\/www.kananas.com\/myassociation962\/wp-content\/uploads\/sites\/280\/2017\/10\/Capture-du-2017-10-22-13-57-44-1.png\" alt=\"\" width=\"381\" height=\"493\" srcset=\"https:\/\/www.kananas.com\/myassociation962\/wp-content\/uploads\/sites\/280\/2017\/10\/Capture-du-2017-10-22-13-57-44-1.png 251w, https:\/\/www.kananas.com\/myassociation962\/wp-content\/uploads\/sites\/280\/2017\/10\/Capture-du-2017-10-22-13-57-44-1-232x300.png 232w\" sizes=\"auto, (max-width: 381px) 100vw, 381px\" \/>&#8230; \u00e0 celles du Verdon en ao\u00fbt<\/strong><\/span><\/p>\n<p style=\"text-align: justify\">Super vacances durant trois semaines d\u2019ao\u00fbt pour un groupe de neuf jeunes et trois \u00e9ducateurs. Un tr\u00e8s bon esprit de groupe a permis de passer un agr\u00e9able s\u00e9jour. Les jeunes ont su s\u2019int\u00e9grer \u00e0 la vie du camping, y ont tiss\u00e9 des liens avec d\u2019autres jeunes et partag\u00e9 de bons moments avec les vacanciers. Les activit\u00e9s centr\u00e9es plus particuli\u00e8rement sur le sport ont \u00e9t\u00e9 l\u2019occasion de d\u00e9couvrir plusieurs sites de canyons. Nous avons commenc\u00e9 par un parcours aventure dans le canyon de l\u2019Arturby \u00e0 Comps-sur-Arturby, pour une premi\u00e8re initiation, puis continu\u00e9 au milieu de paysages magnifiques par une randonn\u00e9e aquatique dans le couloir du Samson, au d\u00e9part du plus grand canyon de France, celui du Verdon par lequel nous avons termin\u00e9. Les jeunes se sont montr\u00e9s tr\u00e8s courageux et d\u00e9termin\u00e9s car le parcours \u00e9tait tr\u00e8s sportif. Descente en randonn\u00e9e d&rsquo;une heure dans les gorges pour atteindre le d\u00e9part dans l\u2019eau dans les rapides du Verdon en aqua rando. Pique-nique sur la rive lors de la pause d\u00e9jeuner avant de repartir sur de grands obstacles avec sauts de sept \u00e0 dix m\u00e8tres ! La journ\u00e9e s\u2019est termin\u00e9e par une randonn\u00e9e d\u2019une heure pour remonter le grand canyon, avec des parties en escalade. Une journ\u00e9e presque commando mais qui a montr\u00e9 un groupe solidaire sur les passages compliqu\u00e9s pour certains.<\/p>\n<p style=\"text-align: right\"><strong>Romain Gueho, coordinateur module Chevreul &#8211; Sahra Shakrit, \u00e9ducatrice sp\u00e9cialis\u00e9e &#8211; Samuil Cacuci, moniteur \u00e9ducateur<\/strong><\/p>\n","protected":false},"excerpt":{"rendered":"<p>Un groupe de jeunes est parti dans les gorges du Tarn au mois de juillet. H\u00e9berg\u00e9s dans un camping au<\/p>\n","protected":false},"author":288,"featured_media":3203,"comment_status":"closed","ping_status":"closed","sticky":false,"template":"","format":"standard","meta":{"colormag_page_container_layout":"default_layout","colormag_page_sidebar_layout":"default_layout","_crdt_document":"","footnotes":""},"categories":[65,4],"tags":[85,67,86,87],"class_list":["post-2912","post","type-post","status-publish","format-standard","has-post-thumbnail","hentry","category-la-lettre-n68","category-vie-des-maisons","tag-alexis-chatrian","tag-romain-gueho","tag-sahra-shakrit","tag-samuil-cacuci"],"_links":{"self":[{"href":"https:\/\/www.kananas.com\/myassociation962\/wp-json\/wp\/v2\/posts\/2912","targetHints":{"allow":["GET"]}}],"collection":[{"href":"https:\/\/www.kananas.com\/myassociation962\/wp-json\/wp\/v2\/posts"}],"about":[{"href":"https:\/\/www.kananas.com\/myassociation962\/wp-json\/wp\/v2\/types\/post"}],"author":[{"embeddable":true,"href":"https:\/\/www.kananas.com\/myassociation962\/wp-json\/wp\/v2\/users\/288"}],"replies":[{"embeddable":true,"href":"https:\/\/www.kananas.com\/myassociation962\/wp-json\/wp\/v2\/comments?post=2912"}],"version-history":[{"count":6,"href":"https:\/\/www.kananas.com\/myassociation962\/wp-json\/wp\/v2\/posts\/2912\/revisions"}],"predecessor-version":[{"id":3014,"href":"https:\/\/www.kananas.com\/myassociation962\/wp-json\/wp\/v2\/posts\/2912\/revisions\/3014"}],"wp:featuredmedia":[{"embeddable":true,"href":"https:\/\/www.kananas.com\/myassociation962\/wp-json\/wp\/v2\/media\/3203"}],"wp:attachment":[{"href":"https:\/\/www.kananas.com\/myassociation962\/wp-json\/wp\/v2\/media?parent=2912"}],"wp:term":[{"taxonomy":"category","embeddable":true,"href":"https:\/\/www.kananas.com\/myassociation962\/wp-json\/wp\/v2\/categories?post=2912"},{"taxonomy":"post_tag","embeddable":true,"href":"https:\/\/www.kananas.com\/myassociation962\/wp-json\/wp\/v2\/tags?post=2912"}],"curies":[{"name":"wp","href":"https:\/\/api.w.org\/{rel}","templated":true}]}}