{"id":2999,"date":"2017-10-22T14:25:13","date_gmt":"2017-10-22T12:25:13","guid":{"rendered":"http:\/\/www.kananas.com\/myassociation962\/?p=2999"},"modified":"2018-04-18T18:28:44","modified_gmt":"2018-04-18T16:28:44","slug":"forum-associatif","status":"publish","type":"post","link":"https:\/\/www.kananas.com\/myassociation962\/forum-associatif\/","title":{"rendered":"Forum associatif"},"content":{"rendered":"<p style=\"text-align: justify\">C\u2019est maintenant un rendez-vous annuel incontournable ! L\u2019AEPC a particip\u00e9 le 9 septembre au forum associatif de Montfermeil. Nous avons \u00e9t\u00e9 sollicit\u00e9s par la municipalit\u00e9 pour tenir, outre notre stand habituel, un point de vente de cr\u00eapes artisanales. Plusieurs maisons se sont mobilis\u00e9es, de fait, salari\u00e9s, cadres et jeunes se sont relay\u00e9s toute la journ\u00e9e pour assurer la vente, ce dans une ambiance conviviale et festive. Ces rencontres ponctuelles, en dehors de notre activit\u00e9 habituelle, sont des moments que nous souhaitons faire perdurer car ils permettent, en plus d\u2019une rencontre avec les acteurs associatifs, sportifs et locaux, un r\u00e9el partage entre jeunes et adultes de l\u2019association.<\/p>\n<p style=\"text-align: right\"><strong>Sandrine Baillergeant, directrice technique<\/strong><\/p>\n","protected":false},"excerpt":{"rendered":"<p>C\u2019est maintenant un rendez-vous annuel incontournable ! L\u2019AEPC a particip\u00e9 le 9 septembre au forum associatif de Montfermeil. Nous avons<\/p>\n","protected":false},"author":288,"featured_media":4029,"comment_status":"closed","ping_status":"closed","sticky":false,"template":"","format":"standard","meta":{"colormag_page_container_layout":"default_layout","colormag_page_sidebar_layout":"default_layout","_crdt_document":"","footnotes":""},"categories":[65,4],"tags":[77],"class_list":["post-2999","post","type-post","status-publish","format-standard","has-post-thumbnail","hentry","category-la-lettre-n68","category-vie-des-maisons","tag-sandrine-baillergeant"],"_links":{"self":[{"href":"https:\/\/www.kananas.com\/myassociation962\/wp-json\/wp\/v2\/posts\/2999","targetHints":{"allow":["GET"]}}],"collection":[{"href":"https:\/\/www.kananas.com\/myassociation962\/wp-json\/wp\/v2\/posts"}],"about":[{"href":"https:\/\/www.kananas.com\/myassociation962\/wp-json\/wp\/v2\/types\/post"}],"author":[{"embeddable":true,"href":"https:\/\/www.kananas.com\/myassociation962\/wp-json\/wp\/v2\/users\/288"}],"replies":[{"embeddable":true,"href":"https:\/\/www.kananas.com\/myassociation962\/wp-json\/wp\/v2\/comments?post=2999"}],"version-history":[{"count":3,"href":"https:\/\/www.kananas.com\/myassociation962\/wp-json\/wp\/v2\/posts\/2999\/revisions"}],"predecessor-version":[{"id":3522,"href":"https:\/\/www.kananas.com\/myassociation962\/wp-json\/wp\/v2\/posts\/2999\/revisions\/3522"}],"wp:featuredmedia":[{"embeddable":true,"href":"https:\/\/www.kananas.com\/myassociation962\/wp-json\/wp\/v2\/media\/4029"}],"wp:attachment":[{"href":"https:\/\/www.kananas.com\/myassociation962\/wp-json\/wp\/v2\/media?parent=2999"}],"wp:term":[{"taxonomy":"category","embeddable":true,"href":"https:\/\/www.kananas.com\/myassociation962\/wp-json\/wp\/v2\/categories?post=2999"},{"taxonomy":"post_tag","embeddable":true,"href":"https:\/\/www.kananas.com\/myassociation962\/wp-json\/wp\/v2\/tags?post=2999"}],"curies":[{"name":"wp","href":"https:\/\/api.w.org\/{rel}","templated":true}]}}