{"id":3003,"date":"2017-10-22T14:00:57","date_gmt":"2017-10-22T12:00:57","guid":{"rendered":"http:\/\/www.kananas.com\/myassociation962\/?p=3003"},"modified":"2017-10-29T22:20:15","modified_gmt":"2017-10-29T21:20:15","slug":"fete-voisins-experience-enrichissante","status":"publish","type":"post","link":"https:\/\/www.kananas.com\/myassociation962\/fete-voisins-experience-enrichissante\/","title":{"rendered":"La f\u00eate des voisins, une exp\u00e9rience enrichissante pour tous"},"content":{"rendered":"<p style=\"text-align: justify\">Pour la 17 \u00e8me \u00e9dition de le F\u00eate des voisins, la maison Chevreul a ouvert ses portes \u00e0 tous ceux qui ont d\u00e9cid\u00e9 de se rencontrer au moins un jour par an. Ils sont voisins et, pour la plupart, adh\u00e9rents \u00e0 notre association, amis, employeurs, enseignants&#8230; L\u2019ensemble des jeunes \u00e9taient pr\u00e9sents pour les accueillir. Qu\u2019ils soient venus \u00e9changer, discuter ou mieux se connaitre, tous ont partag\u00e9 un ap\u00e9ritif dinatoire et un barbecue pr\u00e9par\u00e9 par nos jeunes et l\u2019ensemble de l\u2019\u00e9quipe. Et comme la m\u00e9t\u00e9o \u00e9tait relativement cl\u00e9mente et que l\u2019envie de vivre des moments chaleureux l\u2019emportait sur le quotidien, notre DJ Enzo (pr\u00e9sent pour la deuxi\u00e8me ann\u00e9e cons\u00e9cutive) a fait danser tout ce petit monde jusque tard dans la soir\u00e9e. Un grand merci pour votre pr\u00e9sence et \u00e0 l\u2019ann\u00e9e prochaine !<\/p>\n<p style=\"text-align: right\"><strong>Philippe Allard, chef de service<\/strong><\/p>\n","protected":false},"excerpt":{"rendered":"<p>Pour la 17 \u00e8me \u00e9dition de le F\u00eate des voisins, la maison Chevreul a ouvert ses portes \u00e0 tous ceux<\/p>\n","protected":false},"author":288,"featured_media":3201,"comment_status":"closed","ping_status":"closed","sticky":false,"template":"","format":"standard","meta":{"colormag_page_container_layout":"default_layout","colormag_page_sidebar_layout":"default_layout","_crdt_document":"","footnotes":""},"categories":[65,4],"tags":[89],"class_list":["post-3003","post","type-post","status-publish","format-standard","has-post-thumbnail","hentry","category-la-lettre-n68","category-vie-des-maisons","tag-philippe-allard"],"_links":{"self":[{"href":"https:\/\/www.kananas.com\/myassociation962\/wp-json\/wp\/v2\/posts\/3003","targetHints":{"allow":["GET"]}}],"collection":[{"href":"https:\/\/www.kananas.com\/myassociation962\/wp-json\/wp\/v2\/posts"}],"about":[{"href":"https:\/\/www.kananas.com\/myassociation962\/wp-json\/wp\/v2\/types\/post"}],"author":[{"embeddable":true,"href":"https:\/\/www.kananas.com\/myassociation962\/wp-json\/wp\/v2\/users\/288"}],"replies":[{"embeddable":true,"href":"https:\/\/www.kananas.com\/myassociation962\/wp-json\/wp\/v2\/comments?post=3003"}],"version-history":[{"count":1,"href":"https:\/\/www.kananas.com\/myassociation962\/wp-json\/wp\/v2\/posts\/3003\/revisions"}],"predecessor-version":[{"id":3004,"href":"https:\/\/www.kananas.com\/myassociation962\/wp-json\/wp\/v2\/posts\/3003\/revisions\/3004"}],"wp:featuredmedia":[{"embeddable":true,"href":"https:\/\/www.kananas.com\/myassociation962\/wp-json\/wp\/v2\/media\/3201"}],"wp:attachment":[{"href":"https:\/\/www.kananas.com\/myassociation962\/wp-json\/wp\/v2\/media?parent=3003"}],"wp:term":[{"taxonomy":"category","embeddable":true,"href":"https:\/\/www.kananas.com\/myassociation962\/wp-json\/wp\/v2\/categories?post=3003"},{"taxonomy":"post_tag","embeddable":true,"href":"https:\/\/www.kananas.com\/myassociation962\/wp-json\/wp\/v2\/tags?post=3003"}],"curies":[{"name":"wp","href":"https:\/\/api.w.org\/{rel}","templated":true}]}}