{"id":3292,"date":"2015-10-27T12:34:22","date_gmt":"2015-10-27T11:34:22","guid":{"rendered":"http:\/\/www.kananas.com\/myassociation962\/?p=3292"},"modified":"2018-03-17T19:12:54","modified_gmt":"2018-03-17T18:12:54","slug":"rencontres-de-lanmecs-point-de-vue-dun-participant","status":"publish","type":"post","link":"https:\/\/www.kananas.com\/myassociation962\/rencontres-de-lanmecs-point-de-vue-dun-participant\/","title":{"rendered":"LES RENCONTRES DE L\u2019ANMECS &#8211; Le point de vue d\u2019un participant"},"content":{"rendered":"<p class=\"western\" align=\"justify\"><span style=\"color: #000000;font-size: 14px\"><span style=\"font-family: Arial Narrow,sans-serif\">Les 5\u00e8mes rencontres nationales des professionnels des Maisons d&rsquo;Enfants \u00e0 Caract\u00e8re Social se sont d\u00e9roul\u00e9es \u00e0 Marseille sur le th\u00e8me de \u00ab\u00a0l&rsquo;acte \u00e9ducatif en mutation\u00a0\u00bb les 19 et 20 mars 2015. Ces journ\u00e9es \u00e9taient organis\u00e9es par l&rsquo;ANMECS et l&rsquo;And\u00e9si (Association Nationale des Cadres du Social) <\/span><\/span><span style=\"color: #000000;font-size: 14px\"><span style=\"font-family: Arial Narrow,sans-serif\">Un groupe d&rsquo;une dizaine de professionnels de l&rsquo;AEPC, aux fonctions diverses : \u00e9ducateurs, chefs de service, directeurs, directeur g\u00e9n\u00e9ral, y participait. <\/span><\/span><span style=\"color: #000000;font-size: 14px\"><span style=\"font-family: Arial Narrow,sans-serif\">Ces rencontres ont \u00e9t\u00e9 pour moi tout \u00e0 la fois l&rsquo;occasion de rencontrer des coll\u00e8gues, de mieux cerner la dynamique de notre association, sa volont\u00e9 formatrice, son implication envers ses salari\u00e9s mais aussi partager un moment agr\u00e9able de r\u00e9flexion professionnelle. <\/span><\/span><span style=\"color: #000000;font-size: 14px\"><span style=\"font-family: Arial Narrow,sans-serif\">Les diff\u00e9rentes interventions des sociologues, psychologues, psychanalystes, professeurs d&rsquo;universit\u00e9s, ont permis de soulever des questions complexes sur le travail des diff\u00e9rents professionnels en MECS au quotidien, sur le r\u00f4le de la famille et des pairs, l&rsquo;utilisation des nouvelles technologies par les jeunes ou par les professionnels dans leur travail \u00e9ducatif mais surtout de se remettre en question dans ses pratiques gr\u00e2ce \u00e0 des exemples concrets. <\/span><\/span><span style=\"color: #000000;font-size: 14px\"><span style=\"font-family: Arial Narrow,sans-serif\">Finalement, ces journ\u00e9es ont \u00e9t\u00e9 pour moi tr\u00e8s productives, entre rencontres de coll\u00e8gues et r\u00e9flexion professionnelle. Elles m&rsquo;ont permis de d\u00e9couvrir Marseille, de mieux conna\u00eetre l&rsquo;association et d&rsquo;\u00e9tayer mon positionnement professionnel.<\/span><\/span><\/p>\n<p class=\"western\" align=\"right\"><span style=\"font-size: 14px\"><strong><span style=\"color: #000000\"><span style=\"font-family: Arial Narrow,sans-serif\">Guillaume Bertrand \u2013<\/span><\/span><span style=\"color: #1f4e79\"><span style=\"font-family: Arial Narrow,sans-serif\"><span style=\"color: #000000\"> Educateur sp\u00e9cialis\u00e9<\/span> <\/span><\/span><\/strong><\/span><\/p>\n","protected":false},"excerpt":{"rendered":"<p>Les 5\u00e8mes rencontres nationales des professionnels des Maisons d&rsquo;Enfants \u00e0 Caract\u00e8re Social se sont d\u00e9roul\u00e9es \u00e0 Marseille sur le th\u00e8me<\/p>\n","protected":false},"author":288,"featured_media":3293,"comment_status":"closed","ping_status":"closed","sticky":false,"template":"","format":"standard","meta":{"colormag_page_container_layout":"default_layout","colormag_page_sidebar_layout":"default_layout","_crdt_document":"","footnotes":""},"categories":[27,5],"tags":[68],"class_list":["post-3292","post","type-post","status-publish","format-standard","has-post-thumbnail","hentry","category-la-lettre-n64","category-vie-de-lassociation","tag-guillaume-bertrand"],"_links":{"self":[{"href":"https:\/\/www.kananas.com\/myassociation962\/wp-json\/wp\/v2\/posts\/3292","targetHints":{"allow":["GET"]}}],"collection":[{"href":"https:\/\/www.kananas.com\/myassociation962\/wp-json\/wp\/v2\/posts"}],"about":[{"href":"https:\/\/www.kananas.com\/myassociation962\/wp-json\/wp\/v2\/types\/post"}],"author":[{"embeddable":true,"href":"https:\/\/www.kananas.com\/myassociation962\/wp-json\/wp\/v2\/users\/288"}],"replies":[{"embeddable":true,"href":"https:\/\/www.kananas.com\/myassociation962\/wp-json\/wp\/v2\/comments?post=3292"}],"version-history":[{"count":2,"href":"https:\/\/www.kananas.com\/myassociation962\/wp-json\/wp\/v2\/posts\/3292\/revisions"}],"predecessor-version":[{"id":4012,"href":"https:\/\/www.kananas.com\/myassociation962\/wp-json\/wp\/v2\/posts\/3292\/revisions\/4012"}],"wp:featuredmedia":[{"embeddable":true,"href":"https:\/\/www.kananas.com\/myassociation962\/wp-json\/wp\/v2\/media\/3293"}],"wp:attachment":[{"href":"https:\/\/www.kananas.com\/myassociation962\/wp-json\/wp\/v2\/media?parent=3292"}],"wp:term":[{"taxonomy":"category","embeddable":true,"href":"https:\/\/www.kananas.com\/myassociation962\/wp-json\/wp\/v2\/categories?post=3292"},{"taxonomy":"post_tag","embeddable":true,"href":"https:\/\/www.kananas.com\/myassociation962\/wp-json\/wp\/v2\/tags?post=3292"}],"curies":[{"name":"wp","href":"https:\/\/api.w.org\/{rel}","templated":true}]}}