{"id":3814,"date":"2017-12-20T11:16:03","date_gmt":"2017-12-20T10:16:03","guid":{"rendered":"http:\/\/www.kananas.com\/myassociation962\/?p=3814"},"modified":"2018-03-05T18:14:17","modified_gmt":"2018-03-05T17:14:17","slug":"noel-nos-maisons","status":"publish","type":"post","link":"https:\/\/www.kananas.com\/myassociation962\/noel-nos-maisons\/","title":{"rendered":"No\u00ebl dans nos maisons"},"content":{"rendered":"<p style=\"text-align: justify\">Comme chaque ann\u00e9e, l\u2019ensemble des maisons a organis\u00e9 un peu en avance sa f\u00eate de no\u00ebl. Si chacune de ces c\u00e9l\u00e9brations a pris un caract\u00e8re particulier eu \u00e9gard \u00e0 la diversit\u00e9 des structures, le ma\u00eetre mot est rest\u00e9 le m\u00eame\u00a0: bonne humeur et partage\u00a0!<\/p>\n<p style=\"text-align: justify\">Outre l\u2019intervention attendue, m\u00eame des plus grands, de Santa Claus pour la distribution des cadeaux, il est \u00e0 noter des nouveaut\u00e9s\u00a0: une soir\u00e9e \u00ab\u00a0discoth\u00e8que\u00bb avec tout le mat\u00e9riel requis pour les maisons de Gagny qui avaient choisi de se regrouper et une multiplication de p\u00e8res et m\u00e8res No\u00ebl sur la maison Chevreul\u00a0!<\/p>\n<p style=\"text-align: justify\">La maison la caravane qui regroupe nos plus petits est rest\u00e9e sur un mode plus traditionnel avec une soir\u00e9e o\u00f9 les familles ont \u00e9t\u00e9 invit\u00e9es \u00e0 c\u00e9l\u00e9brer avec leurs enfants cette f\u00eate particuli\u00e8re.<\/p>\n<p style=\"text-align: justify\">L\u2019ensemble de la semaine a \u00e9t\u00e9 charg\u00e9 pour la Direction G\u00e9n\u00e9rale et le Pr\u00e9sident qui mettent un point d\u2019honneur \u00e0 \u00eatre pr\u00e9sents \u00e0 tout ou partie de chaque repas et soir\u00e9e dans chaque maison\u00a0! Gageons qu\u2019une petite di\u00e8te a du s\u2019imposer avant le r\u00e9veillon officiel\u00a0!!!<\/p>\n<p style=\"text-align: right\">Sandrine Baillergeant, directrice technique<\/p>\n","protected":false},"excerpt":{"rendered":"<p>Comme chaque ann\u00e9e, l\u2019ensemble des maisons a organis\u00e9 un peu en avance sa f\u00eate de no\u00ebl. Si chacune de ces<\/p>\n","protected":false},"author":288,"featured_media":3899,"comment_status":"closed","ping_status":"closed","sticky":false,"template":"","format":"standard","meta":{"colormag_page_container_layout":"default_layout","colormag_page_sidebar_layout":"default_layout","_crdt_document":"","footnotes":""},"categories":[104,4],"tags":[77],"class_list":["post-3814","post","type-post","status-publish","format-standard","has-post-thumbnail","hentry","category-la-lettre-n69","category-vie-des-maisons","tag-sandrine-baillergeant"],"_links":{"self":[{"href":"https:\/\/www.kananas.com\/myassociation962\/wp-json\/wp\/v2\/posts\/3814","targetHints":{"allow":["GET"]}}],"collection":[{"href":"https:\/\/www.kananas.com\/myassociation962\/wp-json\/wp\/v2\/posts"}],"about":[{"href":"https:\/\/www.kananas.com\/myassociation962\/wp-json\/wp\/v2\/types\/post"}],"author":[{"embeddable":true,"href":"https:\/\/www.kananas.com\/myassociation962\/wp-json\/wp\/v2\/users\/288"}],"replies":[{"embeddable":true,"href":"https:\/\/www.kananas.com\/myassociation962\/wp-json\/wp\/v2\/comments?post=3814"}],"version-history":[{"count":5,"href":"https:\/\/www.kananas.com\/myassociation962\/wp-json\/wp\/v2\/posts\/3814\/revisions"}],"predecessor-version":[{"id":3834,"href":"https:\/\/www.kananas.com\/myassociation962\/wp-json\/wp\/v2\/posts\/3814\/revisions\/3834"}],"wp:featuredmedia":[{"embeddable":true,"href":"https:\/\/www.kananas.com\/myassociation962\/wp-json\/wp\/v2\/media\/3899"}],"wp:attachment":[{"href":"https:\/\/www.kananas.com\/myassociation962\/wp-json\/wp\/v2\/media?parent=3814"}],"wp:term":[{"taxonomy":"category","embeddable":true,"href":"https:\/\/www.kananas.com\/myassociation962\/wp-json\/wp\/v2\/categories?post=3814"},{"taxonomy":"post_tag","embeddable":true,"href":"https:\/\/www.kananas.com\/myassociation962\/wp-json\/wp\/v2\/tags?post=3814"}],"curies":[{"name":"wp","href":"https:\/\/api.w.org\/{rel}","templated":true}]}}