{"id":3882,"date":"2018-01-17T17:30:01","date_gmt":"2018-01-17T16:30:01","guid":{"rendered":"http:\/\/www.kananas.com\/myassociation962\/?p=3882"},"modified":"2018-04-16T19:40:46","modified_gmt":"2018-04-16T17:40:46","slug":"voeux-2018-discours-de-florence-mazerat-directrice-generale","status":"publish","type":"post","link":"https:\/\/www.kananas.com\/myassociation962\/voeux-2018-discours-de-florence-mazerat-directrice-generale\/","title":{"rendered":"Voeux 2018, discours de Florence Mazerat, directrice g\u00e9n\u00e9rale"},"content":{"rendered":"<p style=\"text-align: justify\"><b>Florence Mazerat,<\/b> directrice g\u00e9n\u00e9rale constatait que son premier quinquennat s\u2019achevait le 1er janvier et esp\u00e9rait qu\u2019il y en aura encore au moins deux\u00a0\u2026..<\/p>\n<p style=\"text-align: justify\">\u00ab\u00a0Durant ces 5 ann\u00e9es, l\u2019association s\u2019est consid\u00e9rablement d\u00e9velopp\u00e9e et je me dois de vous parler des nouveaut\u00e9s.<\/p>\n<p style=\"text-align: justify\">Tout d&rsquo;abord, notre premi\u00e8re ann\u00e9e avec La Caravane s\u2019est remarquablement bien pass\u00e9e dans l&rsquo;harmonie, le partage, l\u2019action.<\/p>\n<p style=\"text-align: justify\">Depuis le 19 avril dernier, nous avons enfin ouvert notre restaurant p\u00e9dagogique \u00ab\u00a0l\u2019Atelier\u00a0\u00bb. Ce dispositif est porteur et encourageant puisqu\u2019\u00e0 ce jour, 2 jeunes ont sign\u00e9 un contrat d\u2019apprentissage. Depuis son ouverture, plus d\u2019une vingtaine de jeunes ont pu b\u00e9n\u00e9ficier de cet outil.<\/p>\n<p style=\"text-align: justify\">Depuis le 1er janvier, l\u2019\u00e9quipe technique a chang\u00e9. Nous avons donc le plaisir d\u2019accueillir la \u00ab\u00a0nouvelle chef\u00a0\u00bb Madame Nathalie ICARD, \u00e9ducatrice de formation et dipl\u00f4m\u00e9e en cuisine. Elle est second\u00e9e par Madame Virginie TAVERNE venant de la maison Chevreul. Apr\u00e8s quelques mois d\u2019activit\u00e9s, forts de l\u2019exp\u00e9rience acquise, nous nous attachons \u00e0 am\u00e9liorer le fonctionnement de l\u2019Atelier.<\/p>\n<p style=\"text-align: justify\">D\u2019ores et d\u00e9j\u00e0, je vous invite \u00e0 \u00a0venir le midi d\u00e9guster leurs petits plats.<\/p>\n<p style=\"text-align: justify\">Au regard des contraintes budg\u00e9taires des pouvoirs publics, l\u2019ann\u00e9e 2017 a \u00e9t\u00e9 rude. Je crains fort que 2018 le soit encore davantage. L\u2019association devra cependant s\u2019adapter aux commandes du d\u00e9partement, et de fait, \u00e0 la r\u00e9alit\u00e9 financi\u00e8re.<\/p>\n<p style=\"text-align: justify\">Pour autant je me dois de veiller \u00e0 ne pas renier les valeurs fortes de notre association.<\/p>\n<p style=\"text-align: justify\">Comme Monsieur JUNQUA le soulignait dans son discours, c\u2019est bien ENSEMBLE, c\u2019est-\u00e0-dire partenaires associatifs, IDEE 93 qui m\u00e8ne des actions sans rel\u00e2che, mais aussi le GRESA, groupe de recherches des directeurs, que nous serons force de propositions face aux pouvoirs publics, affirmant nos valeurs, offrant un service de qualit\u00e9, tout en ayant bien conscience de la r\u00e9alit\u00e9 conjoncturelle.<\/p>\n<p style=\"text-align: justify\">Les v\u0153ux de l&rsquo;association donnent \u00e0 Florence Mazerat l&rsquo;occasion de remercier et saluer l\u2019ensemble des personnels pour leur engagement au service des jeunes.<\/p>\n<p style=\"text-align: justify\">Remerciements au service administratif, \u00e0 tous les cadres, \u00e0 Yann CHATELIN et Sandrine BAILLERGEANT pour leur travail consid\u00e9rable, aux Directrices, aux Directeurs, Chefs de Service pour leur disponibilit\u00e9 et leur engagement m\u00eame dans les moments difficiles\u00a0!<\/p>\n<p style=\"text-align: justify\">Remerciement aussi \u00e0 notre Pr\u00e9sident, au Conseil d\u2019Administration, pour leur implication sans faille et leur engagement au service des jeunes.<\/p>\n<p style=\"text-align: justify\">Pens\u00e9e toute particuli\u00e8re pour les jeunes et plus pr\u00e9cis\u00e9ment pour nos jeunes majeurs qui subissent les contraintes li\u00e9es \u00e0 la conjoncture. F\u00e9licitations pour votre implication scolaire ou professionnelle et vos parcours au sein de nos maisons.<\/p>\n<p style=\"text-align: justify\">Merci \u00e0 tous, coll\u00e8gues, partenaires, amis qui nous t\u00e9moignez votre fid\u00e9lit\u00e9 chaque ann\u00e9e. Que cette nouvelle ann\u00e9e 2018 vous permette de r\u00e9aliser vos projets avec ambition, de vivre les choses simplement et pleinement.<\/p>\n","protected":false},"excerpt":{"rendered":"<p>Florence Mazerat, directrice g\u00e9n\u00e9rale constatait que son premier quinquennat s\u2019achevait le 1er janvier et esp\u00e9rait qu\u2019il y en aura encore<\/p>\n","protected":false},"author":288,"featured_media":3885,"comment_status":"closed","ping_status":"closed","sticky":false,"template":"","format":"standard","meta":{"colormag_page_container_layout":"default_layout","colormag_page_sidebar_layout":"default_layout","_crdt_document":"","footnotes":""},"categories":[104,5],"tags":[59],"class_list":["post-3882","post","type-post","status-publish","format-standard","has-post-thumbnail","hentry","category-la-lettre-n69","category-vie-de-lassociation","tag-florence-mazerat"],"_links":{"self":[{"href":"https:\/\/www.kananas.com\/myassociation962\/wp-json\/wp\/v2\/posts\/3882","targetHints":{"allow":["GET"]}}],"collection":[{"href":"https:\/\/www.kananas.com\/myassociation962\/wp-json\/wp\/v2\/posts"}],"about":[{"href":"https:\/\/www.kananas.com\/myassociation962\/wp-json\/wp\/v2\/types\/post"}],"author":[{"embeddable":true,"href":"https:\/\/www.kananas.com\/myassociation962\/wp-json\/wp\/v2\/users\/288"}],"replies":[{"embeddable":true,"href":"https:\/\/www.kananas.com\/myassociation962\/wp-json\/wp\/v2\/comments?post=3882"}],"version-history":[{"count":3,"href":"https:\/\/www.kananas.com\/myassociation962\/wp-json\/wp\/v2\/posts\/3882\/revisions"}],"predecessor-version":[{"id":4019,"href":"https:\/\/www.kananas.com\/myassociation962\/wp-json\/wp\/v2\/posts\/3882\/revisions\/4019"}],"wp:featuredmedia":[{"embeddable":true,"href":"https:\/\/www.kananas.com\/myassociation962\/wp-json\/wp\/v2\/media\/3885"}],"wp:attachment":[{"href":"https:\/\/www.kananas.com\/myassociation962\/wp-json\/wp\/v2\/media?parent=3882"}],"wp:term":[{"taxonomy":"category","embeddable":true,"href":"https:\/\/www.kananas.com\/myassociation962\/wp-json\/wp\/v2\/categories?post=3882"},{"taxonomy":"post_tag","embeddable":true,"href":"https:\/\/www.kananas.com\/myassociation962\/wp-json\/wp\/v2\/tags?post=3882"}],"curies":[{"name":"wp","href":"https:\/\/api.w.org\/{rel}","templated":true}]}}