{"id":3894,"date":"2018-01-17T17:25:41","date_gmt":"2018-01-17T16:25:41","guid":{"rendered":"http:\/\/www.kananas.com\/myassociation962\/?p=3894"},"modified":"2018-04-16T19:45:08","modified_gmt":"2018-04-16T17:45:08","slug":"3894-2","status":"publish","type":"post","link":"https:\/\/www.kananas.com\/myassociation962\/3894-2\/","title":{"rendered":"V\u0153ux 2018, discours de Jean-Marc Heller, Pr\u00e9sident de Chambre \u00e0 la Cour d\u2019Appel de Paris et Pr\u00e9sident de Cour d\u2019assises"},"content":{"rendered":"<p style=\"text-align: justify\"><b><i>\u00a0 M. Jean-Marc Heller, Pr\u00e9sident de Chambre \u00e0 la Cour d\u2019Appel de Paris, Pr\u00e9sident de Cour d\u2019assises, qui pr\u00e9sidait notre c\u00e9r\u00e9monie des v\u0153ux, d\u00e9clarait notamment :<\/i><\/b><\/p>\n<p style=\"text-align: justify\">\u00ab\u00a0Je dois avouer que j\u2019ai \u00e9t\u00e9 extr\u00eamement sensible \u00e0 votre invitation. Cette proposition a fait resurgir en moi tout un pass\u00e9 \u00a0professionnel durant lequel j\u2019avais crois\u00e9 l\u2019association \u00a0Concorde \u00e0 de nombreuses reprises.<\/p>\n<p style=\"text-align: justify\">Cependant, avant toute chose, je voudrais saisir cette occasion pour \u00e9voquer Marie-Foilaine DESOLNEUX qui est toujours pr\u00e9sente dans ma m\u00e9moire. En effet, lorsque j\u2019ai pris mon poste de Juge des Enfants, en septembre 1984, au Tribunal de Bobigny, c\u2019est elle qui m\u2019a \u00a0accueilli.<\/p>\n<p style=\"text-align: justify\">Tr\u00e8s rapidement, une grande proximit\u00e9 professionnelle et para-professionnelle s\u2019est install\u00e9e entre nous. Ses conseils \u00e9taient pr\u00e9cieux et toujours frapp\u00e9s de bon sens, notamment en ce qui concerne les mineurs en difficult\u00e9s dont nous avions la charge.<\/p>\n<p style=\"text-align: justify\">Encore aujourd\u2019hui les mineurs, victimes d\u2019un milieu social d\u00e9faillant ou engag\u00e9s sur la pente de la d\u00e9linquance sont souvent confondus dans les d\u00e9bats sur la justice des enfants. Ces jeunes pr\u00e9sentent souvent des difficult\u00e9s d\u00e9licates de classement et de diagnostic.<\/p>\n<p style=\"text-align: justify\"><img loading=\"lazy\" decoding=\"async\" class=\"alignleft wp-image-3961\" src=\"http:\/\/www.kananas.com\/myassociation962\/wp-content\/uploads\/sites\/280\/2018\/01\/Capture-du-2018-03-08-10-57-51.png\" alt=\"\" width=\"346\" height=\"276\" srcset=\"https:\/\/www.kananas.com\/myassociation962\/wp-content\/uploads\/sites\/280\/2018\/01\/Capture-du-2018-03-08-10-57-51.png 982w, https:\/\/www.kananas.com\/myassociation962\/wp-content\/uploads\/sites\/280\/2018\/01\/Capture-du-2018-03-08-10-57-51-300x240.png 300w, https:\/\/www.kananas.com\/myassociation962\/wp-content\/uploads\/sites\/280\/2018\/01\/Capture-du-2018-03-08-10-57-51-768x613.png 768w\" sizes=\"auto, (max-width: 346px) 100vw, 346px\" \/>Une capacit\u00e9 importante \u00e0 la r\u00e9sistance \u00e0 l\u2019institution, le renouvellement constant de situation d\u2019\u00e9chec se traduisant souvent par des passages \u00e0 l\u2019acte d\u00e9linquant, un cumul des handicaps g\u00e9n\u00e9raux, des personnalit\u00e9s tr\u00e8s d\u00e9structur\u00e9es, telles sont quelques-unes des constantes qui caract\u00e9risent ces mineurs difficiles.<\/p>\n<p style=\"text-align: justify\">Ces mineurs exigent plus que d\u2019autres d\u2019\u00eatre confront\u00e9s \u00e0 des adultes solides, coh\u00e9rents, comp\u00e9tents et capables d\u2019assurer une prise en charge, dans la dur\u00e9e, m\u00eame si le parcours est souvent \u00e9maill\u00e9 de multiples \u00e9checs et incidents.<\/p>\n<p style=\"text-align: justify\">Evoquer l\u2019AEPC, c\u2019est parler d\u2019une \u00ab\u00a0belle offre\u00a0\u00bb \u00e9ducative reconnue par tous les acteurs de la protection judiciaire de la jeunesse, \u00a0avec ses \u00e9quipes de professionnels engag\u00e9s autour de valeurs fortes telles que le respect des personnes, la tol\u00e9rance, l\u2019accueil et le refus de l\u2019exclusion sous toutes ses formes.<\/p>\n<p style=\"text-align: justify\">L\u2019AEPC sait aussi r\u00e9pondre \u00e0 des probl\u00e9matiques touchant de tr\u00e8s pr\u00e8s \u00e0 l\u2019actualit\u00e9, telles que l\u2019atteinte grave \u00e0 l\u2019ordre public \u00a0pervertissant des adolescents en devenir.<\/p>\n<p style=\"text-align: justify\">Tr\u00e8s r\u00e9cemment, dans le cadre de mes activit\u00e9s juridictionnelles lors d\u2019une de mes derni\u00e8res sessions de cour d\u2019assise des mineurs \u00e0 Bobigny, un jeune a comparu devant nous pour une affaire tr\u00e8s grave. Il n\u2019avait pas \u00e9t\u00e9 plac\u00e9 en d\u00e9tention provisoire. Le centre de placement imm\u00e9diat de Villemomble avait r\u00e9pondu \u00a0pr\u00e9sent et avait permis ainsi \u00e0 ce jeune de pouvoir r\u00e9pondre des faits graves qui lui \u00e9taient reproch\u00e9s et ce dans de bonnes conditions. L&rsquo;alternative \u00e0 l\u2019incarc\u00e9ration avait fonctionn\u00e9 et c\u2019est dire la confiance que place en vous l\u2019institution judiciaire.<\/p>\n<p style=\"text-align: justify\">Je tiens aussi \u00e0 saluer l\u2019action du pr\u00e9sident Alain JUNQUA qui conduit votre association avec d\u00e9termination et cr\u00e9ativit\u00e9, ainsi que Mme Florence MAZERAT, directrice g\u00e9n\u00e9rale pour sa conduite au quotidien de cette importante structure.<\/p>\n<p style=\"text-align: justify\">Pour conclure, c\u2019est \u00e0 Jacques BREL que je c\u00e8de la parole:<\/p>\n<p style=\"text-align: justify\">\u00a0\u00bb\u00a0<b><i>Je vous souhaite des r\u00eaves \u00e0 n\u2019en plus finir.<\/i><\/b><\/p>\n<p style=\"text-align: justify\"><b><i>Et l\u2019envie furieuse d\u2019en r\u00e9aliser quelques-uns.<\/i><\/b><\/p>\n<p style=\"text-align: justify\"><b><i>Je vous souhaite d\u2019aimer ce qu\u2019il faut aimer, et d\u2019oublier ce qu\u2019il faut oublier.<\/i><\/b><\/p>\n<p style=\"text-align: justify\"><b><i>Je vous souhaite des passions.<\/i><\/b><\/p>\n<p style=\"text-align: justify\"><b><i>Je vous souhaite des silences.<\/i><\/b><\/p>\n<p style=\"text-align: justify\"><b><i>Je vous souhaite des chants d\u2019oiseaux au r\u00e9veil, et des rires d\u2019enfants.<\/i><\/b><\/p>\n<p style=\"text-align: justify\"><b>Je vous souhaite de respecter les diff\u00e9rences des autres parce que le m\u00e9rite et la valeur de chacun sont souvent \u00e0 d\u00e9couvrir.<\/b><\/p>\n<p style=\"text-align: justify\"><b><i>Je vous souhaite de r\u00e9sister \u00e0 l\u2019enlisement, \u00e0 l\u2019indiff\u00e9rence et aux vertus n\u00e9gatives de notre \u00e9poque.<\/i><\/b><\/p>\n<p style=\"text-align: justify\"><b>Je vous souhaite enfin de ne jamais renoncer \u00e0 la recherche, \u00e0 l\u2019aventure, \u00e0 la vie, \u00e0 l\u2019amour,\u00a0car la vie est une magnifique aventure et nul de raisonnable ne doit y renoncer sans livrer une rude bataille.<\/b><\/p>\n<p style=\"text-align: justify\"><b><i>Je vous souhaite surtout d\u2019\u00eatre vous, fier de l\u2019\u00eatre et heureux, car le bonheur est notre destin v\u00e9ritable.\u00a0\u00bb<\/i><\/b><\/p>\n<p style=\"text-align: justify\"><b>BONNE ANNEE 2018 A TOUS<\/b><\/p>\n","protected":false},"excerpt":{"rendered":"<p>\u00a0 M. Jean-Marc Heller, Pr\u00e9sident de Chambre \u00e0 la Cour d\u2019Appel de Paris, Pr\u00e9sident de Cour d\u2019assises, qui pr\u00e9sidait notre<\/p>\n","protected":false},"author":288,"featured_media":3895,"comment_status":"closed","ping_status":"closed","sticky":false,"template":"","format":"standard","meta":{"colormag_page_container_layout":"default_layout","colormag_page_sidebar_layout":"default_layout","_crdt_document":"","footnotes":""},"categories":[104,5],"tags":[],"class_list":["post-3894","post","type-post","status-publish","format-standard","has-post-thumbnail","hentry","category-la-lettre-n69","category-vie-de-lassociation"],"_links":{"self":[{"href":"https:\/\/www.kananas.com\/myassociation962\/wp-json\/wp\/v2\/posts\/3894","targetHints":{"allow":["GET"]}}],"collection":[{"href":"https:\/\/www.kananas.com\/myassociation962\/wp-json\/wp\/v2\/posts"}],"about":[{"href":"https:\/\/www.kananas.com\/myassociation962\/wp-json\/wp\/v2\/types\/post"}],"author":[{"embeddable":true,"href":"https:\/\/www.kananas.com\/myassociation962\/wp-json\/wp\/v2\/users\/288"}],"replies":[{"embeddable":true,"href":"https:\/\/www.kananas.com\/myassociation962\/wp-json\/wp\/v2\/comments?post=3894"}],"version-history":[{"count":8,"href":"https:\/\/www.kananas.com\/myassociation962\/wp-json\/wp\/v2\/posts\/3894\/revisions"}],"predecessor-version":[{"id":4021,"href":"https:\/\/www.kananas.com\/myassociation962\/wp-json\/wp\/v2\/posts\/3894\/revisions\/4021"}],"wp:featuredmedia":[{"embeddable":true,"href":"https:\/\/www.kananas.com\/myassociation962\/wp-json\/wp\/v2\/media\/3895"}],"wp:attachment":[{"href":"https:\/\/www.kananas.com\/myassociation962\/wp-json\/wp\/v2\/media?parent=3894"}],"wp:term":[{"taxonomy":"category","embeddable":true,"href":"https:\/\/www.kananas.com\/myassociation962\/wp-json\/wp\/v2\/categories?post=3894"},{"taxonomy":"post_tag","embeddable":true,"href":"https:\/\/www.kananas.com\/myassociation962\/wp-json\/wp\/v2\/tags?post=3894"}],"curies":[{"name":"wp","href":"https:\/\/api.w.org\/{rel}","templated":true}]}}