{"id":4036,"date":"2018-05-02T17:49:55","date_gmt":"2018-05-02T15:49:55","guid":{"rendered":"http:\/\/www.kananas.com\/myassociation962\/?p=4036"},"modified":"2018-05-02T18:06:02","modified_gmt":"2018-05-02T16:06:02","slug":"a-chevreul-et-ailleurs-le-voyage-extraordinaire","status":"publish","type":"post","link":"https:\/\/www.kananas.com\/myassociation962\/a-chevreul-et-ailleurs-le-voyage-extraordinaire\/","title":{"rendered":"A Chevreul et ailleurs, le voyage extraordinaire"},"content":{"rendered":"<p style=\"text-align: justify\">Blanche Heugel marionnettiste en r\u00e9sidence \u00e0 Clichy-sous- Bois et Montfermeil de septembre 2016 \u00e0 janvier 2017, dans le cadre d\u2019un contrat local d\u2019\u00e9ducation artistique, relate ses belles rencontres dans son \u00ab carnet de r\u00e9sidence \u00bb. C\u2019est avec beaucoup d\u2019humour et de tendresse qu\u2019elle revit sa rencontre avec les jeunes de la maison Chevreul, un soir, vers 20 heures : \u00ab \u2026 je me sens tr\u00e8s bien, comme dans une vraie maison de conte de f\u00e9es. Comme dans un refuge qu\u2019on trouve apr\u00e8s des heures \u00e0 errer dans la for\u00eat\u2026 j\u2019ai tr\u00e8s envie de travailler avec ces jeunes. Ils sont beaux. On pourrait raconter les histoires fantastiques de la for\u00eat de Bondy\u2026 \u00bb Quelques semaines plus tard, elle transforme la salle \u00e0 manger de Chevreul en th\u00e9\u00e2tre : \u00ab ils s\u2019essaient au jeu de des silhouettes et du th\u00e9\u00e2tre d\u2019ombres. C\u2019est l\u2019\u00e9clatement g\u00e9n\u00e9ral ! J\u2019ai l\u2019impression de me trouver au milieu d\u2019une joyeuse sarabande ! Un tr\u00e8s heureux moment\u2026 \u00bb Elle se souvient bien de Mehdi, \u00ab qui ira jusqu\u2019au bout de l\u2019aventure, jusqu\u2019au spectacle, avec beaucoup de c\u0153ur et de g\u00e9n\u00e9rosit\u00e9 d\u2019ailleurs. \u00bb<\/p>\n<p style=\"text-align: right\">Pierre Girault, administrateur<\/p>\n","protected":false},"excerpt":{"rendered":"<p>Blanche Heugel marionnettiste en r\u00e9sidence \u00e0 Clichy-sous- Bois et Montfermeil de septembre 2016 \u00e0 janvier 2017, dans le cadre d\u2019un<\/p>\n","protected":false},"author":288,"featured_media":4043,"comment_status":"closed","ping_status":"closed","sticky":false,"template":"","format":"standard","meta":{"colormag_page_container_layout":"default_layout","colormag_page_sidebar_layout":"default_layout","_crdt_document":"","footnotes":""},"categories":[116,4],"tags":[61],"class_list":["post-4036","post","type-post","status-publish","format-standard","has-post-thumbnail","hentry","category-la-lettre-n70","category-vie-des-maisons","tag-pierre-girault"],"_links":{"self":[{"href":"https:\/\/www.kananas.com\/myassociation962\/wp-json\/wp\/v2\/posts\/4036","targetHints":{"allow":["GET"]}}],"collection":[{"href":"https:\/\/www.kananas.com\/myassociation962\/wp-json\/wp\/v2\/posts"}],"about":[{"href":"https:\/\/www.kananas.com\/myassociation962\/wp-json\/wp\/v2\/types\/post"}],"author":[{"embeddable":true,"href":"https:\/\/www.kananas.com\/myassociation962\/wp-json\/wp\/v2\/users\/288"}],"replies":[{"embeddable":true,"href":"https:\/\/www.kananas.com\/myassociation962\/wp-json\/wp\/v2\/comments?post=4036"}],"version-history":[{"count":1,"href":"https:\/\/www.kananas.com\/myassociation962\/wp-json\/wp\/v2\/posts\/4036\/revisions"}],"predecessor-version":[{"id":4038,"href":"https:\/\/www.kananas.com\/myassociation962\/wp-json\/wp\/v2\/posts\/4036\/revisions\/4038"}],"wp:featuredmedia":[{"embeddable":true,"href":"https:\/\/www.kananas.com\/myassociation962\/wp-json\/wp\/v2\/media\/4043"}],"wp:attachment":[{"href":"https:\/\/www.kananas.com\/myassociation962\/wp-json\/wp\/v2\/media?parent=4036"}],"wp:term":[{"taxonomy":"category","embeddable":true,"href":"https:\/\/www.kananas.com\/myassociation962\/wp-json\/wp\/v2\/categories?post=4036"},{"taxonomy":"post_tag","embeddable":true,"href":"https:\/\/www.kananas.com\/myassociation962\/wp-json\/wp\/v2\/tags?post=4036"}],"curies":[{"name":"wp","href":"https:\/\/api.w.org\/{rel}","templated":true}]}}