{"id":4039,"date":"2018-05-02T17:58:54","date_gmt":"2018-05-02T15:58:54","guid":{"rendered":"http:\/\/www.kananas.com\/myassociation962\/?p=4039"},"modified":"2018-05-02T18:08:24","modified_gmt":"2018-05-02T16:08:24","slug":"bonne-peche","status":"publish","type":"post","link":"https:\/\/www.kananas.com\/myassociation962\/bonne-peche\/","title":{"rendered":"Bonne p\u00eache"},"content":{"rendered":"<p style=\"text-align: justify\"><img loading=\"lazy\" decoding=\"async\" class=\" wp-image-4041 alignleft\" src=\"http:\/\/www.kananas.com\/myassociation962\/wp-content\/uploads\/sites\/280\/2018\/05\/peche_censored.jpg\" alt=\"\" width=\"321\" height=\"179\" srcset=\"https:\/\/www.kananas.com\/myassociation962\/wp-content\/uploads\/sites\/280\/2018\/05\/peche_censored.jpg 491w, https:\/\/www.kananas.com\/myassociation962\/wp-content\/uploads\/sites\/280\/2018\/05\/peche_censored-300x167.jpg 300w\" sizes=\"auto, (max-width: 321px) 100vw, 321px\" \/>Samedi 24 mars apr\u00e8s un r\u00e9veil tr\u00e8s matinal, \u00e0 5h30, un groupe de jeunes de la maison Chevreul, accompagn\u00e9 par Fabien et Thibault, vivait l\u2019ouverture de la p\u00eache. Et les poissons \u00e9taient au rendez-vous. L\u2019activit\u00e9 s\u2019av\u00e9ra tr\u00e8s fructueuse et, revenu au foyer, les jeunes ont pr\u00e9par\u00e9 et d\u00e9gust\u00e9 leur propre p\u00eache. Tr\u00e8s vite, il ne resta que les ar\u00eates !.<\/p>\n","protected":false},"excerpt":{"rendered":"<p>Samedi 24 mars apr\u00e8s un r\u00e9veil tr\u00e8s matinal, \u00e0 5h30, un groupe de jeunes de la maison Chevreul, accompagn\u00e9 par<\/p>\n","protected":false},"author":288,"featured_media":4044,"comment_status":"closed","ping_status":"closed","sticky":false,"template":"","format":"standard","meta":{"colormag_page_container_layout":"default_layout","colormag_page_sidebar_layout":"default_layout","_crdt_document":"","footnotes":""},"categories":[116,4],"tags":[],"class_list":["post-4039","post","type-post","status-publish","format-standard","has-post-thumbnail","hentry","category-la-lettre-n70","category-vie-des-maisons"],"_links":{"self":[{"href":"https:\/\/www.kananas.com\/myassociation962\/wp-json\/wp\/v2\/posts\/4039","targetHints":{"allow":["GET"]}}],"collection":[{"href":"https:\/\/www.kananas.com\/myassociation962\/wp-json\/wp\/v2\/posts"}],"about":[{"href":"https:\/\/www.kananas.com\/myassociation962\/wp-json\/wp\/v2\/types\/post"}],"author":[{"embeddable":true,"href":"https:\/\/www.kananas.com\/myassociation962\/wp-json\/wp\/v2\/users\/288"}],"replies":[{"embeddable":true,"href":"https:\/\/www.kananas.com\/myassociation962\/wp-json\/wp\/v2\/comments?post=4039"}],"version-history":[{"count":1,"href":"https:\/\/www.kananas.com\/myassociation962\/wp-json\/wp\/v2\/posts\/4039\/revisions"}],"predecessor-version":[{"id":4042,"href":"https:\/\/www.kananas.com\/myassociation962\/wp-json\/wp\/v2\/posts\/4039\/revisions\/4042"}],"wp:featuredmedia":[{"embeddable":true,"href":"https:\/\/www.kananas.com\/myassociation962\/wp-json\/wp\/v2\/media\/4044"}],"wp:attachment":[{"href":"https:\/\/www.kananas.com\/myassociation962\/wp-json\/wp\/v2\/media?parent=4039"}],"wp:term":[{"taxonomy":"category","embeddable":true,"href":"https:\/\/www.kananas.com\/myassociation962\/wp-json\/wp\/v2\/categories?post=4039"},{"taxonomy":"post_tag","embeddable":true,"href":"https:\/\/www.kananas.com\/myassociation962\/wp-json\/wp\/v2\/tags?post=4039"}],"curies":[{"name":"wp","href":"https:\/\/api.w.org\/{rel}","templated":true}]}}