{"id":4088,"date":"2018-06-07T12:29:07","date_gmt":"2018-06-07T10:29:07","guid":{"rendered":"http:\/\/www.kananas.com\/myassociation962\/?p=4088"},"modified":"2018-12-07T12:53:04","modified_gmt":"2018-12-07T11:53:04","slug":"cueillette-a-la-ferme","status":"publish","type":"post","link":"https:\/\/www.kananas.com\/myassociation962\/cueillette-a-la-ferme\/","title":{"rendered":"Cueillette \u00e0 la ferme"},"content":{"rendered":"<p>Qui ne connait pas Paula Valente, notre cuisini\u00e8re de Chevreul ? Elle \u0153uvre avec les autres \u00ab cuistots \u00bb de l\u2019AEPC pour les v\u0153ux, l\u2019Assembl\u00e9 G\u00e9n\u00e9rale et d\u2019autres grands \u00e9v\u00e8nements o\u00f9 sont pr\u00e9par\u00e9s de magnifiques buffets. Et bien maintenant, Paula part en cueillette avec les jeunes le mercredi apr\u00e8s-midi dans une ferme en Seine-et-Marne. Cette nouvelle activit\u00e9 lui a permis de faire des confitures avec les gar\u00e7ons qui ont aussi confectionn\u00e9 de d\u00e9licieuses tartes aux pommes. Avec Paula, l\u2019\u00e9ducatif est aussi dans nos assiettes. Merci pour ton tr\u00e8s grand d\u00e9vouement.<\/p>\n<p style=\"text-align: right\">Philippe Allard, chef de service<\/p>\n<p>&nbsp;<\/p>\n","protected":false},"excerpt":{"rendered":"<p>Qui ne connait pas Paula Valente, notre cuisini\u00e8re de Chevreul ? Elle \u0153uvre avec les autres \u00ab cuistots \u00bb de<\/p>\n","protected":false},"author":288,"featured_media":4093,"comment_status":"closed","ping_status":"closed","sticky":false,"template":"","format":"standard","meta":{"colormag_page_container_layout":"default_layout","colormag_page_sidebar_layout":"default_layout","_crdt_document":"","footnotes":""},"categories":[116,4],"tags":[89],"class_list":["post-4088","post","type-post","status-publish","format-standard","has-post-thumbnail","hentry","category-la-lettre-n70","category-vie-des-maisons","tag-philippe-allard"],"_links":{"self":[{"href":"https:\/\/www.kananas.com\/myassociation962\/wp-json\/wp\/v2\/posts\/4088","targetHints":{"allow":["GET"]}}],"collection":[{"href":"https:\/\/www.kananas.com\/myassociation962\/wp-json\/wp\/v2\/posts"}],"about":[{"href":"https:\/\/www.kananas.com\/myassociation962\/wp-json\/wp\/v2\/types\/post"}],"author":[{"embeddable":true,"href":"https:\/\/www.kananas.com\/myassociation962\/wp-json\/wp\/v2\/users\/288"}],"replies":[{"embeddable":true,"href":"https:\/\/www.kananas.com\/myassociation962\/wp-json\/wp\/v2\/comments?post=4088"}],"version-history":[{"count":1,"href":"https:\/\/www.kananas.com\/myassociation962\/wp-json\/wp\/v2\/posts\/4088\/revisions"}],"predecessor-version":[{"id":4090,"href":"https:\/\/www.kananas.com\/myassociation962\/wp-json\/wp\/v2\/posts\/4088\/revisions\/4090"}],"wp:featuredmedia":[{"embeddable":true,"href":"https:\/\/www.kananas.com\/myassociation962\/wp-json\/wp\/v2\/media\/4093"}],"wp:attachment":[{"href":"https:\/\/www.kananas.com\/myassociation962\/wp-json\/wp\/v2\/media?parent=4088"}],"wp:term":[{"taxonomy":"category","embeddable":true,"href":"https:\/\/www.kananas.com\/myassociation962\/wp-json\/wp\/v2\/categories?post=4088"},{"taxonomy":"post_tag","embeddable":true,"href":"https:\/\/www.kananas.com\/myassociation962\/wp-json\/wp\/v2\/tags?post=4088"}],"curies":[{"name":"wp","href":"https:\/\/api.w.org\/{rel}","templated":true}]}}