{"id":4094,"date":"2018-06-07T15:29:46","date_gmt":"2018-06-07T13:29:46","guid":{"rendered":"http:\/\/www.kananas.com\/myassociation962\/?p=4094"},"modified":"2018-12-07T14:35:59","modified_gmt":"2018-12-07T13:35:59","slug":"les-clarines-un-beau-chalet-jurassien-pour-tous-les-jeunes-de-concorde","status":"publish","type":"post","link":"https:\/\/www.kananas.com\/myassociation962\/les-clarines-un-beau-chalet-jurassien-pour-tous-les-jeunes-de-concorde\/","title":{"rendered":"\u00ab Les Clarines \u00bb, un beau chalet jurassien pour tous les jeunes de Concorde"},"content":{"rendered":"<p>L\u2019Association \u00ab Les Amis de La Caravane \u00bb, dans la continuit\u00e9 de la fusion-absorption de la maison d\u2019enfants La Caravane d\u00e9sormais g\u00e9r\u00e9e par l\u2019AEPC, a fait don de son chalet \u00ab Les Clarines \u00bb situ\u00e9 \u00e0 Entre-Deux-Monts dans le Jura (39). Les deux pr\u00e9sidents, Messieurs Alain Junqua pour l\u2019AEPC et Michel Bourgeois pour les Amis de La Caravane ont sign\u00e9 la donation chez le notaire, le 25 juillet 2018. Depuis sa cr\u00e9ation, ce chalet avait vocation \u00e0 accueillir sur des temps de vacances, des enfants et des adultes de la maison familiale \u00ab La Caravane \u00bb. Un lien quasi mythique s\u2019\u00e9tait tiss\u00e9 entre ce lieu et ceux qui le fr\u00e9quentaient. Afin de poursuivre dans cette voie, Concorde s\u2019est engag\u00e9 \u00e0 faire vivre \u00ab Les Clarines \u00bb avec l\u2019ensemble de ses maisons d\u2019enfants. Cet \u00e9t\u00e9, les maisons de \u00ab La Caravane \u00bb, le \u00ab Relais Ados \u00bb et le \u00ab METADAP \u00bb y ont pass\u00e9 d\u2019excellentes vacances agr\u00e9ment\u00e9es d\u2019un temps exceptionnel. Tout sera mis en \u0153uvre pour faire vivre cette belle demeure.<\/p>\n<p><strong>Nouvelle vocation pour la maison de Vertault Une page se tourne &#8230;.<\/strong><br \/>\nLa vente de notre belle demeure de C\u00f4te d\u2019Or a eu lieu le 8 juin 2018 \u00e0 Montbard. Si nous \u00e9tions pein\u00e9s \u00ab d\u2019abandonner Vertault \u00bb au profit du chalet \u00ab Les Clarines \u00bb dans le Jura, nous sommes tr\u00e8s heureux que cette maison ait de belles ann\u00e9es devant elle pour rendre bien des services, notamment au Club Unesco. Monsieur Daniel Hamrol en est l\u2019heureux propri\u00e9taire. Il nous a gentiment invit\u00e9s \u00e0 y venir quand nous le souhaitions.<\/p>\n<p style=\"text-align: right\"><strong>Florence Mazerat, directrice g\u00e9n\u00e9rale<\/strong><\/p>\n","protected":false},"excerpt":{"rendered":"<p>L\u2019Association \u00ab Les Amis de La Caravane \u00bb, dans la continuit\u00e9 de la fusion-absorption de la maison d\u2019enfants La Caravane<\/p>\n","protected":false},"author":288,"featured_media":4095,"comment_status":"closed","ping_status":"closed","sticky":false,"template":"","format":"standard","meta":{"colormag_page_container_layout":"default_layout","colormag_page_sidebar_layout":"default_layout","_crdt_document":"","footnotes":""},"categories":[116,4],"tags":[59],"class_list":["post-4094","post","type-post","status-publish","format-standard","has-post-thumbnail","hentry","category-la-lettre-n70","category-vie-des-maisons","tag-florence-mazerat"],"_links":{"self":[{"href":"https:\/\/www.kananas.com\/myassociation962\/wp-json\/wp\/v2\/posts\/4094","targetHints":{"allow":["GET"]}}],"collection":[{"href":"https:\/\/www.kananas.com\/myassociation962\/wp-json\/wp\/v2\/posts"}],"about":[{"href":"https:\/\/www.kananas.com\/myassociation962\/wp-json\/wp\/v2\/types\/post"}],"author":[{"embeddable":true,"href":"https:\/\/www.kananas.com\/myassociation962\/wp-json\/wp\/v2\/users\/288"}],"replies":[{"embeddable":true,"href":"https:\/\/www.kananas.com\/myassociation962\/wp-json\/wp\/v2\/comments?post=4094"}],"version-history":[{"count":2,"href":"https:\/\/www.kananas.com\/myassociation962\/wp-json\/wp\/v2\/posts\/4094\/revisions"}],"predecessor-version":[{"id":4097,"href":"https:\/\/www.kananas.com\/myassociation962\/wp-json\/wp\/v2\/posts\/4094\/revisions\/4097"}],"wp:featuredmedia":[{"embeddable":true,"href":"https:\/\/www.kananas.com\/myassociation962\/wp-json\/wp\/v2\/media\/4095"}],"wp:attachment":[{"href":"https:\/\/www.kananas.com\/myassociation962\/wp-json\/wp\/v2\/media?parent=4094"}],"wp:term":[{"taxonomy":"category","embeddable":true,"href":"https:\/\/www.kananas.com\/myassociation962\/wp-json\/wp\/v2\/categories?post=4094"},{"taxonomy":"post_tag","embeddable":true,"href":"https:\/\/www.kananas.com\/myassociation962\/wp-json\/wp\/v2\/tags?post=4094"}],"curies":[{"name":"wp","href":"https:\/\/api.w.org\/{rel}","templated":true}]}}