{"id":4105,"date":"2018-06-07T12:46:58","date_gmt":"2018-06-07T10:46:58","guid":{"rendered":"http:\/\/www.kananas.com\/myassociation962\/?p=4105"},"modified":"2018-12-07T14:53:54","modified_gmt":"2018-12-07T13:53:54","slug":"fete-des-voisins-un-dixieme-anniversaire-pour-la-maison-chevreul","status":"publish","type":"post","link":"https:\/\/www.kananas.com\/myassociation962\/fete-des-voisins-un-dixieme-anniversaire-pour-la-maison-chevreul\/","title":{"rendered":"F\u00eate des Voisins, un dixi\u00e8me anniversaire pour la maison Chevreul"},"content":{"rendered":"<p style=\"text-align: justify\"><img loading=\"lazy\" decoding=\"async\" class=\"size-full wp-image-4107 alignleft\" src=\"http:\/\/www.kananas.com\/myassociation962\/wp-content\/uploads\/sites\/280\/2018\/12\/C2.png\" alt=\"\" width=\"231\" height=\"373\" srcset=\"https:\/\/www.kananas.com\/myassociation962\/wp-content\/uploads\/sites\/280\/2018\/12\/C2.png 231w, https:\/\/www.kananas.com\/myassociation962\/wp-content\/uploads\/sites\/280\/2018\/12\/C2-186x300.png 186w\" sizes=\"auto, (max-width: 231px) 100vw, 231px\" \/>Depuis 10 ans d\u00e9j\u00e0, Chevreul est inscrit comme p\u00f4le officiel pour l\u2019organisation et l\u2019accueil de la f\u00eate des voisins.<\/p>\n<p style=\"text-align: justify\">Ce 25 mai 2018, une vingtaine de voisins et amis ainsi que des partenaires se sont r\u00e9unis pour partager un repas avec les jeunes dans une ambiance conviviale. Cette f\u00eate est chaque ann\u00e9e tr\u00e8s attendue par les jeunes que nous accueillons et qui sont fiers de pr\u00e9senter leur maison d\u2019adoption. Malgr\u00e9 les caprices m\u00e9t\u00e9orologiques, la bonne humeur et le partage furent au rendez-vous. Notons la pr\u00e9sence de Mmes Ang\u00e9lique Planet-Ledieu, Nafi Siby, conseill\u00e8res municipales de Montfermeil et Dominique Dellac, conseill\u00e8re d\u00e9partementale, qui ont pu appr\u00e9cier ce moment de partage fraternel.<\/p>\n<p style=\"text-align: right\">Sylvain Lesueur, directeur de service<\/p>\n","protected":false},"excerpt":{"rendered":"<p>Depuis 10 ans d\u00e9j\u00e0, Chevreul est inscrit comme p\u00f4le officiel pour l\u2019organisation et l\u2019accueil de la f\u00eate des voisins. Ce<\/p>\n","protected":false},"author":288,"featured_media":4106,"comment_status":"closed","ping_status":"closed","sticky":false,"template":"","format":"standard","meta":{"colormag_page_container_layout":"default_layout","colormag_page_sidebar_layout":"default_layout","_crdt_document":"","footnotes":""},"categories":[116,4],"tags":[79],"class_list":["post-4105","post","type-post","status-publish","format-standard","has-post-thumbnail","hentry","category-la-lettre-n70","category-vie-des-maisons","tag-sylvain-lesueur"],"_links":{"self":[{"href":"https:\/\/www.kananas.com\/myassociation962\/wp-json\/wp\/v2\/posts\/4105","targetHints":{"allow":["GET"]}}],"collection":[{"href":"https:\/\/www.kananas.com\/myassociation962\/wp-json\/wp\/v2\/posts"}],"about":[{"href":"https:\/\/www.kananas.com\/myassociation962\/wp-json\/wp\/v2\/types\/post"}],"author":[{"embeddable":true,"href":"https:\/\/www.kananas.com\/myassociation962\/wp-json\/wp\/v2\/users\/288"}],"replies":[{"embeddable":true,"href":"https:\/\/www.kananas.com\/myassociation962\/wp-json\/wp\/v2\/comments?post=4105"}],"version-history":[{"count":1,"href":"https:\/\/www.kananas.com\/myassociation962\/wp-json\/wp\/v2\/posts\/4105\/revisions"}],"predecessor-version":[{"id":4108,"href":"https:\/\/www.kananas.com\/myassociation962\/wp-json\/wp\/v2\/posts\/4105\/revisions\/4108"}],"wp:featuredmedia":[{"embeddable":true,"href":"https:\/\/www.kananas.com\/myassociation962\/wp-json\/wp\/v2\/media\/4106"}],"wp:attachment":[{"href":"https:\/\/www.kananas.com\/myassociation962\/wp-json\/wp\/v2\/media?parent=4105"}],"wp:term":[{"taxonomy":"category","embeddable":true,"href":"https:\/\/www.kananas.com\/myassociation962\/wp-json\/wp\/v2\/categories?post=4105"},{"taxonomy":"post_tag","embeddable":true,"href":"https:\/\/www.kananas.com\/myassociation962\/wp-json\/wp\/v2\/tags?post=4105"}],"curies":[{"name":"wp","href":"https:\/\/api.w.org\/{rel}","templated":true}]}}