{"id":4136,"date":"2018-09-21T16:04:03","date_gmt":"2018-09-21T14:04:03","guid":{"rendered":"http:\/\/www.kananas.com\/myassociation962\/?p=4136"},"modified":"2018-12-07T23:17:48","modified_gmt":"2018-12-07T22:17:48","slug":"le-peintre-gustav-klimt-seduit-les-jeunes-de-latelier-scolaire","status":"publish","type":"post","link":"https:\/\/www.kananas.com\/myassociation962\/le-peintre-gustav-klimt-seduit-les-jeunes-de-latelier-scolaire\/","title":{"rendered":"Le peintre Gustav Klimt s\u00e9duit les jeunes de l\u2019atelier scolaire"},"content":{"rendered":"<p style=\"text-align: justify\">Situ\u00e9 entre Bastille et Nation, dans une ancienne fonderie du XI \u00e8me arrondissement parisien, l\u2019Atelier des Lumi\u00e8res propose des expositions num\u00e9riques immersives monumentales diffus\u00e9es en continu. Avec 140 vid\u00e9oprojecteurs et une sonorisation spatialis\u00e9e, cet \u00e9quipement multim\u00e9dia unique en son genre \u00e9pouse 3 300 m2 de surfaces, du sol au plafond, avec des murs s\u2019\u00e9levant jusqu\u2019\u00e0 10 m\u00e8tres. Pour son ouverture, l\u2019exposition \u00e9tait consacr\u00e9e \u00e0 Gustave Klimt. Nous avons choisi cet endroit pour notre sortie de fin d\u2019ann\u00e9e estimant que pour les jeunes de l\u2019atelier<br \/>\nscolaire il y serait plus abordable et ludique de d\u00e9couvrir un peintre que dans un mus\u00e9e classique o\u00f9 les toiles sont fig\u00e9es. Sans \u00e9tonnement, tous ont appr\u00e9ci\u00e9 le lieu et certains m\u00eame se sont mis spontan\u00e9ment \u00e0 danser en jouant avec la lumi\u00e8re des toiles projet\u00e9es au sol et au son de la musique classique qui \u00e9tait diffus\u00e9e. Dans un immense espace, il est possible de se d\u00e9placer pendant la projection. Cette exposition se prolonge jusqu\u2019au 6 janvier prochain, et nous vous invitons \u00e0 vous y rendre, en sachant qu\u2019elle peut plaire \u00e0 tout \u00e2ge. Apr\u00e8s un pique-nique dans un des nombreux jolis parcs de Paris, nous avons rejoint le port de la Bastille \u00e0 pied et fl\u00e2n\u00e9 le long des berges sous un beau soleil. Ce fut une tr\u00e8s belle journ\u00e9e.<\/p>\n<p style=\"text-align: right\">Carol Spence, \u00e9ducatrice scolaire<\/p>\n","protected":false},"excerpt":{"rendered":"<p>Situ\u00e9 entre Bastille et Nation, dans une ancienne fonderie du XI \u00e8me arrondissement parisien, l\u2019Atelier des Lumi\u00e8res propose des expositions<\/p>\n","protected":false},"author":288,"featured_media":4138,"comment_status":"closed","ping_status":"closed","sticky":false,"template":"","format":"standard","meta":{"colormag_page_container_layout":"default_layout","colormag_page_sidebar_layout":"default_layout","_crdt_document":"","footnotes":""},"categories":[116,5],"tags":[101],"class_list":["post-4136","post","type-post","status-publish","format-standard","has-post-thumbnail","hentry","category-la-lettre-n70","category-vie-de-lassociation","tag-carol-spence"],"_links":{"self":[{"href":"https:\/\/www.kananas.com\/myassociation962\/wp-json\/wp\/v2\/posts\/4136","targetHints":{"allow":["GET"]}}],"collection":[{"href":"https:\/\/www.kananas.com\/myassociation962\/wp-json\/wp\/v2\/posts"}],"about":[{"href":"https:\/\/www.kananas.com\/myassociation962\/wp-json\/wp\/v2\/types\/post"}],"author":[{"embeddable":true,"href":"https:\/\/www.kananas.com\/myassociation962\/wp-json\/wp\/v2\/users\/288"}],"replies":[{"embeddable":true,"href":"https:\/\/www.kananas.com\/myassociation962\/wp-json\/wp\/v2\/comments?post=4136"}],"version-history":[{"count":2,"href":"https:\/\/www.kananas.com\/myassociation962\/wp-json\/wp\/v2\/posts\/4136\/revisions"}],"predecessor-version":[{"id":4140,"href":"https:\/\/www.kananas.com\/myassociation962\/wp-json\/wp\/v2\/posts\/4136\/revisions\/4140"}],"wp:featuredmedia":[{"embeddable":true,"href":"https:\/\/www.kananas.com\/myassociation962\/wp-json\/wp\/v2\/media\/4138"}],"wp:attachment":[{"href":"https:\/\/www.kananas.com\/myassociation962\/wp-json\/wp\/v2\/media?parent=4136"}],"wp:term":[{"taxonomy":"category","embeddable":true,"href":"https:\/\/www.kananas.com\/myassociation962\/wp-json\/wp\/v2\/categories?post=4136"},{"taxonomy":"post_tag","embeddable":true,"href":"https:\/\/www.kananas.com\/myassociation962\/wp-json\/wp\/v2\/tags?post=4136"}],"curies":[{"name":"wp","href":"https:\/\/api.w.org\/{rel}","templated":true}]}}