{"id":4142,"date":"2018-09-28T16:12:24","date_gmt":"2018-09-28T14:12:24","guid":{"rendered":"http:\/\/www.kananas.com\/myassociation962\/?p=4142"},"modified":"2018-12-07T23:17:13","modified_gmt":"2018-12-07T22:17:13","slug":"4142-2","status":"publish","type":"post","link":"https:\/\/www.kananas.com\/myassociation962\/4142-2\/","title":{"rendered":"Les jeunes de Chevreul au th\u00e9\u00e2tre EL DUENDE"},"content":{"rendered":"<p style=\"text-align: justify\">Apr\u00e8s leur succ\u00e8s lors des journ\u00e9es de l\u2019Association Nationale des Maisons d\u2019Enfants \u00e0 Caract\u00e8re Social (l\u2019ANMECS) en mars 2017 \u00e0 l\u2019UNESCO, nos jeunes artistes sont remont\u00e9s sur \u00ab les planches \u00bb avec la compagnie EL DUENDE. Accueillis par l\u2019ensemble de la troupe dans leur Th\u00e9\u00e2tre, ils n\u2019ont pas eu de cours avec un professeur mais ont beaucoup \u00e9chang\u00e9 avec les com\u00e9diens et ont rapidement fait partie de la \u00ab famille \u00bb. On danse, on chante, on joue la com\u00e9die, on fait le clown&#8230; mais surtout on rencontre des artistes qui sont \u00e0 l\u2019\u00e9coute et la magie op\u00e8re. Les jeunes prennent confiance, se lib\u00e8rent et nous offrent le meilleur d\u2019eux-m\u00eames. Ils se surpassent, surmontent les peurs et les appr\u00e9hensions, t\u00e9moignent de leur affection et se respectent. Ils exp\u00e9rimentent \u00e9galement des attitudes qui leurs font tant d\u00e9faut : l\u2019\u00e9coute et la concentration. La repr\u00e9sentation a eu lieu au Th\u00e9\u00e2tre EL DUENDE \u00e0 Ivry, le samedi 2 juin 2018, dans le cadre du \u00ab OUF FESTIVAL \u00bb de la Ville. Un immense merci \u00e0 Servane, Morgane et Abdel pour leur investissement, leur r\u00f4le dans la pi\u00e8ce et leur bonne humeur. Une tr\u00e8s belle aventure qui fait du bien \u00e0 tout le monde.<\/p>\n<p style=\"text-align: justify\">Je sais d\u00e9j\u00e0 que je peux compter sur eux pour le prochain projet en 2019 \u00e0 l\u2019occasion du 50\u00e8me anniversaire de l\u2019AEPC.<\/p>\n<p style=\"text-align: right\">Philippe Allard, chef de service<\/p>\n","protected":false},"excerpt":{"rendered":"<p>Apr\u00e8s leur succ\u00e8s lors des journ\u00e9es de l\u2019Association Nationale des Maisons d\u2019Enfants \u00e0 Caract\u00e8re Social (l\u2019ANMECS) en mars 2017 \u00e0<\/p>\n","protected":false},"author":288,"featured_media":4143,"comment_status":"closed","ping_status":"closed","sticky":false,"template":"","format":"standard","meta":{"colormag_page_container_layout":"default_layout","colormag_page_sidebar_layout":"default_layout","_crdt_document":"","footnotes":""},"categories":[116,5],"tags":[89],"class_list":["post-4142","post","type-post","status-publish","format-standard","has-post-thumbnail","hentry","category-la-lettre-n70","category-vie-de-lassociation","tag-philippe-allard"],"_links":{"self":[{"href":"https:\/\/www.kananas.com\/myassociation962\/wp-json\/wp\/v2\/posts\/4142","targetHints":{"allow":["GET"]}}],"collection":[{"href":"https:\/\/www.kananas.com\/myassociation962\/wp-json\/wp\/v2\/posts"}],"about":[{"href":"https:\/\/www.kananas.com\/myassociation962\/wp-json\/wp\/v2\/types\/post"}],"author":[{"embeddable":true,"href":"https:\/\/www.kananas.com\/myassociation962\/wp-json\/wp\/v2\/users\/288"}],"replies":[{"embeddable":true,"href":"https:\/\/www.kananas.com\/myassociation962\/wp-json\/wp\/v2\/comments?post=4142"}],"version-history":[{"count":3,"href":"https:\/\/www.kananas.com\/myassociation962\/wp-json\/wp\/v2\/posts\/4142\/revisions"}],"predecessor-version":[{"id":4146,"href":"https:\/\/www.kananas.com\/myassociation962\/wp-json\/wp\/v2\/posts\/4142\/revisions\/4146"}],"wp:featuredmedia":[{"embeddable":true,"href":"https:\/\/www.kananas.com\/myassociation962\/wp-json\/wp\/v2\/media\/4143"}],"wp:attachment":[{"href":"https:\/\/www.kananas.com\/myassociation962\/wp-json\/wp\/v2\/media?parent=4142"}],"wp:term":[{"taxonomy":"category","embeddable":true,"href":"https:\/\/www.kananas.com\/myassociation962\/wp-json\/wp\/v2\/categories?post=4142"},{"taxonomy":"post_tag","embeddable":true,"href":"https:\/\/www.kananas.com\/myassociation962\/wp-json\/wp\/v2\/tags?post=4142"}],"curies":[{"name":"wp","href":"https:\/\/api.w.org\/{rel}","templated":true}]}}